{"id":11710,"date":"2020-07-01T18:11:05","date_gmt":"2020-07-01T21:11:05","guid":{"rendered":"http:\/\/4cantosalagoas.com.br\/portal\/?p=11710"},"modified":"2020-07-01T18:11:09","modified_gmt":"2020-07-01T21:11:09","slug":"procon-maceio-realiza-pesquisa-de-precos-em-itens-essenciais","status":"publish","type":"post","link":"https:\/\/4cantosalagoas.com.br\/portal\/procon-maceio-realiza-pesquisa-de-precos-em-itens-essenciais\/","title":{"rendered":"Procon Macei\u00f3 realiza pesquisa de pre\u00e7os em itens essenciais"},"content":{"rendered":"\n<figure class=\"wp-block-image\"><img fetchpriority=\"high\" decoding=\"async\" width=\"960\" height=\"1280\" src=\"https:\/\/i0.wp.com\/4cantosalagoas.com.br\/portal\/wp-content\/uploads\/2020\/07\/Pesquisa-Procon-Junho.jpeg?fit=768%2C1024\" alt=\"\" class=\"wp-image-11711\" srcset=\"https:\/\/4cantosalagoas.com.br\/portal\/wp-content\/uploads\/2020\/07\/Pesquisa-Procon-Junho.jpeg 960w, https:\/\/4cantosalagoas.com.br\/portal\/wp-content\/uploads\/2020\/07\/Pesquisa-Procon-Junho-225x300.jpeg 225w, https:\/\/4cantosalagoas.com.br\/portal\/wp-content\/uploads\/2020\/07\/Pesquisa-Procon-Junho-768x1024.jpeg 768w\" sizes=\"(max-width: 960px) 100vw, 960px\" \/><figcaption> <br><em>Fiscais do Procon atuaram em supermercados da capital. Foto: Divulga\u00e7\u00e3o<\/em> <\/figcaption><\/figure>\n\n\n\n<p>Entre os dias 22 e 26 de junho, o Procon Macei\u00f3 realizou pesquisa de pre\u00e7o em itens essenciais como produtos aliment\u00edcios e de higiene pessoal e dom\u00e9stica. A a\u00e7\u00e3o foi realizada em sete estabelecimentos nos bairros da Cruz das Almas, Mangabeiras, Ponta Verde, Jacintinho, Trapiche e Farol.<\/p>\n\n\n\n<p>O feij\u00e3o carioca, um dos produtos observados, houve uma varia\u00e7\u00e3o de at\u00e9 41%. Na \u00e1rea da limpeza, a varia\u00e7\u00e3o para o detergente l\u00edquido, por exemplo, chegou at\u00e9 43%. Confira&nbsp;<a href=\"http:\/\/www.maceio.al.gov.br\/wp-content\/uploads\/2020\/07\/pdf\/2020\/07\/CONSULTA-PREC%CC%A7O-CESTA-BA%CC%81SICA-JUNHO.pdf\" target=\"_blank\" rel=\"noreferrer noopener\">aqui<\/a>&nbsp;a pesquisa completa.<\/p>\n\n\n\n<p>Os pre\u00e7os foram coletados pela equipe de fiscaliza\u00e7\u00e3o do \u00f3rg\u00e3o que segue atenta a poss\u00edveis pr\u00e1ticas de pre\u00e7os abusivos, segundo explica a diretora-executiva do Procon Macei\u00f3, Lilyan Val\u00f5es. \u201cO objetivo \u00e9 auxiliar o consumidor neste per\u00edodo de crise a adquirir produtos com pre\u00e7os mais baratos, praticando, dessa forma, o consumo consciente\u201d, concluiu.<\/p>\n\n\n\n<p><strong>Atendimento<\/strong><\/p>\n\n\n\n<p>O Procon Macei\u00f3 refor\u00e7a que n\u00e3o \u00e9 preciso sair de casa para tirar d\u00favidas ou registrar den\u00fancias. Os consumidores maceioenses t\u00eam \u00e0 disposi\u00e7\u00e3o os telefones 0800 082 4567 ou 98882-8326, bem como o e-mail&nbsp; atendimentoproconmaceio@gmail.com.<\/p>\n\n\n\n<p>Secom Macei\u00f3<\/p>\n\n\n\n<p><br><\/p>\n","protected":false},"excerpt":{"rendered":"<p>Entre os dias 22 e 26 de junho, o Procon Macei\u00f3 realizou pesquisa de pre\u00e7o em itens<\/p>\n","protected":false},"author":1,"featured_media":11711,"comment_status":"open","ping_status":"open","sticky":false,"template":"","format":"standard","meta":{"footnotes":""},"categories":[5],"tags":[],"class_list":["post-11710","post","type-post","status-publish","format-standard","has-post-thumbnail","hentry","category-maceio"],"_links":{"self":[{"href":"https:\/\/4cantosalagoas.com.br\/portal\/wp-json\/wp\/v2\/posts\/11710","targetHints":{"allow":["GET"]}}],"collection":[{"href":"https:\/\/4cantosalagoas.com.br\/portal\/wp-json\/wp\/v2\/posts"}],"about":[{"href":"https:\/\/4cantosalagoas.com.br\/portal\/wp-json\/wp\/v2\/types\/post"}],"author":[{"embeddable":true,"href":"https:\/\/4cantosalagoas.com.br\/portal\/wp-json\/wp\/v2\/users\/1"}],"replies":[{"embeddable":true,"href":"https:\/\/4cantosalagoas.com.br\/portal\/wp-json\/wp\/v2\/comments?post=11710"}],"version-history":[{"count":1,"href":"https:\/\/4cantosalagoas.com.br\/portal\/wp-json\/wp\/v2\/posts\/11710\/revisions"}],"predecessor-version":[{"id":11712,"href":"https:\/\/4cantosalagoas.com.br\/portal\/wp-json\/wp\/v2\/posts\/11710\/revisions\/11712"}],"wp:featuredmedia":[{"embeddable":true,"href":"https:\/\/4cantosalagoas.com.br\/portal\/wp-json\/wp\/v2\/media\/11711"}],"wp:attachment":[{"href":"https:\/\/4cantosalagoas.com.br\/portal\/wp-json\/wp\/v2\/media?parent=11710"}],"wp:term":[{"taxonomy":"category","embeddable":true,"href":"https:\/\/4cantosalagoas.com.br\/portal\/wp-json\/wp\/v2\/categories?post=11710"},{"taxonomy":"post_tag","embeddable":true,"href":"https:\/\/4cantosalagoas.com.br\/portal\/wp-json\/wp\/v2\/tags?post=11710"}],"curies":[{"name":"wp","href":"https:\/\/api.w.org\/{rel}","templated":true}]}}