{"id":11704,"date":"2020-06-30T19:45:37","date_gmt":"2020-06-30T22:45:37","guid":{"rendered":"http:\/\/4cantosalagoas.com.br\/portal\/?p=11704"},"modified":"2020-07-01T18:21:59","modified_gmt":"2020-07-01T21:21:59","slug":"maceio-entra-na-fase-laranja-nesta-sexta-03-com-abertura-de-novos-setores-da-economia","status":"publish","type":"post","link":"https:\/\/4cantosalagoas.com.br\/portal\/maceio-entra-na-fase-laranja-nesta-sexta-03-com-abertura-de-novos-setores-da-economia\/","title":{"rendered":"Macei\u00f3 entra na fase laranja nesta sexta (03) com abertura de novos setores da economia"},"content":{"rendered":"\n<figure class=\"wp-block-image\"><img fetchpriority=\"high\" decoding=\"async\" width=\"600\" height=\"400\" src=\"http:\/\/4cantosalagoas.com.br\/portal\/wp-content\/uploads\/2020\/06\/god.jpg\" alt=\"\" class=\"wp-image-11705\" srcset=\"https:\/\/4cantosalagoas.com.br\/portal\/wp-content\/uploads\/2020\/06\/god.jpg 600w, https:\/\/4cantosalagoas.com.br\/portal\/wp-content\/uploads\/2020\/06\/god-300x200.jpg 300w\" sizes=\"(max-width: 600px) 100vw, 600px\" \/><figcaption> <br>Governador Renan Filho destacou, durante coletiva, que crit\u00e9rios para mudan\u00e7a de fases seguem matriz com indicadores da Sa\u00fade, Foto\/<em>Marcio Ferreira<\/em> <\/figcaption><\/figure>\n\n\n\n<p>O Governo de Alagoas iniciar\u00e1, nesta sexta-feira (03), o retorno gradual de atividades econ\u00f4micas n\u00e3o essenciais com o avan\u00e7o para a segunda fase do Distanciamento Social Controlado em Macei\u00f3, saindo da Fase Vermelha (atual) para a Laranja. A decis\u00e3o foi baseada na avalia\u00e7\u00e3o dos dados das \u00faltimas cinco semanas epidemiol\u00f3gicas, coletados a partir da an\u00e1lise dos tr\u00eas eixos estrat\u00e9gicos que comp\u00f5em a Matriz de Risco: utiliza\u00e7\u00e3o da capacidade hospitalar instalada, evolu\u00e7\u00e3o epidemiol\u00f3gica e taxa de evolu\u00e7\u00e3o da Covid-19. Os demais munic\u00edpios do interior do estado seguem em isolamento social (Fase Vermelha).<\/p>\n\n\n\n<p>Durante coletiva on-line realizada nesta ter\u00e7a-feira (30), o governador Renan Filho pontuou que a capital apresentou consolida\u00e7\u00e3o de queda nas \u00faltimas cinco semanas e, por isso, a possibilidade de avan\u00e7o para a fase laranja de Distanciamento Social Controlado, enquanto o interior do estado continuar\u00e1 em isolamento social, com prorroga\u00e7\u00e3o do decreto por mais 15 dias. &nbsp;<\/p>\n\n\n\n<p>\u201cH\u00e1 claramente uma evolu\u00e7\u00e3o na capital. A queda consolidada dos n\u00fameros da Covid-19 em Macei\u00f3 demonstra que estamos controlando a pandemia, reduzindo o n\u00famero de casos ativos, fortalecendo a capacidade de atender as pessoas. Por isso, o estado tomou a decis\u00e3o de fazer a capital, Macei\u00f3, avan\u00e7ar da fase vermelha para fase laranja. J\u00e1 no interior, a gente n\u00e3o tem essa redu\u00e7\u00e3o com tanta clareza, por isso estamos mantendo o interior do estado na fase vermelha, para dar mais tempo para se consolidar uma tend\u00eancia de queda nos pr\u00f3ximos dias. Vamos continuar com a amplia\u00e7\u00e3o de leitos no interior do estado, al\u00e9m de intensificar a fiscaliza\u00e7\u00e3o nos munic\u00edpios, sobretudo em Arapiraca e nas cidades com maior n\u00fameros de habitantes\u201d, disse.<\/p>\n\n\n\n<p>\u201cNesta sexta-feira daremos in\u00edcio \u00e0 transi\u00e7\u00e3o em Macei\u00f3 para tentar restabelecer algumas atividades n\u00e3o essenciais que estavam fechadas. Esse \u00e9 um passo importante agora e precisaremos, mais uma vez, da colabora\u00e7\u00e3o de todos\u201d, destacou.<\/p>\n\n\n\n<p>Com a publica\u00e7\u00e3o do novo decreto, fica autorizada a reabertura de lojas de ruas com at\u00e9 400m\u00b2 (exceto shopping centers, galerias e centros comerciais); sal\u00f5es de beleza e barbearias com capacidade de atendimento reduzida em 50%;&nbsp;al\u00e9m de templos, igrejas e demais institui\u00e7\u00f5es religiosas com funcionamento reduzido em 30% de sua capacidade. Os setores econ\u00f4micos que j\u00e1 estavam abertos na Fase Vermelha seguem com as atividades permitidas.<\/p>\n\n\n\n<p>O retorno gradual dos segmentos em Alagoas dever\u00e1 acontecer de forma indissoci\u00e1vel ao cumprimento das regrais gerais e espec\u00edficas para cada \u00e1rea estabelecidas pelo Protocolo Sanit\u00e1rio do Governo do Estado. O documento, publicado em&nbsp;<a href=\"http:\/\/www.imprensaoficialal.com.br\/wp-content\/uploads\/2020\/06\/DOEAL-15_06_2020-EXEC.pdf\" target=\"_blank\" rel=\"noreferrer noopener\">Di\u00e1rio Oficial no dia 15 de junho<\/a>, prev\u00ea medidas a serem adotadas pelos estabelecimentos, segundo recomenda\u00e7\u00f5es da Organiza\u00e7\u00e3o Mundial da Sa\u00fade (OMS), Organiza\u00e7\u00e3o Internacional do Trabalho (OTI) e evid\u00eancias cient\u00edficas do Centro de Controle e Preven\u00e7\u00e3o de Doen\u00e7as dos EUA (CDC).<\/p>\n\n\n\n<p>\u201cEsse, sem d\u00favidas, foi o protocolo mais equilibrado do Nordeste. O Governo de Alagoas tem sido muito assertivo, permitindo pouca queda na atividade econ\u00f4mica, manuten\u00e7\u00e3o de empregos e, primordialmente, garantindo que o sistema p\u00fablico de sa\u00fade n\u00e3o entre em colapso. Precisamos agora do apoio dos empres\u00e1rios, do trabalhador e da popula\u00e7\u00e3o em geral para que incorpore no seu cotidiano os h\u00e1bitos sanit\u00e1rios, de cuidados com a sa\u00fade e distanciamento social, para que possamos passar para as pr\u00f3ximas fases com cautela e seguran\u00e7a\u201d, salienta o secret\u00e1rio de Desenvolvimento Econ\u00f4mico e Turismo, Rafael Brito.<\/p>\n\n\n\n<p>O avan\u00e7o para as fases seguintes \u2013 Amarela, Azul e Verde \u2013 depender\u00e1 diretamente da evolu\u00e7\u00e3o ou involu\u00e7\u00e3o dos tr\u00eas eixos estrat\u00e9gicos da Matriz de Risco, ou seja, do comportamento da popula\u00e7\u00e3o e do setor produtivo que dever\u00e1 seguir as medidas exigidas pelo Protocolo Sanit\u00e1rio, lembra o secret\u00e1rio de Sa\u00fade Alexandre Ayres.<\/p>\n\n\n\n<p>\u201cOs pr\u00f3ximos passos a serem tomados pelo governo precisam, mais uma vez, da participa\u00e7\u00e3o da sociedade. Nossa responsabilidade enquanto cidad\u00e3o vai aumentar ainda mais. Continuaremos que manter o distanciamento social, fazer o uso da m\u00e1scara e evitar aglomera\u00e7\u00f5es. S\u00f3 poderemos avan\u00e7ar para as pr\u00f3ximas fases, se a gente tiver a consci\u00eancia de que ainda n\u00e3o vencemos a pandemia. Ainda estamos vivendo um momento de aten\u00e7\u00e3o e de muita preocupa\u00e7\u00e3o\u201d, enfatizou.<\/p>\n\n\n\n<p>Renan Filho afirma que o estado tomou a decis\u00e3o mais prudente para o momento ressaltou ainda o papel do setor produtivo nesse momento de transi\u00e7\u00e3o de fases na capital.&nbsp;\u201cNesse momento, \u00e9 fundamental a participa\u00e7\u00e3o do cidad\u00e3o e do setor produtivo, que tem um protocolo sanit\u00e1rio a cumprir, n\u00e3o \u00e9 s\u00f3 abrir as portas, \u00e9 abrir as portas respeitando as novas normas que o momento exige, porque, obviamente, se tivermos um retrocesso, faremos o caminho inverso com a mesma naturalidade. Da mesma forma que estamos construindo uma estrada para um novo normal, se houver piora, o Estado ter\u00e1 que tomar uma nova medida para proteger o cidad\u00e3o. Ent\u00e3o vamos seguir trabalhando para aumentar o n\u00famero de leitos e continuar solicitando ao cidad\u00e3o ao setor produtivo que cumpram com as medidas para que possamos vencer a pandemia juntos, integradamente\u201d, declarou.<\/p>\n\n\n\n<p>Assessoria<\/p>\n","protected":false},"excerpt":{"rendered":"<p>O Governo de Alagoas iniciar\u00e1, nesta sexta-feira (03), o retorno gradual de atividades econ\u00f4micas n\u00e3o essenciais com<\/p>\n","protected":false},"author":1,"featured_media":11705,"comment_status":"open","ping_status":"open","sticky":false,"template":"","format":"standard","meta":{"footnotes":""},"categories":[4],"tags":[],"class_list":["post-11704","post","type-post","status-publish","format-standard","has-post-thumbnail","hentry","category-noticias"],"_links":{"self":[{"href":"https:\/\/4cantosalagoas.com.br\/portal\/wp-json\/wp\/v2\/posts\/11704","targetHints":{"allow":["GET"]}}],"collection":[{"href":"https:\/\/4cantosalagoas.com.br\/portal\/wp-json\/wp\/v2\/posts"}],"about":[{"href":"https:\/\/4cantosalagoas.com.br\/portal\/wp-json\/wp\/v2\/types\/post"}],"author":[{"embeddable":true,"href":"https:\/\/4cantosalagoas.com.br\/portal\/wp-json\/wp\/v2\/users\/1"}],"replies":[{"embeddable":true,"href":"https:\/\/4cantosalagoas.com.br\/portal\/wp-json\/wp\/v2\/comments?post=11704"}],"version-history":[{"count":2,"href":"https:\/\/4cantosalagoas.com.br\/portal\/wp-json\/wp\/v2\/posts\/11704\/revisions"}],"predecessor-version":[{"id":11730,"href":"https:\/\/4cantosalagoas.com.br\/portal\/wp-json\/wp\/v2\/posts\/11704\/revisions\/11730"}],"wp:featuredmedia":[{"embeddable":true,"href":"https:\/\/4cantosalagoas.com.br\/portal\/wp-json\/wp\/v2\/media\/11705"}],"wp:attachment":[{"href":"https:\/\/4cantosalagoas.com.br\/portal\/wp-json\/wp\/v2\/media?parent=11704"}],"wp:term":[{"taxonomy":"category","embeddable":true,"href":"https:\/\/4cantosalagoas.com.br\/portal\/wp-json\/wp\/v2\/categories?post=11704"},{"taxonomy":"post_tag","embeddable":true,"href":"https:\/\/4cantosalagoas.com.br\/portal\/wp-json\/wp\/v2\/tags?post=11704"}],"curies":[{"name":"wp","href":"https:\/\/api.w.org\/{rel}","templated":true}]}}