{"id":11649,"date":"2020-06-22T19:23:09","date_gmt":"2020-06-22T22:23:09","guid":{"rendered":"http:\/\/4cantosalagoas.com.br\/portal\/?p=11649"},"modified":"2020-06-22T19:23:09","modified_gmt":"2020-06-22T22:23:09","slug":"o-arrasta-pe-e-na-sua-casa-fmac-e-asforral-iniciam-nesta-terca-programacao-junina","status":"publish","type":"post","link":"https:\/\/4cantosalagoas.com.br\/portal\/o-arrasta-pe-e-na-sua-casa-fmac-e-asforral-iniciam-nesta-terca-programacao-junina\/","title":{"rendered":"O Arrasta-p\u00e9 \u00e9 na Sua Casa: Fmac e Asforral iniciam, nesta ter\u00e7a, programa\u00e7\u00e3o junina"},"content":{"rendered":"\n<figure class=\"wp-block-image\"><img fetchpriority=\"high\" decoding=\"async\" width=\"423\" height=\"312\" src=\"http:\/\/4cantosalagoas.com.br\/portal\/wp-content\/uploads\/2020\/06\/so.jpg\" alt=\"\" class=\"wp-image-11650\" srcset=\"https:\/\/4cantosalagoas.com.br\/portal\/wp-content\/uploads\/2020\/06\/so.jpg 423w, https:\/\/4cantosalagoas.com.br\/portal\/wp-content\/uploads\/2020\/06\/so-300x221.jpg 300w\" sizes=\"(max-width: 423px) 100vw, 423px\" \/><figcaption>Divulga\u00e7\u00e3o<\/figcaption><\/figure>\n\n\n\n<p>Mesmo dentro de casa, vai ter, sim, arrasta-p\u00e9 para os maceioenses. Para que as festas juninas n\u00e3o passem em branco, durante o per\u00edodo de isolamento social ocasionado pela pandemia de Covid-19, a Prefeitura de Macei\u00f3, por meio da Funda\u00e7\u00e3o Municipal de A\u00e7\u00e3o Cultural (Fmac), e a Associa\u00e7\u00e3o dos Forrozeiros de Alagoas (Asforral) promover\u00e3o quatro noites de forr\u00f3. A abertura, com transmiss\u00e3o nos canais no Youtube da Prefeitura de Macei\u00f3 e do Forr\u00f3 Alagoano, acontece nesta ter\u00e7a-feira (23), \u00e0s 18h.<\/p>\n\n\n\n<p>Os respons\u00e1veis por abrir a noite ser\u00e3o os trios de forr\u00f3 de Guga Max, Allison Cunha e Val\u00e9rio do Sert\u00e3o, artistas reverenciados no cen\u00e1rio local. \u00c0s 20h, Joelson dos 8 Baixos, um dos forrozeiros convidados, entra na transmiss\u00e3o. Ele luta pela preserva\u00e7\u00e3o da sanfona de 8 baixos, da qual o tocar \u00e9 uma t\u00e9cnica praticamente em extin\u00e7\u00e3o. Anderson Fidelis, da nova gera\u00e7\u00e3o do forr\u00f3 alagoano, tamb\u00e9m participa.<\/p>\n\n\n\n<p>Os gigantes Minhoc\u00e3o do Forr\u00f3 e Lula Sabi\u00e1 completam a primeira noite de lives promovidas pela Fmac e pela Asforral. O objetivo do projeto, nas palavras de V\u00e2nia Amorim, diretora-presidente da Funda\u00e7\u00e3o, \u00e9 \u201cgerar renda e trabalho para uma parte da cadeia produtiva dos festejos juninos, essencialmente m\u00fasicos e t\u00e9cnicos\u201d. Para que a tradi\u00e7\u00e3o se mantenha viva em tempos de crise mundial do coronav\u00edrus, segundo ela, \u201c\u00e9 preciso reinventar a forma de comemorar, priorizando as medidas de seguran\u00e7a necess\u00e1rias que o momento exige\u201d.<\/p>\n\n\n\n<p>A programa\u00e7\u00e3o continua na quarta-feira (24), a partir da 18h, com os trios de forr\u00f3 Billi, Bacurau e Sol Brilhando, Messias Lima, Chau do Pife, Fineza e Irineu Nic\u00e1cio, e depois tira uma folga at\u00e9 o domingo (28). Nesta terceira data, apresentam-se os trios de Tonho da Real, Rog\u00e9rio Nic\u00e1cio e Z\u00e9 de Princesa, al\u00e9m de Sandoval, Gil Neves, Milla do Acordeon e Xameguinho.<\/p>\n\n\n\n<p>No encerramento, na segunda-feira (29), participam da transmiss\u00e3o Gog\u00f3 da Ema, Betinho Marcolino, Abanos do Forr\u00f3, Alberto Germano, Jaques Setton, Eliezer Setton e Ti\u00e3o Marcolino.<\/p>\n\n\n\n<p>Mateus Magalh\u00e3es\/ Ascom Fmac<\/p>\n","protected":false},"excerpt":{"rendered":"<p>Mesmo dentro de casa, vai ter, sim, arrasta-p\u00e9 para os maceioenses. Para que as festas juninas n\u00e3o<\/p>\n","protected":false},"author":1,"featured_media":11650,"comment_status":"open","ping_status":"open","sticky":false,"template":"","format":"standard","meta":{"footnotes":""},"categories":[5],"tags":[],"class_list":["post-11649","post","type-post","status-publish","format-standard","has-post-thumbnail","hentry","category-maceio"],"_links":{"self":[{"href":"https:\/\/4cantosalagoas.com.br\/portal\/wp-json\/wp\/v2\/posts\/11649","targetHints":{"allow":["GET"]}}],"collection":[{"href":"https:\/\/4cantosalagoas.com.br\/portal\/wp-json\/wp\/v2\/posts"}],"about":[{"href":"https:\/\/4cantosalagoas.com.br\/portal\/wp-json\/wp\/v2\/types\/post"}],"author":[{"embeddable":true,"href":"https:\/\/4cantosalagoas.com.br\/portal\/wp-json\/wp\/v2\/users\/1"}],"replies":[{"embeddable":true,"href":"https:\/\/4cantosalagoas.com.br\/portal\/wp-json\/wp\/v2\/comments?post=11649"}],"version-history":[{"count":1,"href":"https:\/\/4cantosalagoas.com.br\/portal\/wp-json\/wp\/v2\/posts\/11649\/revisions"}],"predecessor-version":[{"id":11651,"href":"https:\/\/4cantosalagoas.com.br\/portal\/wp-json\/wp\/v2\/posts\/11649\/revisions\/11651"}],"wp:featuredmedia":[{"embeddable":true,"href":"https:\/\/4cantosalagoas.com.br\/portal\/wp-json\/wp\/v2\/media\/11650"}],"wp:attachment":[{"href":"https:\/\/4cantosalagoas.com.br\/portal\/wp-json\/wp\/v2\/media?parent=11649"}],"wp:term":[{"taxonomy":"category","embeddable":true,"href":"https:\/\/4cantosalagoas.com.br\/portal\/wp-json\/wp\/v2\/categories?post=11649"},{"taxonomy":"post_tag","embeddable":true,"href":"https:\/\/4cantosalagoas.com.br\/portal\/wp-json\/wp\/v2\/tags?post=11649"}],"curies":[{"name":"wp","href":"https:\/\/api.w.org\/{rel}","templated":true}]}}