{"id":11635,"date":"2020-06-20T19:40:00","date_gmt":"2020-06-20T22:40:00","guid":{"rendered":"http:\/\/4cantosalagoas.com.br\/portal\/?p=11635"},"modified":"2020-06-20T19:40:12","modified_gmt":"2020-06-20T22:40:12","slug":"novos-estudos-da-braskem-alteram-transito-em-bairros-de-maceio","status":"publish","type":"post","link":"https:\/\/4cantosalagoas.com.br\/portal\/novos-estudos-da-braskem-alteram-transito-em-bairros-de-maceio\/","title":{"rendered":"Novos estudos da Braskem alteram tr\u00e2nsito em bairros de Macei\u00f3"},"content":{"rendered":"\n<figure class=\"wp-block-image\"><img fetchpriority=\"high\" decoding=\"async\" width=\"1024\" height=\"683\" src=\"https:\/\/i2.wp.com\/4cantosalagoas.com.br\/portal\/wp-content\/uploads\/2020\/06\/sr5a.jpg?fit=1024%2C683\" alt=\"\" class=\"wp-image-11636\" srcset=\"https:\/\/4cantosalagoas.com.br\/portal\/wp-content\/uploads\/2020\/06\/sr5a.jpg 1024w, https:\/\/4cantosalagoas.com.br\/portal\/wp-content\/uploads\/2020\/06\/sr5a-300x200.jpg 300w, https:\/\/4cantosalagoas.com.br\/portal\/wp-content\/uploads\/2020\/06\/sr5a-768x512.jpg 768w\" sizes=\"(max-width: 1024px) 100vw, 1024px\" \/><figcaption> <br>Agentes de tr\u00e2nsito orientam os motoristas Foto: Pei Fon\/ Secom Macei\u00f3 <\/figcaption><\/figure>\n\n\n\n<p>A partir da pr\u00f3xima segunda-feira (22), a Braskem iniciar\u00e1 mais uma etapa dos estudos de s\u00edsmica nos bairros do Pinheiro, Bebedouro e Mutange. Para garantir a seguran\u00e7a das equipes t\u00e9cnicas durante a execu\u00e7\u00e3o dos trabalhos, algumas vias ser\u00e3o bloqueadas parcialmente pelos agentes da Superintend\u00eancia Municipal de Transportes e Tr\u00e2nsito (SMTT) para evitar o risco de acidentes na regi\u00e3o.<\/p>\n\n\n\n<p>Os estudos acontecer\u00e3o sempre das 8h \u00e0s 20h e, de acordo com a Braskem, o prazo para o t\u00e9rmino dos trabalhos \u00e9 de at\u00e9 duas semanas. Durante este per\u00edodo, a SMTT orienta que os condutores de ve\u00edculos busquem rotas alternativas para se deslocar pela regi\u00e3o para evitar qualquer tipo de transtorno. Al\u00e9m da Superintend\u00eancia, a a\u00e7\u00e3o tamb\u00e9m contar\u00e1 com os apoios da Defesa Civil de Macei\u00f3 e da Secretaria Municipal de Seguran\u00e7a Comunit\u00e1ria e Conv\u00edvio Social (Semscs).<\/p>\n\n\n\n<p><strong>Confira abaixo o cronograma das vias que ser\u00e3o parcialmente interditadas para os estudos da Braskem:<\/strong><\/p>\n\n\n\n<p><strong>\u2013 Segunda-feira (22) e ter\u00e7a-feira (23):<\/strong>&nbsp;Rua Pedro Beltr\u00e3o, Rua Carteiro Jo\u00e3o Firmino, Rua Erasmo de Almeida Porangaba, Rua Manuel Mendes, Trecho da Av. Dr. Muniz Falc\u00e3o, Rua Jerusal\u00e9m, Trecho da Rua Senador Arnon de Melo, Travessa Senador Arnon de Melo.<\/p>\n\n\n\n<p><strong>\u2013 Quarta-feira (24):<\/strong>&nbsp;Braskem.<\/p>\n\n\n\n<p><strong>\u2013 Quinta-feira (25<\/strong>): Rua Professor Benedito Silva, Rua C\u00f4nego Costa, Rua C\u00edcero de G\u00f3es Monteiro e Rua General Hermes.<\/p>\n\n\n\n<p><strong>\u2013 Sexta-feira (26) e s\u00e1bado (27):<\/strong>&nbsp;Rua Santa Luzia, Rua Professor Jos\u00e9 Silveira Camerino, Avenida Fernandes Lima (trecho do cruzamento da rua Professor Jos\u00e9 Silveira com a Rua Clementino do Monte).<\/p>\n\n\n\n<p><strong>\u2013 Domingo (28):<\/strong>&nbsp;Travessa Belo Horizonte, Rua Pedro Viana, Rua Sabino Romariz.<\/p>\n\n\n\n<p><strong>\u2013 Segunda-feira (29):<\/strong>&nbsp;Rua T\u00e9ofilo de Barros, Rua Jos\u00e9 Le\u00e3o Rego Filho, Rua Professor Jos\u00e9 da Silveira Camerino, Rua Camaragibe, Rua Jos\u00e9 Augusto Bezerra.<\/p>\n\n\n\n<p><strong>\u2013 Tegunda-feira (30)<\/strong>: Rua Adolfo Camerino, Rua da L\u00edra, Rua Anahy, Rua Dr.H\u00edlton Paulo Omena Duarte.<\/p>\n\n\n\n<p><strong>\u2013 Quarta-feira (1\u00ba de julho):&nbsp;<\/strong>Rua Jos\u00e9 Dion\u00edsio Sobrinho.<\/p>\n\n\n\n<p><strong>\u2013 Quinta-feira (02):<\/strong>&nbsp;Rua Jornalista Augusto Vaz Filho.<\/p>\n\n\n\n<p><strong>\u2013 Sexta-feira (03):<\/strong>&nbsp;Rua Ant\u00f4nio Proc\u00f3pio, Rua Rosalvo Prata (Rua Pedro Suruagy).<\/p>\n\n\n\n<p><strong>\u2013 S\u00e1bado (04):<\/strong>&nbsp;Rua Pedro Oliveira Rocha, Rua Santa Julia.<\/p>\n\n\n\n<p><strong>\u2013 Domingo (05):<\/strong>&nbsp;Rua Tavares Bastos, Rua C\u00f4nego Cavalcante de Oliveira.<\/p>\n\n\n\n<p><strong>\u2013 Segunda-feira (06):<\/strong>&nbsp;Alameda Dr. Claudenor de Albuquerque Sampaio.<\/p>\n\n\n\n<p><strong>\u2013 Ter\u00e7a-feira (07):<\/strong>&nbsp;Rua Coronel Lima Rocha.<\/p>\n\n\n\n<p><strong>\u2013 Quarta-feira (08):<\/strong>&nbsp;Rua Miguel Palmeira.<\/p>\n\n\n\n<p>Ascom SMTT<\/p>\n","protected":false},"excerpt":{"rendered":"<p>A partir da pr\u00f3xima segunda-feira (22), a Braskem iniciar\u00e1 mais uma etapa dos estudos de s\u00edsmica nos<\/p>\n","protected":false},"author":1,"featured_media":11636,"comment_status":"open","ping_status":"open","sticky":false,"template":"","format":"standard","meta":{"footnotes":""},"categories":[60],"tags":[],"class_list":["post-11635","post","type-post","status-publish","format-standard","has-post-thumbnail","hentry","category-capa"],"_links":{"self":[{"href":"https:\/\/4cantosalagoas.com.br\/portal\/wp-json\/wp\/v2\/posts\/11635","targetHints":{"allow":["GET"]}}],"collection":[{"href":"https:\/\/4cantosalagoas.com.br\/portal\/wp-json\/wp\/v2\/posts"}],"about":[{"href":"https:\/\/4cantosalagoas.com.br\/portal\/wp-json\/wp\/v2\/types\/post"}],"author":[{"embeddable":true,"href":"https:\/\/4cantosalagoas.com.br\/portal\/wp-json\/wp\/v2\/users\/1"}],"replies":[{"embeddable":true,"href":"https:\/\/4cantosalagoas.com.br\/portal\/wp-json\/wp\/v2\/comments?post=11635"}],"version-history":[{"count":1,"href":"https:\/\/4cantosalagoas.com.br\/portal\/wp-json\/wp\/v2\/posts\/11635\/revisions"}],"predecessor-version":[{"id":11637,"href":"https:\/\/4cantosalagoas.com.br\/portal\/wp-json\/wp\/v2\/posts\/11635\/revisions\/11637"}],"wp:featuredmedia":[{"embeddable":true,"href":"https:\/\/4cantosalagoas.com.br\/portal\/wp-json\/wp\/v2\/media\/11636"}],"wp:attachment":[{"href":"https:\/\/4cantosalagoas.com.br\/portal\/wp-json\/wp\/v2\/media?parent=11635"}],"wp:term":[{"taxonomy":"category","embeddable":true,"href":"https:\/\/4cantosalagoas.com.br\/portal\/wp-json\/wp\/v2\/categories?post=11635"},{"taxonomy":"post_tag","embeddable":true,"href":"https:\/\/4cantosalagoas.com.br\/portal\/wp-json\/wp\/v2\/tags?post=11635"}],"curies":[{"name":"wp","href":"https:\/\/api.w.org\/{rel}","templated":true}]}}