{"id":11630,"date":"2020-06-19T19:04:27","date_gmt":"2020-06-19T22:04:27","guid":{"rendered":"http:\/\/4cantosalagoas.com.br\/portal\/?p=11630"},"modified":"2020-06-19T19:04:32","modified_gmt":"2020-06-19T22:04:32","slug":"prefeitura-de-maceio-divulga-novas-datas-para-o-recesso-escolar","status":"publish","type":"post","link":"https:\/\/4cantosalagoas.com.br\/portal\/prefeitura-de-maceio-divulga-novas-datas-para-o-recesso-escolar\/","title":{"rendered":"Prefeitura de Macei\u00f3 divulga novas datas para o recesso escolar"},"content":{"rendered":"\n<figure class=\"wp-block-image\"><img fetchpriority=\"high\" decoding=\"async\" width=\"1280\" height=\"853\" src=\"https:\/\/i0.wp.com\/4cantosalagoas.com.br\/portal\/wp-content\/uploads\/2020\/06\/hu.jpeg?fit=1024%2C682\" alt=\"\" class=\"wp-image-11631\" srcset=\"https:\/\/4cantosalagoas.com.br\/portal\/wp-content\/uploads\/2020\/06\/hu.jpeg 1280w, https:\/\/4cantosalagoas.com.br\/portal\/wp-content\/uploads\/2020\/06\/hu-300x200.jpeg 300w, https:\/\/4cantosalagoas.com.br\/portal\/wp-content\/uploads\/2020\/06\/hu-768x512.jpeg 768w, https:\/\/4cantosalagoas.com.br\/portal\/wp-content\/uploads\/2020\/06\/hu-1024x682.jpeg 1024w\" sizes=\"(max-width: 1280px) 100vw, 1280px\" \/><figcaption> <br>Alunos da Rede Municipal de Ensino durante concurso de frases tem\u00e1ticas. Foto: Cl\u00e1udia Leite\/Ascom Semtel <\/figcaption><\/figure>\n\n\n\n<p>O Di\u00e1rio Oficial de Macei\u00f3 desta sexta-feira(19) publica uma portaria que altera o per\u00edodo do recesso escolar da Rede Municipal de Educa\u00e7\u00e3o no ano letivo de 2020. A mudan\u00e7a levou em considera\u00e7\u00e3o o decreto municipal de n\u00ba 8.902 de 15 de junho de 2020, que prorroga as medidas de enfrentamento \u00e0 covid-19, o que inclui a paralisa\u00e7\u00e3o das atividades escolares na rede municipal, o que levou \u00e0 necessidade de adequar o recesso escolar em dois per\u00edodos letivos.<\/p>\n\n\n\n<p>Com o novo decreto, o recesso de meio de ano na rede municipal ocorrer\u00e1 de 27 a 31 de julho, e n\u00e3o mais de 20 de junho a 03 de julho, como estava previsto na portaria de n\u00ba 18 de janeiro de 2020. J\u00e1 o recesso escolar do fim de ano ter\u00e1 10 dias, indo de 21 a 30 de dezembro de 2020.<\/p>\n\n\n\n<p>De acordo com o diretor de Gest\u00e3o Educacional da Secretaria Municipal de Educa\u00e7\u00e3o (Semed), Roberval Ferreira, a decis\u00e3o de alterar o recesso foi tomada em conjunto pelos gestores por meio de mensagens instant\u00e2neas, atrav\u00e9s do WhatsApp. \u201c Foi feita uma consulta com os diretores pelo WhatsApp e 80,5% das escolas optaram pela altera\u00e7\u00e3o do recesso\u201d, afirma Roberval.<\/p>\n\n\n\n<p>Entre os principais motivos colocados pelos diretores a favor da altera\u00e7\u00e3o est\u00e3o o desenvolvimento do teletrabalho e o in\u00edcio do projeto r\u00e1dio escola, segundo esclareceu a coordenadora de Normas e Legisla\u00e7\u00e3o da Semed, Juliana Chaet. \u201c O receio era prejudicar, principalmente, o processo do projeto R\u00e1dio Escola Macei\u00f3\u201d, disse.<\/p>\n\n\n\n<p>Juliana explica que os diretores tamb\u00e9m fizeram uma enquete junto \u00e0s suas equipes e a maioria optou pela mudan\u00e7a da data do recesso. \u201c A altera\u00e7\u00e3o foi realizada em comum acordo com os educadores da rede de forma democr\u00e1tica\u201d, conclui.<\/p>\n\n\n\n<p>Ascom Semed\/ Janaina Farias<\/p>\n","protected":false},"excerpt":{"rendered":"<p>O Di\u00e1rio Oficial de Macei\u00f3 desta sexta-feira(19) publica uma portaria que altera o per\u00edodo do recesso escolar<\/p>\n","protected":false},"author":1,"featured_media":11631,"comment_status":"open","ping_status":"open","sticky":false,"template":"","format":"standard","meta":{"footnotes":""},"categories":[5],"tags":[],"class_list":["post-11630","post","type-post","status-publish","format-standard","has-post-thumbnail","hentry","category-maceio"],"_links":{"self":[{"href":"https:\/\/4cantosalagoas.com.br\/portal\/wp-json\/wp\/v2\/posts\/11630","targetHints":{"allow":["GET"]}}],"collection":[{"href":"https:\/\/4cantosalagoas.com.br\/portal\/wp-json\/wp\/v2\/posts"}],"about":[{"href":"https:\/\/4cantosalagoas.com.br\/portal\/wp-json\/wp\/v2\/types\/post"}],"author":[{"embeddable":true,"href":"https:\/\/4cantosalagoas.com.br\/portal\/wp-json\/wp\/v2\/users\/1"}],"replies":[{"embeddable":true,"href":"https:\/\/4cantosalagoas.com.br\/portal\/wp-json\/wp\/v2\/comments?post=11630"}],"version-history":[{"count":1,"href":"https:\/\/4cantosalagoas.com.br\/portal\/wp-json\/wp\/v2\/posts\/11630\/revisions"}],"predecessor-version":[{"id":11632,"href":"https:\/\/4cantosalagoas.com.br\/portal\/wp-json\/wp\/v2\/posts\/11630\/revisions\/11632"}],"wp:featuredmedia":[{"embeddable":true,"href":"https:\/\/4cantosalagoas.com.br\/portal\/wp-json\/wp\/v2\/media\/11631"}],"wp:attachment":[{"href":"https:\/\/4cantosalagoas.com.br\/portal\/wp-json\/wp\/v2\/media?parent=11630"}],"wp:term":[{"taxonomy":"category","embeddable":true,"href":"https:\/\/4cantosalagoas.com.br\/portal\/wp-json\/wp\/v2\/categories?post=11630"},{"taxonomy":"post_tag","embeddable":true,"href":"https:\/\/4cantosalagoas.com.br\/portal\/wp-json\/wp\/v2\/tags?post=11630"}],"curies":[{"name":"wp","href":"https:\/\/api.w.org\/{rel}","templated":true}]}}