{"id":11624,"date":"2020-06-19T18:55:53","date_gmt":"2020-06-19T21:55:53","guid":{"rendered":"http:\/\/4cantosalagoas.com.br\/portal\/?p=11624"},"modified":"2020-06-19T18:55:58","modified_gmt":"2020-06-19T21:55:58","slug":"policia-civil-prende-acusado-de-trafico-que-ameacava-moradores-na-levada","status":"publish","type":"post","link":"https:\/\/4cantosalagoas.com.br\/portal\/policia-civil-prende-acusado-de-trafico-que-ameacava-moradores-na-levada\/","title":{"rendered":"Pol\u00edcia Civil prende acusado de tr\u00e1fico que amea\u00e7ava moradores na Levada"},"content":{"rendered":"\n<figure class=\"wp-block-image\"><img fetchpriority=\"high\" decoding=\"async\" width=\"955\" height=\"716\" src=\"http:\/\/4cantosalagoas.com.br\/portal\/wp-content\/uploads\/2019\/02\/imagem-de-pol\u00edcia-civil.jpg\" alt=\"\" class=\"wp-image-6713\" srcset=\"https:\/\/4cantosalagoas.com.br\/portal\/wp-content\/uploads\/2019\/02\/imagem-de-pol\u00edcia-civil.jpg 955w, https:\/\/4cantosalagoas.com.br\/portal\/wp-content\/uploads\/2019\/02\/imagem-de-pol\u00edcia-civil-300x225.jpg 300w, https:\/\/4cantosalagoas.com.br\/portal\/wp-content\/uploads\/2019\/02\/imagem-de-pol\u00edcia-civil-768x576.jpg 768w, https:\/\/4cantosalagoas.com.br\/portal\/wp-content\/uploads\/2019\/02\/imagem-de-pol\u00edcia-civil-375x281.jpg 375w, https:\/\/4cantosalagoas.com.br\/portal\/wp-content\/uploads\/2019\/02\/imagem-de-pol\u00edcia-civil-465x349.jpg 465w, https:\/\/4cantosalagoas.com.br\/portal\/wp-content\/uploads\/2019\/02\/imagem-de-pol\u00edcia-civil-667x500.jpg 667w\" sizes=\"(max-width: 955px) 100vw, 955px\" \/><figcaption>Assessoria<\/figcaption><\/figure>\n\n\n\n<p>A equipe do 3\u00ba Distrito Policial (3\u00baDP), sob o comando da delegada Maria Tereza Ramos, prendeu e autuou na manh\u00e3 desta sexta-feira (19) um homem de 42 anos acusado de vender e consumir drogas na pra\u00e7a das Gra\u00e7as, em Macei\u00f3.<\/p>\n\n\n\n<p>De acordo com o relato do chefe de opera\u00e7\u00f5es do 3\u00baDP, Gerson Guimar\u00e3es, o acusado era bastante temido no bairro da Levada. Al\u00e9m da venda e consumo de drogas, ele amea\u00e7ava os moradores daquele local e chegou a amea\u00e7ar um comerciante da regi\u00e3o utilizando uma barra de ferro. A ocorr\u00eancia foi registrada pela v\u00edtima.<\/p>\n\n\n\n<p>Os agentes do 3\u00baDP est\u00e3o realizando outros procedimentos policiais para saber se o acusado possui mandado de pris\u00e3o em aberto j\u00e1 que chegaram v\u00e1rias den\u00fancias informando que ele seria foragido da Justi\u00e7a.<\/p>\n\n\n\n<p>Assessoria<\/p>\n","protected":false},"excerpt":{"rendered":"<p>A equipe do 3\u00ba Distrito Policial (3\u00baDP), sob o comando da delegada Maria Tereza Ramos, prendeu e<\/p>\n","protected":false},"author":1,"featured_media":6713,"comment_status":"open","ping_status":"open","sticky":false,"template":"","format":"standard","meta":{"footnotes":""},"categories":[60],"tags":[],"class_list":["post-11624","post","type-post","status-publish","format-standard","has-post-thumbnail","hentry","category-capa"],"_links":{"self":[{"href":"https:\/\/4cantosalagoas.com.br\/portal\/wp-json\/wp\/v2\/posts\/11624","targetHints":{"allow":["GET"]}}],"collection":[{"href":"https:\/\/4cantosalagoas.com.br\/portal\/wp-json\/wp\/v2\/posts"}],"about":[{"href":"https:\/\/4cantosalagoas.com.br\/portal\/wp-json\/wp\/v2\/types\/post"}],"author":[{"embeddable":true,"href":"https:\/\/4cantosalagoas.com.br\/portal\/wp-json\/wp\/v2\/users\/1"}],"replies":[{"embeddable":true,"href":"https:\/\/4cantosalagoas.com.br\/portal\/wp-json\/wp\/v2\/comments?post=11624"}],"version-history":[{"count":1,"href":"https:\/\/4cantosalagoas.com.br\/portal\/wp-json\/wp\/v2\/posts\/11624\/revisions"}],"predecessor-version":[{"id":11625,"href":"https:\/\/4cantosalagoas.com.br\/portal\/wp-json\/wp\/v2\/posts\/11624\/revisions\/11625"}],"wp:featuredmedia":[{"embeddable":true,"href":"https:\/\/4cantosalagoas.com.br\/portal\/wp-json\/wp\/v2\/media\/6713"}],"wp:attachment":[{"href":"https:\/\/4cantosalagoas.com.br\/portal\/wp-json\/wp\/v2\/media?parent=11624"}],"wp:term":[{"taxonomy":"category","embeddable":true,"href":"https:\/\/4cantosalagoas.com.br\/portal\/wp-json\/wp\/v2\/categories?post=11624"},{"taxonomy":"post_tag","embeddable":true,"href":"https:\/\/4cantosalagoas.com.br\/portal\/wp-json\/wp\/v2\/tags?post=11624"}],"curies":[{"name":"wp","href":"https:\/\/api.w.org\/{rel}","templated":true}]}}