{"id":11610,"date":"2020-06-18T06:32:42","date_gmt":"2020-06-18T09:32:42","guid":{"rendered":"http:\/\/4cantosalagoas.com.br\/portal\/?p=11610"},"modified":"2020-06-18T06:32:47","modified_gmt":"2020-06-18T09:32:47","slug":"seguranca-publica-localiza-envolvido-na-morte-de-sargento-da-pm-que-atira-nos-policiais-durante-abordagem","status":"publish","type":"post","link":"https:\/\/4cantosalagoas.com.br\/portal\/seguranca-publica-localiza-envolvido-na-morte-de-sargento-da-pm-que-atira-nos-policiais-durante-abordagem\/","title":{"rendered":"Seguran\u00e7a P\u00fablica localiza envolvido na morte de sargento da PM que atira nos policiais durante abordagem"},"content":{"rendered":"\n<figure class=\"wp-block-image\"><img fetchpriority=\"high\" decoding=\"async\" width=\"750\" height=\"500\" src=\"http:\/\/4cantosalagoas.com.br\/portal\/wp-content\/uploads\/2020\/06\/pcv.jpg\" alt=\"\" class=\"wp-image-11611\" srcset=\"https:\/\/4cantosalagoas.com.br\/portal\/wp-content\/uploads\/2020\/06\/pcv.jpg 750w, https:\/\/4cantosalagoas.com.br\/portal\/wp-content\/uploads\/2020\/06\/pcv-300x200.jpg 300w\" sizes=\"(max-width: 750px) 100vw, 750px\" \/><figcaption>Assessoria<\/figcaption><\/figure>\n\n\n\n<p>A Secretaria da Seguran\u00e7a P\u00fablica, por meio das Pol\u00edcias Civil e Militar, conseguiu localizar, na tarde desta quarta-feira (17), um envolvido na morte do 3\u00ba sargento da Pol\u00edcia Militar, Abra\u00e3o Emmanuel de Lima Soares. A opera\u00e7\u00e3o integrada mobilizou diversas unidades policiais e interceptou o homem, identificado como Madeirada, em Murici.<\/p>\n\n\n\n<p>As dilig\u00eancias vinham sendo realizadas desde a \u00faltima segunda-feira (15), logo ap\u00f3s a morte do militar. Na tarde de hoje, a Divis\u00e3o Especial de Investiga\u00e7\u00f5es e Capturas (Deic) recebeu informa\u00e7\u00f5es repassadas pelo Disque Den\u00fancia de que o principal suspeito do homic\u00eddio estava em deslocamento, saindo de Macei\u00f3 com destino ao munic\u00edpio de Uni\u00e3o dos Palmares, em um ve\u00edculo.&nbsp;<\/p>\n\n\n\n<p>Foi dado o alerta geral para v\u00e1rias unidades e ent\u00e3o houve in\u00edcio a busca pelo indiv\u00edduo, que foi coordenada pelo comandante do 5\u00ba Batalh\u00e3o. O carro foi interceptado no munic\u00edpio de Murici. Os militares iniciaram a abordagem e ordenaram a parada do ve\u00edculo, por\u00e9m ele n\u00e3o atendeu \u00e0 ordem policial e ainda atirou contra os militares.&nbsp;<\/p>\n\n\n\n<p>Os policiais reagiram \u00e0 injusta agress\u00e3o sofrida e o homem foi ferido. Ele ainda chegou a ser socorrido e levado ao Hospital Geral do Estado (HGE), em Macei\u00f3, mas n\u00e3o resistiu e entrou em \u00f3bito. Com ele, foi apreendido um rev\u00f3lver calibre 38, com duas muni\u00e7\u00f5es deflagradas e uma pinada. Ainda de acordo com as investiga\u00e7\u00f5es, Madeirada foi o respons\u00e1vel por deflagrar os tiros que vitimaram o sargento Abra\u00e3o.&nbsp;<\/p>\n\n\n\n<p>Participaram da opera\u00e7\u00e3o a Secretaria da Seguran\u00e7a P\u00fablica, militares do 1\u00ba, 4\u00ba e 5\u00ba Batalh\u00f5es, do Batalh\u00e3o de Guardas (BPGd), Radiopatrulha (BPRp), Batalh\u00e3o de Opera\u00e7\u00f5es Especiais (Bope), a 2\u00aa Se\u00e7\u00e3o da Pol\u00edcia Militar e do Comando de Policiamento da Capital (CPC), Divis\u00e3o Especial de Investiga\u00e7\u00e3o e Capturas (Deic), Grupo de Investiga\u00e7\u00e3o da Delegacia-Geral (GIDG), Grupamento A\u00e9reo e a Secretaria de Ressocializa\u00e7\u00e3o (Seris).&nbsp;<\/p>\n\n\n\n<p>A Pol\u00edcia Civil segue apurando o caso para saber a real motiva\u00e7\u00e3o do crime. A popula\u00e7\u00e3o pode colaborar com a Seguran\u00e7a P\u00fablica repassando mais informa\u00e7\u00f5es referentes ao caso por meio do Disque-Denuncia 181. A liga\u00e7\u00e3o \u00e9 gratuita e o sigilo garantido.<\/p>\n\n\n\n<p>Assessoria<\/p>\n","protected":false},"excerpt":{"rendered":"<p>A Secretaria da Seguran\u00e7a P\u00fablica, por meio das Pol\u00edcias Civil e Militar, conseguiu localizar, na tarde desta<\/p>\n","protected":false},"author":1,"featured_media":11611,"comment_status":"open","ping_status":"open","sticky":false,"template":"","format":"standard","meta":{"footnotes":""},"categories":[60],"tags":[],"class_list":["post-11610","post","type-post","status-publish","format-standard","has-post-thumbnail","hentry","category-capa"],"_links":{"self":[{"href":"https:\/\/4cantosalagoas.com.br\/portal\/wp-json\/wp\/v2\/posts\/11610","targetHints":{"allow":["GET"]}}],"collection":[{"href":"https:\/\/4cantosalagoas.com.br\/portal\/wp-json\/wp\/v2\/posts"}],"about":[{"href":"https:\/\/4cantosalagoas.com.br\/portal\/wp-json\/wp\/v2\/types\/post"}],"author":[{"embeddable":true,"href":"https:\/\/4cantosalagoas.com.br\/portal\/wp-json\/wp\/v2\/users\/1"}],"replies":[{"embeddable":true,"href":"https:\/\/4cantosalagoas.com.br\/portal\/wp-json\/wp\/v2\/comments?post=11610"}],"version-history":[{"count":1,"href":"https:\/\/4cantosalagoas.com.br\/portal\/wp-json\/wp\/v2\/posts\/11610\/revisions"}],"predecessor-version":[{"id":11612,"href":"https:\/\/4cantosalagoas.com.br\/portal\/wp-json\/wp\/v2\/posts\/11610\/revisions\/11612"}],"wp:featuredmedia":[{"embeddable":true,"href":"https:\/\/4cantosalagoas.com.br\/portal\/wp-json\/wp\/v2\/media\/11611"}],"wp:attachment":[{"href":"https:\/\/4cantosalagoas.com.br\/portal\/wp-json\/wp\/v2\/media?parent=11610"}],"wp:term":[{"taxonomy":"category","embeddable":true,"href":"https:\/\/4cantosalagoas.com.br\/portal\/wp-json\/wp\/v2\/categories?post=11610"},{"taxonomy":"post_tag","embeddable":true,"href":"https:\/\/4cantosalagoas.com.br\/portal\/wp-json\/wp\/v2\/tags?post=11610"}],"curies":[{"name":"wp","href":"https:\/\/api.w.org\/{rel}","templated":true}]}}