{"id":11585,"date":"2020-06-16T18:23:53","date_gmt":"2020-06-16T21:23:53","guid":{"rendered":"http:\/\/4cantosalagoas.com.br\/portal\/?p=11585"},"modified":"2020-06-16T18:23:58","modified_gmt":"2020-06-16T21:23:58","slug":"sou-empreendedor-o-que-fazer-para-gerir-meu-negocio-apos-pandemia","status":"publish","type":"post","link":"https:\/\/4cantosalagoas.com.br\/portal\/sou-empreendedor-o-que-fazer-para-gerir-meu-negocio-apos-pandemia\/","title":{"rendered":"\u201cSou empreendedor: o que fazer para gerir meu neg\u00f3cio ap\u00f3s pandemia? \u201d"},"content":{"rendered":"\n<figure class=\"wp-block-image\"><img fetchpriority=\"high\" decoding=\"async\" width=\"639\" height=\"590\" src=\"http:\/\/4cantosalagoas.com.br\/portal\/wp-content\/uploads\/2020\/05\/prof.jpg\" alt=\"\" class=\"wp-image-11370\" srcset=\"https:\/\/4cantosalagoas.com.br\/portal\/wp-content\/uploads\/2020\/05\/prof.jpg 639w, https:\/\/4cantosalagoas.com.br\/portal\/wp-content\/uploads\/2020\/05\/prof-300x277.jpg 300w\" sizes=\"(max-width: 639px) 100vw, 639px\" \/><figcaption>Professor: Jos\u00e9 Senivaldo Liberato<\/figcaption><\/figure>\n\n\n\n<p>Se voc\u00ea empreendedor est\u00e1 se sentindo angustiado, desmotivado, desesperado, com a sensa\u00e7\u00e3o de incompet\u00eancia, buscando uma solu\u00e7\u00e3o sobre o que fazer para gerir seu neg\u00f3cio ou voltar a gerir ap\u00f3s a implementa\u00e7\u00e3o dos protocolos de seguran\u00e7a sobre a retomada da economia com as reaberturas das demais empresas em tempos de pandemia, (fato que muitos de n\u00f3s n\u00e3o vivenciamos em outros momentos), devo lhe alertar: nada disso ir\u00e1 resolver!<\/p>\n\n\n\n<p><strong>Voc\u00ea pode dizer: Sim, isso eu sei!&nbsp;<\/strong><\/p>\n\n\n\n<p><strong>Da\u00ed lhe pergunto: Por que continua com esses sentimentos?&nbsp;&nbsp;<\/strong><\/p>\n\n\n\n<p>Tamb\u00e9m sou empreendedor e sei exatamente o que cada um de n\u00f3s pequenos empreendedores estamos vivendo e ainda viveremos ap\u00f3s esse per\u00edodo delicado da sa\u00fade p\u00fablica mundial. A grande pergunta deve ser como devo proceder diante de um cen\u00e1rio t\u00e3o incerto como nunca visto antes na hist\u00f3ria da economia mundial? Ressalte-se que tivemos alguns casos na hist\u00f3ria mundial de algo semelhante, mas n\u00e3o com essa magnitude.<\/p>\n\n\n\n<p>Ent\u00e3o sejamos pr\u00e1ticos, sem teorias conspirat\u00f3rias, sem devaneios econ\u00f4micos de cen\u00e1rio prov\u00e1veis e at\u00e9 imposs\u00edveis, lhe ofere\u00e7o uma orienta\u00e7\u00e3o de como faz\u00ea-lo: <strong>utilize a t\u00e9cnica dos tr\u00eas P\u2019s<\/strong>: Parar, pensar e planejar. Isso! R\u00e1pido e pr\u00e1tico!&nbsp;<\/p>\n\n\n\n<p><strong>Mas como funciona?&nbsp;<\/strong><\/p>\n\n\n\n<p>N\u00e3o estou aqui desmerecendo nenhuma explana\u00e7\u00e3o de cen\u00e1rios econ\u00f4micos, apenas dizendo que tem que ter a a\u00e7\u00e3o, e isso voc\u00ea empreendedor sabe bem como funciona. Os tr\u00eas P\u2019s tem a premissa de fazer voc\u00ea agir com o foco na resolu\u00e7\u00e3o do problema. Pois bem vejamos cada um:&nbsp;<\/p>\n\n\n\n<p><strong>PARAR:<\/strong> voc\u00ea, assim como eu, precisa parar com todo o sentimentalismo do neg\u00f3cio e as ang\u00fastias que envolvem a gest\u00e3o atual. \u00c0s vezes \u00e9 necess\u00e1rio parar para organizar as ideias, por quanto tempo for necess\u00e1rio, portanto, o pr\u00f3ximo P \u00e9 fundamental.&nbsp;<\/p>\n\n\n\n<p><strong>PENSAR: <\/strong>Analise seu neg\u00f3cio, pense em como ele est\u00e1 agora e qual cen\u00e1rio voc\u00ea vislumbra para os pr\u00f3ximos seis meses, n\u00e3o importa o tamanho do problema se n\u00e3o encarar n\u00e3o resolve. Junte todas as informa\u00e7\u00f5es dispon\u00edveis de mercado, voc\u00ea ir\u00e1 com certeza encontrar uma nova oportunidade. Com essa linha de pensamento iremos para o P seguinte.&nbsp;<\/p>\n\n\n\n<p><strong>PLANEJAR:<\/strong> isso mesmo! Alguns podem dizer isso eu j\u00e1 fa\u00e7o? Da\u00ed pergunto e est\u00e1 colocando em pr\u00e1tica o que planejou? Se sim, maravilha, siga em frente. Caso n\u00e3o, aja de forma proativa e replaneje seu neg\u00f3cio para que possa ter uma virada espetacular quando as portas da economia se abrir novamente. N\u00e3o basta ser apenas otimista, precisamos ser realistas executadores.&nbsp;<\/p>\n\n\n\n<p>Tr\u00eas P\u2019s, tr\u00eas solu\u00e7\u00f5es que podem mudar o rumo de seus neg\u00f3cios. Sigam em frente! Supra as necessidades que surgir\u00e3o dentro de seu segmento, e se for necess\u00e1rio, reinvente-se! Afinal que tem sangue empreendedor na veia sabe como de fato funciona o mundo dos neg\u00f3cios!<\/p>\n\n\n\n<p>Pense nisso&#8230;&nbsp;<\/p>\n\n\n\n<p>Sucessos e at\u00e9 a pr\u00f3xima!<\/p>\n\n\n\n<p><strong><em>Jos\u00e9 Senivaldo Liberato,<\/em><\/strong><strong><em>Professor Universit\u00e1rio, Palestrante Inspirador e S\u00f3cio-Diretor da A+ Consultoria Empresarial e Pessoal. <\/em><\/strong><a href=\"mailto:senivaldoamais@gmail.com\">senivaldoamais@gmail.com<\/a>  <br><\/p>\n","protected":false},"excerpt":{"rendered":"<p>Se voc\u00ea empreendedor est\u00e1 se sentindo angustiado, desmotivado, desesperado, com a sensa\u00e7\u00e3o de incompet\u00eancia, buscando uma solu\u00e7\u00e3o<\/p>\n","protected":false},"author":1,"featured_media":11370,"comment_status":"open","ping_status":"open","sticky":false,"template":"","format":"standard","meta":{"footnotes":""},"categories":[60],"tags":[],"class_list":["post-11585","post","type-post","status-publish","format-standard","has-post-thumbnail","hentry","category-capa"],"_links":{"self":[{"href":"https:\/\/4cantosalagoas.com.br\/portal\/wp-json\/wp\/v2\/posts\/11585","targetHints":{"allow":["GET"]}}],"collection":[{"href":"https:\/\/4cantosalagoas.com.br\/portal\/wp-json\/wp\/v2\/posts"}],"about":[{"href":"https:\/\/4cantosalagoas.com.br\/portal\/wp-json\/wp\/v2\/types\/post"}],"author":[{"embeddable":true,"href":"https:\/\/4cantosalagoas.com.br\/portal\/wp-json\/wp\/v2\/users\/1"}],"replies":[{"embeddable":true,"href":"https:\/\/4cantosalagoas.com.br\/portal\/wp-json\/wp\/v2\/comments?post=11585"}],"version-history":[{"count":1,"href":"https:\/\/4cantosalagoas.com.br\/portal\/wp-json\/wp\/v2\/posts\/11585\/revisions"}],"predecessor-version":[{"id":11586,"href":"https:\/\/4cantosalagoas.com.br\/portal\/wp-json\/wp\/v2\/posts\/11585\/revisions\/11586"}],"wp:featuredmedia":[{"embeddable":true,"href":"https:\/\/4cantosalagoas.com.br\/portal\/wp-json\/wp\/v2\/media\/11370"}],"wp:attachment":[{"href":"https:\/\/4cantosalagoas.com.br\/portal\/wp-json\/wp\/v2\/media?parent=11585"}],"wp:term":[{"taxonomy":"category","embeddable":true,"href":"https:\/\/4cantosalagoas.com.br\/portal\/wp-json\/wp\/v2\/categories?post=11585"},{"taxonomy":"post_tag","embeddable":true,"href":"https:\/\/4cantosalagoas.com.br\/portal\/wp-json\/wp\/v2\/tags?post=11585"}],"curies":[{"name":"wp","href":"https:\/\/api.w.org\/{rel}","templated":true}]}}