{"id":11475,"date":"2020-06-03T18:15:06","date_gmt":"2020-06-03T21:15:06","guid":{"rendered":"http:\/\/4cantosalagoas.com.br\/portal\/?p=11475"},"modified":"2020-06-03T18:15:11","modified_gmt":"2020-06-03T21:15:11","slug":"batalhoes-do-cpc-registram-apreensoes-de-arma-de-fogo-e-drogas","status":"publish","type":"post","link":"https:\/\/4cantosalagoas.com.br\/portal\/batalhoes-do-cpc-registram-apreensoes-de-arma-de-fogo-e-drogas\/","title":{"rendered":"Batalh\u00f5es do CPC registram apreens\u00f5es de arma de fogo e drogas"},"content":{"rendered":"\n<figure class=\"wp-block-image\"><img fetchpriority=\"high\" decoding=\"async\" width=\"600\" height=\"450\" src=\"http:\/\/4cantosalagoas.com.br\/portal\/wp-content\/uploads\/2020\/06\/rifli.jpg\" alt=\"\" class=\"wp-image-11476\" srcset=\"https:\/\/4cantosalagoas.com.br\/portal\/wp-content\/uploads\/2020\/06\/rifli.jpg 600w, https:\/\/4cantosalagoas.com.br\/portal\/wp-content\/uploads\/2020\/06\/rifli-300x225.jpg 300w\" sizes=\"(max-width: 600px) 100vw, 600px\" \/><figcaption> <br>Material apreendido em resid\u00eancia da Barra de S\u00e3o Miguel    <br><br><br><\/figcaption><\/figure>\n\n\n\n<p>Equipes do Batalh\u00e3o de Pol\u00edcia de Guardas (BPGd) e da 5\u00aa Companhia de Pol\u00edcia Militar Independente (CPM\/I), pertencentes ao Comando de Policiamento da Capital (CPC), retiraram de circula\u00e7\u00e3o das ruas alagoanas mais duas armas de fogo.<\/p>\n\n\n\n<p>Em Macei\u00f3, na noite dessa ter\u00e7a-feira (02), a For\u00e7a T\u00e1tica do BPGd realizava patrulhamento no Santos Dumont quando&nbsp;se deparou com um indiv\u00edduo fumando na porta de uma resid\u00eancia,&nbsp;e este&nbsp;ao avistar a equipe&nbsp;adentrou&nbsp;rapidamente&nbsp;na casa. Os militares sentiram o cheiro forte de entorpecente e realizaram uma busca no local.<\/p>\n\n\n\n<p>O homem ainda tentou se livrar de umas caixas de sapato que continham drogas. Um total de 590 gramas de maconha, outras sete gramas de coca\u00edna e duas balan\u00e7as de precis\u00e3o foram apreendidas com o infrator de 28 anos, que foi detido e apresentado na Central de Flagrantes.<\/p>\n\n\n\n<p>Em outra a\u00e7\u00e3o, a&nbsp;For\u00e7a T\u00e1tica recebeu&nbsp;uma&nbsp;informa\u00e7\u00e3o&nbsp;do Servi\u00e7o de Intelig\u00eancia da Unidade Operacional&nbsp;de que um indiv\u00edduo estaria&nbsp;em um posto de combust\u00edvel, do bairro do Tabuleiro, tentando comercializar uma arma de fogo.<\/p>\n\n\n\n<figure class=\"wp-block-image\"><img decoding=\"async\" src=\"http:\/\/www.pm.al.gov.br\/images\/2020\/06_-_Junho\/03.06bpgd.jpeg\" alt=\"\"\/><\/figure>\n\n\n\n<p>Os militares se&nbsp;deslocaram&nbsp;at\u00e9 o local onde avistaram&nbsp;o ve\u00edculo&nbsp;do suspeito e realizaram a&nbsp;abordagem e busca&nbsp;veicular sendo&nbsp;encontrada uma espingarda&nbsp;calibre&nbsp;44&nbsp;em seu interior.&nbsp;O jovem foi apresentado na Central de Flagrantes para&nbsp;as medidas cab\u00edveis.<\/p>\n\n\n\n<p>J\u00e1 na Barra de S\u00e3o Miguel, \u00e1rea da 5\u00aa CPM\/I, ap\u00f3s levantamentos&nbsp;do Servi\u00e7o de Intelig\u00eancia da Unidade Operacional, equipes da For\u00e7a Tarefa se deslocaram at\u00e9 o&nbsp;Povoado Palat\u00e9ia&nbsp;e constataram que um homem de 49 anos possu\u00eda em sua casa uma arma de fogo.<\/p>\n\n\n\n<p>Na resid\u00eancia do suspeito, ap\u00f3s uma busca autorizada, foi apreendida uma\u00a0espingarda calibre 36\u00a0contendo tr\u00eas\u00a0muni\u00e7\u00f5es, al\u00e9m de facas, fac\u00f5es, machados, balaclava,\u00a0p\u00f3lvora\u00a0e chumbo. Diante do\u00a0flagrante ele\u00a0foi encaminhado a Delegacia para os procedimentos cab\u00edveis.<\/p>\n\n\n\n<p>Assessoria<\/p>\n","protected":false},"excerpt":{"rendered":"<p>Equipes do Batalh\u00e3o de Pol\u00edcia de Guardas (BPGd) e da 5\u00aa Companhia de Pol\u00edcia Militar Independente (CPM\/I),<\/p>\n","protected":false},"author":1,"featured_media":11476,"comment_status":"open","ping_status":"open","sticky":false,"template":"","format":"standard","meta":{"footnotes":""},"categories":[60],"tags":[],"class_list":["post-11475","post","type-post","status-publish","format-standard","has-post-thumbnail","hentry","category-capa"],"_links":{"self":[{"href":"https:\/\/4cantosalagoas.com.br\/portal\/wp-json\/wp\/v2\/posts\/11475","targetHints":{"allow":["GET"]}}],"collection":[{"href":"https:\/\/4cantosalagoas.com.br\/portal\/wp-json\/wp\/v2\/posts"}],"about":[{"href":"https:\/\/4cantosalagoas.com.br\/portal\/wp-json\/wp\/v2\/types\/post"}],"author":[{"embeddable":true,"href":"https:\/\/4cantosalagoas.com.br\/portal\/wp-json\/wp\/v2\/users\/1"}],"replies":[{"embeddable":true,"href":"https:\/\/4cantosalagoas.com.br\/portal\/wp-json\/wp\/v2\/comments?post=11475"}],"version-history":[{"count":1,"href":"https:\/\/4cantosalagoas.com.br\/portal\/wp-json\/wp\/v2\/posts\/11475\/revisions"}],"predecessor-version":[{"id":11477,"href":"https:\/\/4cantosalagoas.com.br\/portal\/wp-json\/wp\/v2\/posts\/11475\/revisions\/11477"}],"wp:featuredmedia":[{"embeddable":true,"href":"https:\/\/4cantosalagoas.com.br\/portal\/wp-json\/wp\/v2\/media\/11476"}],"wp:attachment":[{"href":"https:\/\/4cantosalagoas.com.br\/portal\/wp-json\/wp\/v2\/media?parent=11475"}],"wp:term":[{"taxonomy":"category","embeddable":true,"href":"https:\/\/4cantosalagoas.com.br\/portal\/wp-json\/wp\/v2\/categories?post=11475"},{"taxonomy":"post_tag","embeddable":true,"href":"https:\/\/4cantosalagoas.com.br\/portal\/wp-json\/wp\/v2\/tags?post=11475"}],"curies":[{"name":"wp","href":"https:\/\/api.w.org\/{rel}","templated":true}]}}