{"id":11423,"date":"2020-05-28T06:22:42","date_gmt":"2020-05-28T09:22:42","guid":{"rendered":"http:\/\/4cantosalagoas.com.br\/portal\/?p=11423"},"modified":"2020-05-28T06:22:46","modified_gmt":"2020-05-28T09:22:46","slug":"policia-civil-prende-acusado-de-trafico-de-drogas-no-sertao-alagoano","status":"publish","type":"post","link":"https:\/\/4cantosalagoas.com.br\/portal\/policia-civil-prende-acusado-de-trafico-de-drogas-no-sertao-alagoano\/","title":{"rendered":"Pol\u00edcia Civil prende acusado de tr\u00e1fico de drogas no Sert\u00e3o alagoano"},"content":{"rendered":"\n<figure class=\"wp-block-image\"><img fetchpriority=\"high\" decoding=\"async\" width=\"859\" height=\"783\" src=\"http:\/\/4cantosalagoas.com.br\/portal\/wp-content\/uploads\/2020\/02\/pc.jpg\" alt=\"\" class=\"wp-image-10283\" srcset=\"https:\/\/4cantosalagoas.com.br\/portal\/wp-content\/uploads\/2020\/02\/pc.jpg 859w, https:\/\/4cantosalagoas.com.br\/portal\/wp-content\/uploads\/2020\/02\/pc-300x273.jpg 300w, https:\/\/4cantosalagoas.com.br\/portal\/wp-content\/uploads\/2020\/02\/pc-768x700.jpg 768w\" sizes=\"(max-width: 859px) 100vw, 859px\" \/><figcaption>Policia Civil Assessoria<\/figcaption><\/figure>\n\n\n\n<p>Em mais uma a\u00e7\u00e3o da Pol\u00edcia Civil, deflagrada na manh\u00e3 desta quarta-feira (27), agentes da 2\u00aa Delegacia Regional de Santana do Ipanema (2\u00aa DRP) e da Ger\u00eancia de Pol\u00edcia Judici\u00e1ria da Regi\u00e3o 4 (GPJ 4) prenderam um homem de 25 anos por envolvimento com o tr\u00e1fico de drogas no Sert\u00e3o alagoano.<\/p>\n\n\n\n<p>De acordo com o delegado Hugo Leonardo, titular da 2\u00aa DRP, o acusado tem envolvimento com a pr\u00e1tica do crime de tr\u00e1fico de drogas na cidade de Santana do Ipanema e regi\u00e3o. \u201cA investiga\u00e7\u00e3o da Pol\u00edcia Civil foi conclu\u00edda e, ap\u00f3s representa\u00e7\u00e3o, a pris\u00e3o do suspeito foi decretada pelo Judici\u00e1rio da Comarca de Santana do Ipanema\u201d, frisou.<\/p>\n\n\n\n<p>O acusado, ap\u00f3s a pris\u00e3o em cumprimento a mandado de pris\u00e3o expedido pelo juiz Leandro de Castro Folly, da 3\u00aa Vara de Santana do Ipanema, foi recolhido ao xadrez do Centro Integrado de Seguran\u00e7a P\u00fablica (CISP), do munic\u00edpio de Ouro Branco, onde encontra-se \u00e0 disposi\u00e7\u00e3o do Poder Judici\u00e1rio.<\/p>\n\n\n\n<p>Assessoria<\/p>\n","protected":false},"excerpt":{"rendered":"<p>Em mais uma a\u00e7\u00e3o da Pol\u00edcia Civil, deflagrada na manh\u00e3 desta quarta-feira (27), agentes da 2\u00aa Delegacia<\/p>\n","protected":false},"author":1,"featured_media":10283,"comment_status":"open","ping_status":"open","sticky":false,"template":"","format":"standard","meta":{"footnotes":""},"categories":[60],"tags":[],"class_list":["post-11423","post","type-post","status-publish","format-standard","has-post-thumbnail","hentry","category-capa"],"_links":{"self":[{"href":"https:\/\/4cantosalagoas.com.br\/portal\/wp-json\/wp\/v2\/posts\/11423","targetHints":{"allow":["GET"]}}],"collection":[{"href":"https:\/\/4cantosalagoas.com.br\/portal\/wp-json\/wp\/v2\/posts"}],"about":[{"href":"https:\/\/4cantosalagoas.com.br\/portal\/wp-json\/wp\/v2\/types\/post"}],"author":[{"embeddable":true,"href":"https:\/\/4cantosalagoas.com.br\/portal\/wp-json\/wp\/v2\/users\/1"}],"replies":[{"embeddable":true,"href":"https:\/\/4cantosalagoas.com.br\/portal\/wp-json\/wp\/v2\/comments?post=11423"}],"version-history":[{"count":1,"href":"https:\/\/4cantosalagoas.com.br\/portal\/wp-json\/wp\/v2\/posts\/11423\/revisions"}],"predecessor-version":[{"id":11424,"href":"https:\/\/4cantosalagoas.com.br\/portal\/wp-json\/wp\/v2\/posts\/11423\/revisions\/11424"}],"wp:featuredmedia":[{"embeddable":true,"href":"https:\/\/4cantosalagoas.com.br\/portal\/wp-json\/wp\/v2\/media\/10283"}],"wp:attachment":[{"href":"https:\/\/4cantosalagoas.com.br\/portal\/wp-json\/wp\/v2\/media?parent=11423"}],"wp:term":[{"taxonomy":"category","embeddable":true,"href":"https:\/\/4cantosalagoas.com.br\/portal\/wp-json\/wp\/v2\/categories?post=11423"},{"taxonomy":"post_tag","embeddable":true,"href":"https:\/\/4cantosalagoas.com.br\/portal\/wp-json\/wp\/v2\/tags?post=11423"}],"curies":[{"name":"wp","href":"https:\/\/api.w.org\/{rel}","templated":true}]}}