{"id":11413,"date":"2020-05-26T18:19:38","date_gmt":"2020-05-26T21:19:38","guid":{"rendered":"http:\/\/4cantosalagoas.com.br\/portal\/?p=11413"},"modified":"2020-05-26T18:19:44","modified_gmt":"2020-05-26T21:19:44","slug":"policia-civil-prende-mais-um-envolvido-em-homicidio-na-capital","status":"publish","type":"post","link":"https:\/\/4cantosalagoas.com.br\/portal\/policia-civil-prende-mais-um-envolvido-em-homicidio-na-capital\/","title":{"rendered":"Pol\u00edcia Civil prende mais um envolvido em homic\u00eddio na capital"},"content":{"rendered":"\n<figure class=\"wp-block-image\"><img fetchpriority=\"high\" decoding=\"async\" width=\"750\" height=\"500\" src=\"http:\/\/4cantosalagoas.com.br\/portal\/wp-content\/uploads\/2020\/05\/DHPP.thumbnail.jpg\" alt=\"\" class=\"wp-image-11414\" srcset=\"https:\/\/4cantosalagoas.com.br\/portal\/wp-content\/uploads\/2020\/05\/DHPP.thumbnail.jpg 750w, https:\/\/4cantosalagoas.com.br\/portal\/wp-content\/uploads\/2020\/05\/DHPP.thumbnail-300x200.jpg 300w\" sizes=\"(max-width: 750px) 100vw, 750px\" \/><figcaption>Assessoria<\/figcaption><\/figure>\n\n\n\n<p>Policiais civis&nbsp;da Delegacia de Homic\u00eddios e Prote\u00e7\u00e3o \u00e0 Pessoa (DHPP), por meio da&nbsp;3\u00aa DHC, prenderam na manh\u00e3 desta ter\u00e7a-feira (26), em Porto Calvo-AL, mais um acusado de participa\u00e7\u00e3o no homic\u00eddio ocorrido&nbsp;na rua Santa Luzia,&nbsp;no conjunto&nbsp;Village Campestre, em Macei\u00f3, no dia 27 de janeiro deste ano.<\/p>\n\n\n\n<p>Segundo as investiga\u00e7\u00f5es, o homem de 19 anos,&nbsp;preso hoje, tamb\u00e9m participou do assassinato de Lucas Jos\u00e9 dos Santos. Ele foi v\u00edtima de espancamento e ainda sofreu v\u00e1rias espetadas. Depois de morto, os acusados jogaram o corpo em um buraco localizado no fundo de um condom\u00ednio, no local onde o fato ocorreu.<\/p>\n\n\n\n<p>A delegada Tacyane Virg\u00edlio Ribeiro foi quem presidiu o inqu\u00e9rito policial e representou pela pris\u00e3o de todos os envolvidos. At\u00e9 o momento, tr\u00eas envolvidos no crime encontram-se presos.<\/p>\n\n\n\n<p>Assessoria<\/p>\n","protected":false},"excerpt":{"rendered":"<p>Policiais civis&nbsp;da Delegacia de Homic\u00eddios e Prote\u00e7\u00e3o \u00e0 Pessoa (DHPP), por meio da&nbsp;3\u00aa DHC, prenderam na manh\u00e3<\/p>\n","protected":false},"author":1,"featured_media":11414,"comment_status":"open","ping_status":"open","sticky":false,"template":"","format":"standard","meta":{"footnotes":""},"categories":[60],"tags":[],"class_list":["post-11413","post","type-post","status-publish","format-standard","has-post-thumbnail","hentry","category-capa"],"_links":{"self":[{"href":"https:\/\/4cantosalagoas.com.br\/portal\/wp-json\/wp\/v2\/posts\/11413","targetHints":{"allow":["GET"]}}],"collection":[{"href":"https:\/\/4cantosalagoas.com.br\/portal\/wp-json\/wp\/v2\/posts"}],"about":[{"href":"https:\/\/4cantosalagoas.com.br\/portal\/wp-json\/wp\/v2\/types\/post"}],"author":[{"embeddable":true,"href":"https:\/\/4cantosalagoas.com.br\/portal\/wp-json\/wp\/v2\/users\/1"}],"replies":[{"embeddable":true,"href":"https:\/\/4cantosalagoas.com.br\/portal\/wp-json\/wp\/v2\/comments?post=11413"}],"version-history":[{"count":1,"href":"https:\/\/4cantosalagoas.com.br\/portal\/wp-json\/wp\/v2\/posts\/11413\/revisions"}],"predecessor-version":[{"id":11415,"href":"https:\/\/4cantosalagoas.com.br\/portal\/wp-json\/wp\/v2\/posts\/11413\/revisions\/11415"}],"wp:featuredmedia":[{"embeddable":true,"href":"https:\/\/4cantosalagoas.com.br\/portal\/wp-json\/wp\/v2\/media\/11414"}],"wp:attachment":[{"href":"https:\/\/4cantosalagoas.com.br\/portal\/wp-json\/wp\/v2\/media?parent=11413"}],"wp:term":[{"taxonomy":"category","embeddable":true,"href":"https:\/\/4cantosalagoas.com.br\/portal\/wp-json\/wp\/v2\/categories?post=11413"},{"taxonomy":"post_tag","embeddable":true,"href":"https:\/\/4cantosalagoas.com.br\/portal\/wp-json\/wp\/v2\/tags?post=11413"}],"curies":[{"name":"wp","href":"https:\/\/api.w.org\/{rel}","templated":true}]}}