{"id":11379,"date":"2020-05-22T18:47:53","date_gmt":"2020-05-22T21:47:53","guid":{"rendered":"http:\/\/4cantosalagoas.com.br\/portal\/?p=11379"},"modified":"2020-05-22T18:47:57","modified_gmt":"2020-05-22T21:47:57","slug":"forum-de-teatro-de-maceio-conquista-comite-de-crise-da-cultura-propoe-mapeamento-sociocultural","status":"publish","type":"post","link":"https:\/\/4cantosalagoas.com.br\/portal\/forum-de-teatro-de-maceio-conquista-comite-de-crise-da-cultura-propoe-mapeamento-sociocultural\/","title":{"rendered":"F\u00f3rum de Teatro de Macei\u00f3 conquista Comit\u00ea de Crise da Cultura, prop\u00f5e Mapeamento Sociocultural"},"content":{"rendered":"\n<figure class=\"wp-block-image\"><img fetchpriority=\"high\" decoding=\"async\" width=\"704\" height=\"708\" src=\"http:\/\/4cantosalagoas.com.br\/portal\/wp-content\/uploads\/2020\/05\/arrtes.jpg\" alt=\"\" class=\"wp-image-11380\" srcset=\"https:\/\/4cantosalagoas.com.br\/portal\/wp-content\/uploads\/2020\/05\/arrtes.jpg 704w, https:\/\/4cantosalagoas.com.br\/portal\/wp-content\/uploads\/2020\/05\/arrtes-150x150.jpg 150w, https:\/\/4cantosalagoas.com.br\/portal\/wp-content\/uploads\/2020\/05\/arrtes-298x300.jpg 298w\" sizes=\"(max-width: 704px) 100vw, 704px\" \/><figcaption>Assessoria<\/figcaption><\/figure>\n\n\n\n<p><em>Saiba como participar destas a\u00e7\u00f5es de formula\u00e7\u00e3o de Pol\u00edticas P\u00fablicas para o setor Cultural em tempos de pandemia<\/em><\/p>\n\n\n\n<p>O Comit\u00ea de Crise da Cultura foi criado em resposta as propostas do F\u00f3rum de Teatro de Macei\u00f3 (FTM), que tem como objetivo a unifica\u00e7\u00e3o dos diversos segmentos em prol da constitui\u00e7\u00e3o de pol\u00edticas p\u00fablicas em prol cultura, de forma participativa entre entidades representativas e os \u00f3rg\u00e3os p\u00fablicos.<\/p>\n\n\n\n<p>De acordo com Ticiane Sim\u00f5es, representante do Conselho Municipal de Pol\u00edticas Culturais (CMPC) e membro do FTM, o Comit\u00ea de Crise nasce do anseio da classe teatral via Carta Aberta do FTM. &#8220;O comit\u00ea tem como principal meta de exist\u00eancia a unifica\u00e7\u00e3o dos diversos segmentos em nome da cultural, atrav\u00e9s do di\u00e1logo entre as entidades e os \u00f3rg\u00e3os p\u00fablicos. \u00c9 uma vit\u00f3ria dos trabalhadores da cultura que poder\u00e3o assim, de forma ativa, propor a\u00e7\u00f5es efetivas em atendimento \u00e0s emergencialidades dos artistas maceioenses&#8221; disse ela. Para participar, inscreva seu grupo, coletivo ou f\u00f3rum at\u00e9 o dia 23 de Maio no link ou na bio do Instagram do Conselho de Pol\u00edticas Culturais de Macei\u00f3:&nbsp;<a href=\"https:\/\/docs.google.com\/forms\/d\/e\/1FAIpQLSdf4WvMgR81my1Ly0pX3KqsBsOwpSnTFcqr-s2C99BJ5Ee0CQ\/viewform\" target=\"_blank\" rel=\"noreferrer noopener\">https:\/\/docs.google.com\/forms\/d\/e\/1FAIpQLSdf4WvMgR81my1Ly0pX3KqsBsOwpSnTFcqr-s2C99BJ5Ee0CQ\/viewform<\/a><\/p>\n\n\n\n<p>O F\u00f3rum de Teatro de Macei\u00f3 (FTM) realiza um mapeamento sociocultural dos artistas e t\u00e9cnicos informais das artes c\u00eanicas do estado de Alagoas, por meio de um formul\u00e1rio de pesquisa sociocultural que visa contribuir no aprimoramento de propostas de aux\u00edlio \u00e0 categoria e na identifica\u00e7\u00e3o de trabalhadores\/as da cena em situa\u00e7\u00e3o de vulnerabilidade.<\/p>\n\n\n\n<p>Durante esse per\u00edodo est\u00e3o sendo arrecadados dados que apresentam demandas sociais, econ\u00f4micas e jur\u00eddicas, que se agravaram diante dos impactos causados pelo covid-19, o prazo para o fim do mapeamento ser\u00e1 at\u00e9 a pr\u00f3xima segunda-feira, 25 de maio.<\/p>\n\n\n\n<p>Hoje (22), \u00e0s 20h, o F\u00f3rum de Teatro de Macei\u00f3 vai realizar uma transmiss\u00e3o em seu perfil no Instagram @forumteatromaceio com o tema &#8220;Lei de Emerg\u00eancia Cultural &#8211; Que Babado \u00e9 Esse?&#8221; para ampliar o entendimento e a mobiliza\u00e7\u00e3o do movimento cultural alagoano em torno que do PL 1075\/2020 que ser\u00e1 votado na pr\u00f3xima ter\u00e7a (26). As convidadas para o debate ser\u00e3o Ana Antunes, atriz militante do F\u00f3rum de Teatro de Macei\u00f3, e Chris Ramirez, Assessora da Comiss\u00e3o de Cultura da C\u00e2mara dos Deputados.<\/p>\n\n\n\n<p>E para quem n\u00e3o puder acompanhar as transmiss\u00f5es ao vivo no Instagram, posteriormente ser\u00e3o postados os v\u00eddeos das lives no canal no YouTube do F\u00f3rum de Teatro de Macei\u00f3. Assista e compartilhe.<\/p>\n\n\n\n<p>Participe e compartilhe para o m\u00e1ximo de contatos poss\u00edveis. Vamos ajudar os\/as nossos\/as artistas. O nosso povo!<\/p>\n\n\n\n<p>Formul\u00e1rio de Mapeamento&nbsp;<a href=\"https:\/\/bit.ly\/2XWXSyy\" target=\"_blank\" rel=\"noreferrer noopener\">https:\/\/bit.ly\/2XWXSyy<\/a><\/p>\n\n\n\n<p>Se Inscreva no Canal do Youtube do F\u00f3rum de Teatro de Macei\u00f3:&nbsp;<a href=\"https:\/\/www.youtube.com\/channel\/UC300FQju00kpmemYnRJukew\" target=\"_blank\" rel=\"noreferrer noopener\">https:\/\/www.youtube.com\/channel\/UC300FQju00kpmemYnRJukew<\/a><\/p>\n\n\n\n<p>Carta Aberta\u00a0<a rel=\"noreferrer noopener\" href=\"https:\/\/bit.ly\/2xS829b\" target=\"_blank\">https:\/\/bit.ly\/2xS829b<\/a><\/p>\n\n\n\n<p>Assessoria<\/p>\n","protected":false},"excerpt":{"rendered":"<p>Saiba como participar destas a\u00e7\u00f5es de formula\u00e7\u00e3o de Pol\u00edticas P\u00fablicas para o setor Cultural em tempos de<\/p>\n","protected":false},"author":1,"featured_media":11380,"comment_status":"open","ping_status":"open","sticky":false,"template":"","format":"standard","meta":{"footnotes":""},"categories":[5],"tags":[],"class_list":["post-11379","post","type-post","status-publish","format-standard","has-post-thumbnail","hentry","category-maceio"],"_links":{"self":[{"href":"https:\/\/4cantosalagoas.com.br\/portal\/wp-json\/wp\/v2\/posts\/11379","targetHints":{"allow":["GET"]}}],"collection":[{"href":"https:\/\/4cantosalagoas.com.br\/portal\/wp-json\/wp\/v2\/posts"}],"about":[{"href":"https:\/\/4cantosalagoas.com.br\/portal\/wp-json\/wp\/v2\/types\/post"}],"author":[{"embeddable":true,"href":"https:\/\/4cantosalagoas.com.br\/portal\/wp-json\/wp\/v2\/users\/1"}],"replies":[{"embeddable":true,"href":"https:\/\/4cantosalagoas.com.br\/portal\/wp-json\/wp\/v2\/comments?post=11379"}],"version-history":[{"count":1,"href":"https:\/\/4cantosalagoas.com.br\/portal\/wp-json\/wp\/v2\/posts\/11379\/revisions"}],"predecessor-version":[{"id":11381,"href":"https:\/\/4cantosalagoas.com.br\/portal\/wp-json\/wp\/v2\/posts\/11379\/revisions\/11381"}],"wp:featuredmedia":[{"embeddable":true,"href":"https:\/\/4cantosalagoas.com.br\/portal\/wp-json\/wp\/v2\/media\/11380"}],"wp:attachment":[{"href":"https:\/\/4cantosalagoas.com.br\/portal\/wp-json\/wp\/v2\/media?parent=11379"}],"wp:term":[{"taxonomy":"category","embeddable":true,"href":"https:\/\/4cantosalagoas.com.br\/portal\/wp-json\/wp\/v2\/categories?post=11379"},{"taxonomy":"post_tag","embeddable":true,"href":"https:\/\/4cantosalagoas.com.br\/portal\/wp-json\/wp\/v2\/tags?post=11379"}],"curies":[{"name":"wp","href":"https:\/\/api.w.org\/{rel}","templated":true}]}}