{"id":11369,"date":"2020-05-21T16:29:53","date_gmt":"2020-05-21T19:29:53","guid":{"rendered":"http:\/\/4cantosalagoas.com.br\/portal\/?p=11369"},"modified":"2020-05-21T16:29:58","modified_gmt":"2020-05-21T19:29:58","slug":"artigo-o-que-sera-de-nossas-financas-pessoais-apos-pandemia","status":"publish","type":"post","link":"https:\/\/4cantosalagoas.com.br\/portal\/artigo-o-que-sera-de-nossas-financas-pessoais-apos-pandemia\/","title":{"rendered":"Artigo: \u201cO que ser\u00e1 de nossas finan\u00e7as pessoais ap\u00f3s pandemia? \u201d"},"content":{"rendered":"\n<figure class=\"wp-block-image\"><img fetchpriority=\"high\" decoding=\"async\" width=\"639\" height=\"590\" src=\"http:\/\/4cantosalagoas.com.br\/portal\/wp-content\/uploads\/2020\/05\/prof.jpg\" alt=\"\" class=\"wp-image-11370\" srcset=\"https:\/\/4cantosalagoas.com.br\/portal\/wp-content\/uploads\/2020\/05\/prof.jpg 639w, https:\/\/4cantosalagoas.com.br\/portal\/wp-content\/uploads\/2020\/05\/prof-300x277.jpg 300w\" sizes=\"(max-width: 639px) 100vw, 639px\" \/><figcaption>Professor  <br><strong><em>Jos\u00e9 Senivaldo Liberato<\/em><\/strong><br> <\/figcaption><\/figure>\n\n\n\n<p>Nunca se pensou tanto nas interrela\u00e7\u00f5es sociais como nos \u00faltimos meses de viv\u00eancia de um processo de pandemia em mais de 180 pa\u00edses do mundo. Pensasse no que se deixou de fazer, reuni\u00f5es em fam\u00edlia, feriados prolongados na praia, lazer das mais diversas formas, atividades profissionais que est\u00e3o tendo que ser repensadas, al\u00e9m da ansiedade gerada pela intensidade de incerteza que temos sobre como ser\u00e3o os pr\u00f3ximos meses.<\/p>\n\n\n\n<p>Mas, al\u00e9m de tudo isso, voc\u00ea j\u00e1 parou para pensar como ser\u00e1 a sua gest\u00e3o de finan\u00e7as pessoais ap\u00f3s tudo isso?<\/p>\n\n\n\n<p>J\u00e1 parou para pensar que com todo esse tumulto e incerteza, pode haver uma grande oportunidade para voc\u00ea repensar seu estilo de vida e cuidar melhor de suas finan\u00e7as pessoais?<\/p>\n\n\n\n<p>Pois bem, diante de um cen\u00e1rio de crise, sempre temos inicialmente o desespero gerado pelo caos. No entanto, quando percebemos que existe uma oportunidade que pode ser aproveitada, devemos de forma imediata agarr\u00e1-la! Sabe aquele 1%? N\u00e3o esse! O outro! Aquele que surge no momento certo e pode mudar a nossa vida!<\/p>\n\n\n\n<p>Ent\u00e3o vamos l\u00e1!&nbsp;<\/p>\n\n\n\n<p>Que tal iniciar repensando o estilo de vida, a forma de consumir, de se reunir em fam\u00edlia, de interagir. Repensar a forma de organizar as finan\u00e7as pessoais em busca da realiza\u00e7\u00e3o de sonhos e n\u00e3o somente na busca de sair do vermelho e tentar pagar dividas que foram geradas na grande maioria por situa\u00e7\u00f5es indesejadas, como doen\u00e7as, desemprego, ou em alguns momentos por descontrole de gastos sem se preocupar com o or\u00e7amento futuro, chamo de irresponsabilidade emocional financeira, o tal do \u201cvou fazer isso porque eu mere\u00e7o\u201d.&nbsp;<\/p>\n\n\n\n<p>Todos merecemos sempre o melhor. No entanto, \u201cesse melhor\u201d precisa ser feito dentro de nossa situa\u00e7\u00e3o real de capacidade de pagamento financeiro.&nbsp; E n\u00e3o fique com sentimento de culpa, ou autopuni\u00e7\u00e3o por esse tipo de acontecimento, isso s\u00f3 piora o estado emocional e dificulta a forma de pensar adequadamente para sair de qualquer situa\u00e7\u00e3o indesejada financeiramente falando.&nbsp;<\/p>\n\n\n\n<p>Portanto, sugiro come\u00e7ar um or\u00e7amento dom\u00e9stico junto com a fam\u00edlia, buscando a intera\u00e7\u00e3o e colabora\u00e7\u00e3o de todos para que se sintam parte integrante da realiza\u00e7\u00e3o de sonhos familiares e com esse sentimento, al\u00e9m de unir a fam\u00edlia, haver\u00e1 a organiza\u00e7\u00e3o financeira de todos, buscando sempre uma melhor qualidade de vida.&nbsp;&nbsp;&nbsp;<\/p>\n\n\n\n<p>Hora de repensar&#8230; Aproveite esse momento e repense junto com sua fam\u00edlia.<\/p>\n\n\n\n<p>Pense nisso&#8230;&nbsp;<\/p>\n\n\n\n<p>Sucessos e at\u00e9 a pr\u00f3xima!<\/p>\n\n\n\n<p><strong><em>Jos\u00e9 Senivaldo Liberato<\/em><\/strong><\/p>\n\n\n\n<p><strong><em>Professor Universit\u00e1rio, Palestrante Inspirador e S\u00f3cio-Diretor da A+ Consultoria Empresarial e Pessoal. <\/em><\/strong><a href=\"mailto:senivaldoamais@gmail.com\">senivaldoamais@gmail.com<\/a>&nbsp;<br><\/p>\n","protected":false},"excerpt":{"rendered":"<p>Nunca se pensou tanto nas interrela\u00e7\u00f5es sociais como nos \u00faltimos meses de viv\u00eancia de um processo de<\/p>\n","protected":false},"author":1,"featured_media":0,"comment_status":"open","ping_status":"open","sticky":false,"template":"","format":"standard","meta":{"footnotes":""},"categories":[60],"tags":[],"class_list":["post-11369","post","type-post","status-publish","format-standard","hentry","category-capa"],"_links":{"self":[{"href":"https:\/\/4cantosalagoas.com.br\/portal\/wp-json\/wp\/v2\/posts\/11369","targetHints":{"allow":["GET"]}}],"collection":[{"href":"https:\/\/4cantosalagoas.com.br\/portal\/wp-json\/wp\/v2\/posts"}],"about":[{"href":"https:\/\/4cantosalagoas.com.br\/portal\/wp-json\/wp\/v2\/types\/post"}],"author":[{"embeddable":true,"href":"https:\/\/4cantosalagoas.com.br\/portal\/wp-json\/wp\/v2\/users\/1"}],"replies":[{"embeddable":true,"href":"https:\/\/4cantosalagoas.com.br\/portal\/wp-json\/wp\/v2\/comments?post=11369"}],"version-history":[{"count":1,"href":"https:\/\/4cantosalagoas.com.br\/portal\/wp-json\/wp\/v2\/posts\/11369\/revisions"}],"predecessor-version":[{"id":11371,"href":"https:\/\/4cantosalagoas.com.br\/portal\/wp-json\/wp\/v2\/posts\/11369\/revisions\/11371"}],"wp:attachment":[{"href":"https:\/\/4cantosalagoas.com.br\/portal\/wp-json\/wp\/v2\/media?parent=11369"}],"wp:term":[{"taxonomy":"category","embeddable":true,"href":"https:\/\/4cantosalagoas.com.br\/portal\/wp-json\/wp\/v2\/categories?post=11369"},{"taxonomy":"post_tag","embeddable":true,"href":"https:\/\/4cantosalagoas.com.br\/portal\/wp-json\/wp\/v2\/tags?post=11369"}],"curies":[{"name":"wp","href":"https:\/\/api.w.org\/{rel}","templated":true}]}}