{"id":11364,"date":"2020-05-19T20:28:23","date_gmt":"2020-05-19T23:28:23","guid":{"rendered":"http:\/\/4cantosalagoas.com.br\/portal\/?p=11364"},"modified":"2020-05-22T18:51:52","modified_gmt":"2020-05-22T21:51:52","slug":"defesa-civil-alerta-para-chuva-moderada-nesta-terca-e-quarta-feira","status":"publish","type":"post","link":"https:\/\/4cantosalagoas.com.br\/portal\/defesa-civil-alerta-para-chuva-moderada-nesta-terca-e-quarta-feira\/","title":{"rendered":"Defesa Civil alerta para chuva moderada nesta ter\u00e7a e quarta-feira"},"content":{"rendered":"\n<figure class=\"wp-block-image\"><img fetchpriority=\"high\" decoding=\"async\" width=\"1024\" height=\"701\" src=\"http:\/\/4cantosalagoas.com.br\/portal\/wp-content\/uploads\/2019\/08\/chuvas-2-2-1024x701.jpg\" alt=\"\" class=\"wp-image-8539\" srcset=\"https:\/\/4cantosalagoas.com.br\/portal\/wp-content\/uploads\/2019\/08\/chuvas-2-2-1024x701.jpg 1024w, https:\/\/4cantosalagoas.com.br\/portal\/wp-content\/uploads\/2019\/08\/chuvas-2-2-300x205.jpg 300w, https:\/\/4cantosalagoas.com.br\/portal\/wp-content\/uploads\/2019\/08\/chuvas-2-2-768x526.jpg 768w, https:\/\/4cantosalagoas.com.br\/portal\/wp-content\/uploads\/2019\/08\/chuvas-2-2.jpg 1204w\" sizes=\"(max-width: 1024px) 100vw, 1024px\" \/><figcaption>Foto:  Gl\u00e9cio Rodrigues<\/figcaption><\/figure>\n\n\n\n<p> <\/p>\n\n\n\n<p>A Coordenadoria Especial Municipal de Prote\u00e7\u00e3o e Defesa Civil (Compdec) alerta a popula\u00e7\u00e3o para a previs\u00e3o de chuvas com intensidade moderada a partir da noite desta ter\u00e7a-feira (19). Em caso de ocorr\u00eancia, a orienta\u00e7\u00e3o \u00e9 acionar a Defesa Civil de Macei\u00f3 pelo n\u00famero 199.<\/p>\n\n\n\n<p>Segundo aviso meteorol\u00f3gico emitido pela Sala de Alerta, da Secretaria Estadual do Meio Ambiente e Recursos H\u00eddricos (Semarh), a previs\u00e3o \u00e9 de chuvas moderadas com pancadas fortes para o litoral entre a noite desta ter\u00e7a-feira (19), se estendendo at\u00e9 quarta-feira (20).<\/p>\n\n\n\n<p>Por causa da possibilidade de chuva moderada, a Defesa Civil de Macei\u00f3 emitiu, por meio do sistema de alerta via SMS, mensagens informando sobre a ocorr\u00eancia de chuvas com potencial de risco \u00e0 popula\u00e7\u00e3o, como alagamentos e deslizamentos. A medida, que usa o sistema de alerta nacional de Defesa Civil, permite a\u00e7\u00f5es antecipadas de autoprote\u00e7\u00e3o, de prote\u00e7\u00e3o da comunidade.<\/p>\n\n\n\n<p>Os profissionais do Centro Integrado de Monitoramento e Alerta de Defesa Civil (Cimadec) est\u00e3o de plant\u00e3o fazendo o monitoramento hidrometeorol\u00f3gico e trabalhando em n\u00edvel operacional de aten\u00e7\u00e3o dentro do Protocolo de Prote\u00e7\u00e3o e A\u00e7\u00e3o da Defesa Civil de Macei\u00f3.<\/p>\n\n\n\n<p>O \u00f3rg\u00e3o municipal orienta a popula\u00e7\u00e3o que se encontra em \u00e1rea de risco em Macei\u00f3 que, caso n\u00e3o se sinta segura durante a chuva, procure abrigo em local seguro \u2013 a exemplo de casa de parentes \u2013 e acione a Defesa Civil para&nbsp;avalia\u00e7\u00e3o da \u00e1rea. O acionamento deve ser feito atrav\u00e9s do n\u00famero 199.&nbsp;<\/p>\n\n\n\n<p>Fl\u00e1via Duarte\/ Ascom Defesa Civil<\/p>\n","protected":false},"excerpt":{"rendered":"<p>A Coordenadoria Especial Municipal de Prote\u00e7\u00e3o e Defesa Civil (Compdec) alerta a popula\u00e7\u00e3o para a previs\u00e3o de<\/p>\n","protected":false},"author":1,"featured_media":8539,"comment_status":"open","ping_status":"open","sticky":false,"template":"","format":"standard","meta":{"footnotes":""},"categories":[4],"tags":[],"class_list":["post-11364","post","type-post","status-publish","format-standard","has-post-thumbnail","hentry","category-noticias"],"_links":{"self":[{"href":"https:\/\/4cantosalagoas.com.br\/portal\/wp-json\/wp\/v2\/posts\/11364","targetHints":{"allow":["GET"]}}],"collection":[{"href":"https:\/\/4cantosalagoas.com.br\/portal\/wp-json\/wp\/v2\/posts"}],"about":[{"href":"https:\/\/4cantosalagoas.com.br\/portal\/wp-json\/wp\/v2\/types\/post"}],"author":[{"embeddable":true,"href":"https:\/\/4cantosalagoas.com.br\/portal\/wp-json\/wp\/v2\/users\/1"}],"replies":[{"embeddable":true,"href":"https:\/\/4cantosalagoas.com.br\/portal\/wp-json\/wp\/v2\/comments?post=11364"}],"version-history":[{"count":1,"href":"https:\/\/4cantosalagoas.com.br\/portal\/wp-json\/wp\/v2\/posts\/11364\/revisions"}],"predecessor-version":[{"id":11365,"href":"https:\/\/4cantosalagoas.com.br\/portal\/wp-json\/wp\/v2\/posts\/11364\/revisions\/11365"}],"wp:featuredmedia":[{"embeddable":true,"href":"https:\/\/4cantosalagoas.com.br\/portal\/wp-json\/wp\/v2\/media\/8539"}],"wp:attachment":[{"href":"https:\/\/4cantosalagoas.com.br\/portal\/wp-json\/wp\/v2\/media?parent=11364"}],"wp:term":[{"taxonomy":"category","embeddable":true,"href":"https:\/\/4cantosalagoas.com.br\/portal\/wp-json\/wp\/v2\/categories?post=11364"},{"taxonomy":"post_tag","embeddable":true,"href":"https:\/\/4cantosalagoas.com.br\/portal\/wp-json\/wp\/v2\/tags?post=11364"}],"curies":[{"name":"wp","href":"https:\/\/api.w.org\/{rel}","templated":true}]}}