{"id":11347,"date":"2020-05-18T07:00:46","date_gmt":"2020-05-18T10:00:46","guid":{"rendered":"http:\/\/4cantosalagoas.com.br\/portal\/?p=11347"},"modified":"2020-05-18T07:00:51","modified_gmt":"2020-05-18T10:00:51","slug":"influenza-nova-fase-da-campanha-tem-inicio-nesta-segunda-feira","status":"publish","type":"post","link":"https:\/\/4cantosalagoas.com.br\/portal\/influenza-nova-fase-da-campanha-tem-inicio-nesta-segunda-feira\/","title":{"rendered":"Influenza: nova fase da Campanha tem in\u00edcio nesta segunda-feira"},"content":{"rendered":"\n<figure class=\"wp-block-image\"><img fetchpriority=\"high\" decoding=\"async\" width=\"1280\" height=\"960\" src=\"https:\/\/i1.wp.com\/4cantosalagoas.com.br\/portal\/wp-content\/uploads\/2020\/05\/vc.jpeg?fit=1024%2C768\" alt=\"\" class=\"wp-image-11348\" srcset=\"https:\/\/4cantosalagoas.com.br\/portal\/wp-content\/uploads\/2020\/05\/vc.jpeg 1280w, https:\/\/4cantosalagoas.com.br\/portal\/wp-content\/uploads\/2020\/05\/vc-300x225.jpeg 300w, https:\/\/4cantosalagoas.com.br\/portal\/wp-content\/uploads\/2020\/05\/vc-768x576.jpeg 768w, https:\/\/4cantosalagoas.com.br\/portal\/wp-content\/uploads\/2020\/05\/vc-1024x768.jpeg 1024w\" sizes=\"(max-width: 1280px) 100vw, 1280px\" \/><figcaption> <br>A 3\u00aa fase de campanha foi dividida em duas etapas. A primeira etapa compreendeu de 11 a 17 de maio crian\u00e7as, pessoas com defici\u00eancia, gestantes e pu\u00e9rperas. <\/figcaption><\/figure>\n\n\n\n<p>Na pr\u00f3xima segunda-feira (18) tem in\u00edcio a vacina\u00e7\u00e3o contra a influenza de adultos de 55 a 59 anos e professores das redes p\u00fablica e privada, nas unidades de sa\u00fade e escolas. A campanha, que segue at\u00e9 5 de junho, objetiva imunizar o p\u00fablico-alvo contra tr\u00eas tipos graves da influenza, evitando complica\u00e7\u00f5es por conta da doen\u00e7a.<\/p>\n\n\n\n<p>Em Macei\u00f3 j\u00e1 foram aplicadas mais de 187 mil doses, superando a meta de idosos e trabalhadores da \u00e1rea da sa\u00fade que eram o p\u00fablico alvo da primeira fase da campanha.<\/p>\n\n\n\n<p>Tamb\u00e9m foram imunizados outros p\u00fablicos que n\u00e3o possuem meta estabelecida pelo Minist\u00e9rio da Sa\u00fade, que correspondem \u00e0 segunda fase, como profissionais das for\u00e7as de seguran\u00e7a e salvamento, pessoas com doen\u00e7as cr\u00f4nicas, caminhoneiros, profissional de transporte coletivo (motoristas e cobradores) e trabalhadores portu\u00e1rios, funcion\u00e1rios do sistema prisional, adolescentes e jovens de 12 a 21 anos sob medidas socioeducativas e popula\u00e7\u00e3o privada de liberdade.<\/p>\n\n\n\n<p>Os dados parciais da 3\u00aa fase, que iniciou na segunda-feira (11), apontam que foram vacinadas 4,30% das crian\u00e7as previstas (3.412 doses), 12,16% das gestantes (1.287), 12,59% das pu\u00e9rperas (219). Tamb\u00e9m n\u00e3o h\u00e1 meta estabelecida para pessoas com defici\u00eancia.<\/p>\n\n\n\n<p>Integrantes do p\u00fablico-alvo de toda a campanha, iniciada em 23 de mar\u00e7o, que ainda n\u00e3o foram imunizados podem se direcionar \u00e0s unidades de sa\u00fade ou escolas disponibilizadas para a vacina\u00e7\u00e3o.<\/p>\n\n\n\n<h3 class=\"wp-block-heading\"><strong>Confira os locais de vacina\u00e7\u00e3o \u2013 8h \u00e0s 17h<\/strong><\/h3>\n\n\n\n<p><strong>Escolas<\/strong><\/p>\n\n\n\n<p>Escola Municipal Nosso Lar I \u2013 Rua Sampaio D\u00f3ria, 152, Ponta Grossa;<\/p>\n\n\n\n<p>Escola Municipal Paulo Henrique Costa Bandeira &nbsp;\u2013 Av Norma Pimentel da Costa, 11, B. Bentes;<\/p>\n\n\n\n<p>Escola Municipal Pedro Suruagy \u2013 Av. Macei\u00f3, S\/N, Tabuleiro do Martins;<\/p>\n\n\n\n<p>Escola Municipal Suzel Dantas \u2013 Rua Ant\u00f4nio Monteiro de Carvalho, S\/N, Tabuleiro do Martins.<\/p>\n\n\n\n<p><strong>Unidades de sa\u00fade&nbsp;<\/strong><\/p>\n\n\n\n<table class=\"wp-block-table\"><tbody><tr><\/tr><tr><td><strong>NOME<\/strong><\/td><td><strong>ENDERE\u00c7O<\/strong><\/td><td><strong>TELEFONE<\/strong><\/td><\/tr><tr><\/tr><tr><td><strong>II CENTRO DE SA\u00daDE DI\u00d3GENES JUC\u00c1 BERNARDES<\/strong><\/td><td>PRA\u00c7A DA MARAVILHA, S\/N \u2013 PO\u00c7O<\/td><td>3312-5499<\/td><\/tr><tr><td><strong>UNIDADE DE SA\u00daDE DA FAM\u00cdLIA REGINALDO<\/strong><\/td><td>RUA DIEGUES JUNIOR, 108 \u2013 REGINALDO BAIXO<\/td><td>3312-5497<\/td><\/tr><tr><td><strong>UNIDADE DE SA\u00daDE OSVALDO BRAND\u00c3O VILELA<\/strong><\/td><td>RUA LAFAIETE PACHECO, S\/N \u2013 PONTA DA TERRA<\/td><td>3312-5498<\/td><\/tr><tr><td><strong>UNIDADE DE SA\u00daDE DA FAM\u00cdLIA PESCARIA<\/strong><\/td><td>POVOADO PESCARIA, S\/N \u2013 IPIOCA<\/td><td>3312-5568<\/td><\/tr><tr><td><strong>UNIDADE DE SA\u00daDE DA FAM\u00cdLIA GUAXUMA<\/strong><\/td><td>CONJ. ELIAS PONTES BONFIM, S\/N \u2013 GUAXUMA<\/td><td>3312-5569<\/td><\/tr><tr><td><strong>UNIDADE DE SA\u00daDE DA FAM\u00cdLIA VANDERLI MARIA DE ANDRADE \u2013 RIACHO DOCE<\/strong><\/td><td>RUA BOA VISTA, 20 \u2013 RIACHO DOCE<\/td><td>3312-5570<\/td><\/tr><tr><td><strong>UNIDADE DE SA\u00daDE DA FAM\u00cdLIA DR. JORGE DAVID NASSER<\/strong><\/td><td>RUA ALTO DA IGREJA, 163 \u2013 IPIOCA<\/td><td>3312-5571<\/td><\/tr><tr><\/tr><tr><td><strong>UNIDADE DE SA\u00daDE DA FAM\u00cdLIA S\u00c3O FRANCISCO DE PAULA<\/strong><\/td><td>RUA BOSQUE DAS AC\u00c1CIAS, 37 \u2013 CRUZ DAS ALMAS<\/td><td>3312-5534<\/td><\/tr><tr><\/tr><tr><td><strong>PAM DIQUE ESTRADA<\/strong><\/td><td>RUA DAS FLORES, CONJ. JOAQUIM LE\u00c3O \u2013 PONTA GROSSA<\/td><td>3312-5502<\/td><\/tr><tr><\/tr><tr><td><strong>UNIDADE DE SA\u00daDE ROLLAND SIMON<\/strong><\/td><td>RUA CABO REIS, S\/N \u2013 VERGEL DO LAGO<\/td><td>3312-5503<\/td><\/tr><tr><td><strong>UNIDADE DE SA\u00daDE DA FAM\u00cdLIA JARDIM S\u00c3O FRANCISCO<\/strong><\/td><td>RUA S\u00c3O FRANCISCO, 02 \u2013 BREJAL<\/td><td>3312-5504<\/td><\/tr><tr><td><strong>UNIDADE DE SA\u00daDE PROFESSOR DURVAL CORTEZ<\/strong><\/td><td>RUA JO\u00c3O ULISSES MARQUES, S\/N \u2013 PRADO<\/td><td>3312-5505<\/td><\/tr><tr><td><strong>UNIDADE DE SA\u00daDE DA FAM\u00cdLIA CAIC VIRGEM DOS POBRES<\/strong><\/td><td>AV SENADOR RUI PALMEIRA, S\/N \u2013 DIQUE ESTRADA<\/td><td>3312-5506<\/td><\/tr><tr><td><strong>UNIDADE DE SA\u00daDE FAM\u00cdLIA TARC\u00cdSIO PALMEIRA<\/strong><\/td><td>RUA AL\u00cdPIO BARBOSA, S\/N \u2013 PONTAL DA BARRA<\/td><td>3312-5507<\/td><\/tr><tr><\/tr><tr><td><strong>UNIDADE DE SA\u00daDE DA FAM\u00cdLIA H\u00c9LVIO AUTO<\/strong><\/td><td>RUA RIACHUELO, 20 \u2013 TRAPICHE<\/td><td>3312-5508<\/td><\/tr><tr><td><strong>UNIDADE DE SA\u00daDE DA FAM\u00cdLIA S\u00c3O VICENTE DE PAULA<\/strong><\/td><td>RUA NATAL, S\/N \u2013 PINHEIRO<\/td><td>3312-5511<\/td><\/tr><tr><td><strong>UNIDADE DE SA\u00daDE DA FAM\u00cdLIA S\u00c3O JOS\u00c9<\/strong><\/td><td>RUA MARAGOGI, S\/N \u2013 CANA\u00c3<\/td><td>3312-5513<\/td><\/tr><tr><td><strong>UNIDADE DE SA\u00daDE DA FAM\u00cdLIA OURO PRETO<\/strong><\/td><td>TRAVESSA S\u00c3O PAULO, 06 \u2013 OURO PRETO<\/td><td>3312-5514<\/td><\/tr><tr><td><strong>PROGRAMA SA\u00daDE DA FAM\u00cdLIA VILA REDEN\u00c7\u00c3O<\/strong><\/td><td>MANOEL BARBOSA CALHEIROS, 79 -FAROL<\/td><\/tr><tr><td><strong>UNIDADE DE REFER\u00caNCIA EM SA\u00daDE PITANGUINHA<\/strong><\/td><td>RUA ANTONIO NOGUEIRA, S\/N \u2013 PITANGUINHA<\/td><td>3312-5516<\/td><\/tr><tr><\/tr><tr><td><strong>UNIDADE DE SA\u00daDE DR. ANT\u00d4NIO DE P\u00c1DUA CAVALCANTE (ANTIGO PAM BEBEDOURO)<\/strong><\/td><td>RUA CARMELITA OMENA DE FARIAS, 189 \u2013 JARDIM PETR\u00d3POLIS<\/td><td>3312-5519<\/td><\/tr><tr><td><strong>UNIDADE DE SA\u00daDE DA FAM\u00cdLIA JO\u00c3O SAMPAIO<\/strong><\/td><td>CONJ JO\u00c3O SAMPAIO, S\/N \u2013 TABULEIRO DO MARTINS<\/td><td>3312-5520<\/td><\/tr><tr><\/tr><tr><td><strong>UNIDADE DE SA\u00daDE DA FAM\u00cdLIA EDVALDO SILVA<\/strong><\/td><td>PRA\u00c7A OTHON BEZERRA, 01 \u2013 RIO NOVO<\/td><td>3312-5522<\/td><\/tr><tr><td><strong>UNIDADE DE SA\u00daDE DA FAM\u00cdLIA CL\u00c1UDIO MEDEIROS<\/strong><\/td><td>RUA DO CRAVO, 191 \u2013 RIO NOVO<\/td><td>3312-5523<\/td><\/tr><tr><td><strong>UNIDADE DE SA\u00daDE GERALDO MELO<\/strong><\/td><td>RUA DO CAMPO S\/N BOM PARTO<\/td><td>3312-5525<\/td><\/tr><tr><\/tr><tr><td><strong>UNIDADE DE SA\u00daDE DA FAM\u00cdLIA PARA\u00cdSO DO HORTO AMACOPH<\/strong><\/td><td>RUA PAU BRASIL,&nbsp; JARDIM DO HORTO \u2013 CH\u00c3 DA JAQUEIRA<\/td><td>3312-5527<\/td><\/tr><tr><td><strong>UNIDADE DE SA\u00daDE JOS\u00c9 ARA\u00daJO SILVA<\/strong><\/td><td>RUA PASTOR EURICO CALHEIROS, 56 COHAB JACINTINHO<\/td><td>3312-5530<\/td><\/tr><tr><td><strong>UNIDADE DE SA\u00daDE DA FAM\u00cdLIA JOS\u00c9 TEN\u00d3RIO<\/strong><\/td><td>CONJ JOS\u00c9 TEN\u00d3RIO, RUA PROJETADA G, S\/N \u2013 SERRARIA<\/td><td>3312-5533<\/td><\/tr><tr><\/tr><tr><td><strong>UNIDADE DE SA\u00daDE FEL\u00cdCIO NAPOLE\u00c3O<\/strong><\/td><td>RUA LUIS REGO BARROS, 55 \u2013 ALDEIA DO \u00cdNDIO<\/td><td>3312-5535<\/td><\/tr><tr><td><strong>UNIDADE DE SA\u00daDE DA FAM\u00cdLIA DR PAULO LEAL<\/strong><\/td><td>RUA ACRE, S\/N \u2013 FEITOSA<\/td><td>3312-5536<\/td><\/tr><tr><td><strong>UNIDADE DE SA\u00daDE WALDOMIRO ALENCAR<\/strong><\/td><td>RUA JULIO AUTO, 431 JACINTINHO<\/td><td>3312-5537<\/td><\/tr><tr><td><strong>UNIDADE DE SA\u00daDE DA FAM\u00cdLIA JOS\u00c9 MARIA DE VASCONCELOS \u2013 S\u00c3O JORGE<\/strong><\/td><td>AV. CEL. SALUSTIANO SARMENTO, 303 \u2013 S\u00c3O JORGE<\/td><td>3312-5538<\/td><\/tr><tr><td><strong>UNIDADE DE SA\u00daDE DA FAM\u00cdLIA NOVO MUNDO<\/strong><\/td><td>TRAVESSA BOA ESPERAN\u00c7A 30 NOVO MUNDO<\/td><td>3312-5539<\/td><\/tr><tr><td><strong>UNIDADE DE SA\u00daDE JO\u00c3O MOREIRA PROGRAMA DE SA\u00daDE DA FAM\u00cdLIA<\/strong><\/td><td>RUA ADRIANO VIANA DE CASTRO, S\/N \u2013 JACINTINHO<\/td><td>3312-5541<\/td><\/tr><tr><td><strong>UNIDADE DE SA\u00daDE DA FAM\u00cdLIA CAIC BENEDITO BENTES<\/strong><\/td><td>AV. CACHOEIRA DO MIRIM, S\/N \u2013 BENEDITO BENTES<\/td><td>3312-5544<\/td><\/tr><tr><td><strong>UNIDADE DE SA\u00daDE DA FAM\u00cdLIA FREI DAMI\u00c3O<\/strong><\/td><td>AV. MUNDA\u00da, S\/N \u2013 CONJ. FREI DAMIAO<\/td><td>3312-5545<\/td><\/tr><tr><td><strong>UNIDADE DE SA\u00daDE HAMILTON FALC\u00c3O<\/strong><\/td><td>AV. NORMA PIMENTEL DA COSTA, S\/N \u2013 CONJ BENEDITO BENTES I<\/td><td>3312-5546<\/td><\/tr><tr><td><strong>UNIDADE DE SA\u00daDE DA FAM\u00cdLIA CARLA NOGUEIRA<\/strong><\/td><td>AV. MINISTRO M\u00c1RCIO FORTES DE ALMEIDA, S\/N \u2013 CONJ SELMA BANDEIRA<\/td><td>3312-5547<\/td><\/tr><tr><td><strong>UNIDADE DE SA\u00daDE ARTHUR RAMOS<\/strong><\/td><td>CONJ HENRIQUE EQUELMAN RUA L QD J S\/N \u2013 TABULEIRO DO MARTINS<\/td><td>3312-5548<\/td><\/tr><tr><td><strong>UNIDADE DE SA\u00daDE JOS\u00c9 HOLANDA<\/strong><\/td><td>LOTEAMENTO BELA VISTA, QD 24, S\/N \u2013 BENEDITO BENTES II<\/td><\/tr><tr><td><strong>UNIDADE DE SA\u00daDE DA FAM\u00cdLIA ROBSON CAVALCANTE DE MELO (FREITAS NETO)<\/strong><\/td><td>CONJ FREITAS NETO QD A N.\u00ba 25 BENEDITO BENTES II<\/td><td>3312-5550<\/td><\/tr><tr><td><strong>UNIDADE DE SA\u00daDE DA FAM\u00cdLIA DIDIMO OTTO KUMMER (CARMINHA)<\/strong><\/td><td>CONJ CARMINHA RUA I QD C&nbsp; S\/N BENEDITO BENTES II<\/td><td>3312-5551<\/td><\/tr><tr><td><strong>UNIDADE DE SA\u00daDE DA FAM\u00cdLIA TEREZA BARBOSA DE LIMA<\/strong><\/td><td>CONJ EUST\u00c1QUIO GOMES DE MELO I, RUA \u201cC\u201d, 31- TABULEIRO DO MARTINS<\/td><td>3312-5561<\/td><\/tr><tr><td><strong>UNIDADE DE SA\u00daDE DA FAM\u00cdLIA GRACILIANO RAMOS&nbsp;<\/strong><\/td><td>CONJ. GRACILIANO RAMOS CRECHE 01 S\/N \u2013 TABULEIRO DO MARTINS<\/td><td>3312-5562<\/td><\/tr><tr><td><strong>UNIDADE DE SA\u00daDE DA FAM\u00cdLIA GALBA NOVAES<\/strong><\/td><td>AVENIDA BETEL, S\/N \u2013 TABULEIRO DO MARTINS<\/td><td>3312-5563<\/td><\/tr><tr><td><strong>UNIDADE DE SA\u00daDE VILLAGE CAMPESTRE I<\/strong><\/td><td>CONJ VILLAGE CAMPESTRE I QD N N.\u00ba 15<\/td><td>3312-5565<\/td><\/tr><tr><td><strong>UNIDADE DE SA\u00daDE DR DJALMA LOUREIRO<\/strong><\/td><td>RUA MUNIZ FALC\u00c3O, S\/N \u2013 CLIMA BOM<\/td><td>3312-5553<\/td><\/tr><tr><td><strong>UNIDADE DE SA\u00daDE JOS\u00c9 PIMENTEL AMORIM<\/strong><\/td><td>RUA ADRIANA VIANA DE CASTRO, S\/N \u2013 CONJ SALVADOR LYRA<\/td><td>3312-5554<\/td><\/tr><tr><td><strong>UNIDADE DE SA\u00daDE DA FAM\u00cdLIA ROSANE COLLOR<\/strong><\/td><td>AVENIDA NASCENTE, 542 \u2013 CONJ ROSANE COLLOR, CLIMA BOM<\/td><td>3312-5555<\/td><\/tr><tr><td><strong>UNIDADE DE SA\u00daDE DA FAM\u00cdLIA VILLAGE CAMPESTRE II<\/strong><\/td><td>RUA PADRE CICERO, 50 \u2013 VILLAGE CAMPESTRE II<\/td><td>3312-5567<\/td><\/tr><tr><td><strong>UNIDADE DE SA\u00daDE DA FAM\u00cdLIA DENISSON MENEZES<\/strong><\/td><td>CONJUNTO DENISSON MENEZES, QD A \u2013 TABULEIRO DO MARTINS<\/td><td>3312-5557<\/td><\/tr><tr><td><strong>UNIDADE DE SA\u00daDE VEREADOR SERGIO QUINTELLA<\/strong><\/td><td>RUA MARQUES DE TAMANDARE 02 SANTA LUCIA<\/td><td>3312-5558<\/td><\/tr><tr><td><strong>UNIDADE DE SA\u00daDE ALIOMAR ALMEIDA LINS<\/strong><\/td><td>Benedito Bentes<\/td><td>3312-5549<\/td><\/tr><tr><td><strong>UNIDADE DE SA\u00daDE JO\u00c3O MAC\u00c1RIO<\/strong><\/td><td>AV. CORINTHO CAMPELLO DA PAZ, S\/N \u2013 SANTOS DUMONT<\/td><td>3312-5556<\/td><\/tr><tr><td><strong>UNIDADE DE SA\u00daDE JO\u00c3O PAULO II<\/strong><\/td><td>RUA MANOEL VIANA DE OLIVEIRA, S\/N \u2013 JACINTINHO<\/td><td>3312-5534<\/td><\/tr><tr><td><strong>UNIDADE B\u00c1SICA DE SA\u00daDE JOS\u00c9 GUEDES DE FARIAS<\/strong><\/td><td>CONJ. MEDEIROS NETO, S\/N \u2013 SANTA AM\u00c9LIA<\/td><td>3312-5528<\/td><\/tr><tr><td><strong>UNIDADE DE SA\u00daDE MARIA CONCEI\u00c7\u00c3O FONSECA PARANHOS<\/strong><\/td><td>CONJ. ALFREDO GASPAR DE MENDON\u00c7A \u2013 JACARECICA<\/td><td>3312-5573<\/td><\/tr><tr><td><strong>UNIDADE DOCENTE ASSISTENCIAL CESMAC \u2013 PAULO OLIVEIRA COSTA<\/strong><\/td><td>FAROL<\/td><td>3312-5516<\/td><\/tr><tr><\/tr><tr><td><strong>UNIDADE DOCENTE ASSISTENCIAL FAT \u2013 DIVALDO SURUAGY<\/strong><\/td><td>BARRO DURO<\/td><td>3312-5542<\/td><\/tr><tr><td><strong>UNIDADE B\u00c1SICA DE SA\u00daDE JORGE DUARTE<\/strong><\/td><td>GRACILIANO RAMOS<\/td><td>3312-5559<\/td><\/tr><tr><td><strong>UNIDADE B\u00c1SICA DE SA\u00daDE WALTER DE MOURA<\/strong><\/td><td>SANTA AM\u00c9LIA<\/td><td>3312-5560<\/td><\/tr><tr><td><strong>UNIDADE DE REFER\u00caNCIA EM SA\u00daDE IB GATTO<\/strong><\/td><td>TABULEIRO DOS MARTINS<\/td><td>3312-5564<\/td><\/tr><tr><td><strong>UNIDADE DOCENTE ASSISTENCIAL UNIT \u2013 JOS\u00c9 LAGES FILHO<\/strong><\/td><td>CRUZ DAS ALMAS<\/td><td>3312-5574<\/td><\/tr><tr><td><strong>UNIDADE DOCENTE ASSISTENCIAL UFAL \u2013 PROFESSOR GILBERTO DE MACEDO<\/strong><\/td><td>CIDADE UNIVERSIT\u00c1RIA<\/td><\/tr><\/tbody><\/table>\n\n\n\n<p>Graziela Fran\u00e7a\/ Ascom SMS<\/p>\n\n\n\n<p><br><\/p>\n","protected":false},"excerpt":{"rendered":"<p>Na pr\u00f3xima segunda-feira (18) tem in\u00edcio a vacina\u00e7\u00e3o contra a influenza de adultos de 55 a 59<\/p>\n","protected":false},"author":1,"featured_media":11348,"comment_status":"open","ping_status":"open","sticky":false,"template":"","format":"standard","meta":{"footnotes":""},"categories":[60],"tags":[],"class_list":["post-11347","post","type-post","status-publish","format-standard","has-post-thumbnail","hentry","category-capa"],"_links":{"self":[{"href":"https:\/\/4cantosalagoas.com.br\/portal\/wp-json\/wp\/v2\/posts\/11347","targetHints":{"allow":["GET"]}}],"collection":[{"href":"https:\/\/4cantosalagoas.com.br\/portal\/wp-json\/wp\/v2\/posts"}],"about":[{"href":"https:\/\/4cantosalagoas.com.br\/portal\/wp-json\/wp\/v2\/types\/post"}],"author":[{"embeddable":true,"href":"https:\/\/4cantosalagoas.com.br\/portal\/wp-json\/wp\/v2\/users\/1"}],"replies":[{"embeddable":true,"href":"https:\/\/4cantosalagoas.com.br\/portal\/wp-json\/wp\/v2\/comments?post=11347"}],"version-history":[{"count":1,"href":"https:\/\/4cantosalagoas.com.br\/portal\/wp-json\/wp\/v2\/posts\/11347\/revisions"}],"predecessor-version":[{"id":11349,"href":"https:\/\/4cantosalagoas.com.br\/portal\/wp-json\/wp\/v2\/posts\/11347\/revisions\/11349"}],"wp:featuredmedia":[{"embeddable":true,"href":"https:\/\/4cantosalagoas.com.br\/portal\/wp-json\/wp\/v2\/media\/11348"}],"wp:attachment":[{"href":"https:\/\/4cantosalagoas.com.br\/portal\/wp-json\/wp\/v2\/media?parent=11347"}],"wp:term":[{"taxonomy":"category","embeddable":true,"href":"https:\/\/4cantosalagoas.com.br\/portal\/wp-json\/wp\/v2\/categories?post=11347"},{"taxonomy":"post_tag","embeddable":true,"href":"https:\/\/4cantosalagoas.com.br\/portal\/wp-json\/wp\/v2\/tags?post=11347"}],"curies":[{"name":"wp","href":"https:\/\/api.w.org\/{rel}","templated":true}]}}