{"id":11311,"date":"2020-05-13T06:15:41","date_gmt":"2020-05-13T09:15:41","guid":{"rendered":"http:\/\/4cantosalagoas.com.br\/portal\/?p=11311"},"modified":"2020-05-13T06:15:44","modified_gmt":"2020-05-13T09:15:44","slug":"direito-de-ir-e-vir-entenda-o-que-pode-e-o-que-esta-proibido-ao-sair-de-casa","status":"publish","type":"post","link":"https:\/\/4cantosalagoas.com.br\/portal\/direito-de-ir-e-vir-entenda-o-que-pode-e-o-que-esta-proibido-ao-sair-de-casa\/","title":{"rendered":"Direito de ir e vir: entenda o que pode e o que est\u00e1 proibido ao sair de casa"},"content":{"rendered":"\n<figure class=\"wp-block-image\"><img fetchpriority=\"high\" decoding=\"async\" width=\"600\" height=\"400\" src=\"http:\/\/4cantosalagoas.com.br\/portal\/wp-content\/uploads\/2020\/05\/ddi.jpg\" alt=\"\" class=\"wp-image-11312\" srcset=\"https:\/\/4cantosalagoas.com.br\/portal\/wp-content\/uploads\/2020\/05\/ddi.jpg 600w, https:\/\/4cantosalagoas.com.br\/portal\/wp-content\/uploads\/2020\/05\/ddi-300x200.jpg 300w\" sizes=\"(max-width: 600px) 100vw, 600px\" \/><figcaption> <br>Sa\u00eddas s\u00f3 quando necess\u00e1rio, sozinho e com m\u00e1scara de prote\u00e7\u00e3o Foto\/<em>Felipe Brasil<\/em> <\/figcaption><\/figure>\n\n\n\n<p>O atual cen\u00e1rio da pandemia em Alagoas provocou a determina\u00e7\u00e3o de mais medidas de enfrentamento \u00e0 Covid-19, entre elas novas restri\u00e7\u00f5es \u00e0 circula\u00e7\u00e3o de pessoas previstas no&nbsp;<a href=\"http:\/\/www.imprensaoficialal.com.br\/wp-content\/uploads\/2020\/05\/DOEAL-05_05_2020-COMPLETO.pdf\" target=\"_blank\" rel=\"noreferrer noopener\">decreto n\u00ba 69.772<\/a>, publicado na \u00faltima ter\u00e7a-feira (05) pelo Governo do Estado. Al\u00e9m dos profissionais que atuam com servi\u00e7os essenciais ou est\u00e3o liberados pelo decreto, o direito de ir e vir de todos os cidad\u00e3os continua preservado, desde que utilizando m\u00e1scaras, sem provocar aglomera\u00e7\u00f5es e s\u00f3 quando for realmente necess\u00e1rio.<\/p>\n\n\n\n<p>Para quem tem d\u00favidas, vale exemplificar atividades comuns no cotidiano: a sa\u00edda para a pr\u00e1tica de exerc\u00edcio f\u00edsico e para passear com o animal de estima\u00e7\u00e3o est\u00e1 permitida, mas a pessoa&nbsp;<strong>deve ir sozinha e utilizar m\u00e1scara de prote\u00e7\u00e3o<\/strong>&nbsp;durante todo o percurso fora de casa.&nbsp;<strong>N\u00e3o&nbsp;<\/strong><strong>\u00e9 permitido<\/strong><strong>&nbsp;sair em grupos<\/strong>&nbsp;e ir a alguns&nbsp;<strong>lugares proibidos pelo decreto: praias, cal\u00e7ad\u00e3o das avenidas beira-mar, beira rio, lagoas e pra\u00e7as<\/strong>.<\/p>\n\n\n\n<p>Tamb\u00e9m&nbsp;<strong>n\u00e3o&nbsp;<\/strong><strong>\u00e9 permitido<\/strong>&nbsp;<strong>ficar<\/strong><strong>&nbsp;parado em ruas e espa\u00e7os p\u00fablicos<\/strong>, como&nbsp;pra\u00e7as e alamedas, para n\u00e3o provocar aglomera\u00e7\u00f5es. Lembre-se: a restri\u00e7\u00e3o inclui atividades de recrea\u00e7\u00e3o, como banhos de mar, rio ou lagoa.<\/p>\n\n\n\n<p>Nada de churrasquinho, pipoca ou algod\u00e3o-doce:&nbsp;a&nbsp;mesma proibi\u00e7\u00e3o vale para o funcionamento de atividades comerciais&nbsp;em \u201cruas, praias, lagoas, rios e piscinas p\u00fablicas, pra\u00e7as ou outros locais de uso coletivo e que promovam a aglomera\u00e7\u00e3o de pessoas, como bancas e barracas de vendas de alimentos nos logradouros p\u00fablicos\u201d.<\/p>\n\n\n\n<p><em><strong>Estacionamento de ve\u00edculos<\/strong><\/em><\/p>\n\n\n\n<p>O novo decreto tamb\u00e9m determina a&nbsp;<strong>proibi\u00e7\u00e3o do estacionamento de ve\u00edculos<\/strong>&nbsp;\u201cnas ruas, faixas beira-mar, beira rio, lagoas e pra\u00e7as\u201d. Ou seja: n\u00e3o pode estacionar o carro, a moto ou utilit\u00e1rio em nenhuma das localidades acima,&nbsp;<strong>exceto para as pessoas com resid\u00eancia comprovada<\/strong>&nbsp;no entorno e em caso de&nbsp;<strong>acesso a estabelecimentos<\/strong>&nbsp;que n\u00e3o est\u00e3o com o funcionamento suspenso, como supermercados, postos de combust\u00edvel e farm\u00e1cias.<\/p>\n\n\n\n<p><em><strong>Transporte p\u00fablico<\/strong><\/em><\/p>\n\n\n\n<p>Aten\u00e7\u00e3o, empresas e passageiros, pois tamb\u00e9m h\u00e1 mudan\u00e7as na utiliza\u00e7\u00e3o dos transportes p\u00fablicos coletivos.&nbsp;<strong>O<\/strong><strong>s \u00f4nibus s\u00f3 poder\u00e3o circular de janelas abertas e com a lota\u00e7\u00e3o limitada \u00e0 quantidade de assentos<\/strong>. Isso significa que os ve\u00edculos n\u00e3o podem fazer o itiner\u00e1rio com o ar-condicionado ligado e nem com pessoas em p\u00e9 ap\u00f3s a ocupa\u00e7\u00e3o total das cadeiras.<\/p>\n\n\n\n<p>O<strong>&nbsp;uso de m\u00e1scara por todos os passageiros&nbsp;<\/strong>tamb\u00e9m se tornou obrigat\u00f3rio. E, n\u00e3o custa ressaltar, deve-se&nbsp;<strong>respeitar o distanciamento social<\/strong>&nbsp;mesmo dentro do coletivo.&nbsp;Tamb\u00e9m est\u00e1&nbsp;suspenso&nbsp;o uso do Passe Livre de estudantes e a gratuidade dos idosos&nbsp;nos transportes p\u00fablicos, exceto na utiliza\u00e7\u00e3o do servi\u00e7o para casos de sa\u00fade.<\/p>\n\n\n\n<p><em><strong>Fiscaliza\u00e7\u00e3o, puni\u00e7\u00e3o e den\u00fancias<\/strong><\/em><\/p>\n\n\n\n<p>O novo decreto prev\u00ea puni\u00e7\u00f5es para quem descumprir qualquer uma das medidas, como a aplica\u00e7\u00e3o de multa di\u00e1ria de at\u00e9 R$ 50 mil e a pris\u00e3o em flagrante delito de quem for encontrado descumprindo as regras (artigos 11\u00ba e 12\u00ba do Decreto 69.722), seja um cidad\u00e3o comum ou o respons\u00e1vel por algum estabelecimento ou servi\u00e7o.<\/p>\n\n\n\n<p>A fiscaliza\u00e7\u00e3o \u00e9 feita pelas for\u00e7as de Seguran\u00e7a P\u00fablica \u2013 policiais militares, civis, do Ronda no Bairro, da Lei Seca e bombeiros, em conjunto com \u00f3rg\u00e3os municipais e estaduais.&nbsp;A popula\u00e7\u00e3o pode denunciar o descumprimento pelo n\u00famero&nbsp;<strong>181<\/strong>&nbsp;\u2013 para denunciar pessoas f\u00edsicas ou eventos programados \u2013 ou pelo&nbsp;<strong>190<\/strong>, nesse caso para informar sobre flagrantes de estabelecimentos e empresas que estejam descumprindo as determina\u00e7\u00f5es.<\/p>\n\n\n\n<p><em><strong>Fique em casa<\/strong><\/em><\/p>\n\n\n\n<p>O principal objetivo das medidas \u00e9 evitar aglomera\u00e7\u00f5es \u2013 um princ\u00edpio defendido pela ci\u00eancia, a quem o Governo recorre e escuta antes de elaborar e decretar medidas.&nbsp;Ficar em casa \u00e9 uma quest\u00e3o central no combate ao novo coronav\u00edrus. A responsabilidade \u00e9 de todos. Muita aten\u00e7\u00e3o a este aspecto, afinal, quanto menos voc\u00ea sair, mais vidas vai salvar.<\/p>\n\n\n\n<p><em>*As regras citadas nessa mat\u00e9ria est\u00e3o contidas nos Artigos 1\u00ba, 8\u00ba, 10\u00ba, 11\u00ba e 12\u00ba do&nbsp;<a href=\"http:\/\/www.imprensaoficialal.com.br\/wp-content\/uploads\/2020\/05\/DOEAL-05_05_2020-COMPLETO.pdf\" target=\"_blank\" rel=\"noreferrer noopener\">Decreto n\u00ba 69.722<\/a>.<\/em><\/p>\n","protected":false},"excerpt":{"rendered":"<p>O atual cen\u00e1rio da pandemia em Alagoas provocou a determina\u00e7\u00e3o de mais medidas de enfrentamento \u00e0 Covid-19,<\/p>\n","protected":false},"author":1,"featured_media":11312,"comment_status":"open","ping_status":"open","sticky":false,"template":"","format":"standard","meta":{"footnotes":""},"categories":[60],"tags":[],"class_list":["post-11311","post","type-post","status-publish","format-standard","has-post-thumbnail","hentry","category-capa"],"_links":{"self":[{"href":"https:\/\/4cantosalagoas.com.br\/portal\/wp-json\/wp\/v2\/posts\/11311","targetHints":{"allow":["GET"]}}],"collection":[{"href":"https:\/\/4cantosalagoas.com.br\/portal\/wp-json\/wp\/v2\/posts"}],"about":[{"href":"https:\/\/4cantosalagoas.com.br\/portal\/wp-json\/wp\/v2\/types\/post"}],"author":[{"embeddable":true,"href":"https:\/\/4cantosalagoas.com.br\/portal\/wp-json\/wp\/v2\/users\/1"}],"replies":[{"embeddable":true,"href":"https:\/\/4cantosalagoas.com.br\/portal\/wp-json\/wp\/v2\/comments?post=11311"}],"version-history":[{"count":1,"href":"https:\/\/4cantosalagoas.com.br\/portal\/wp-json\/wp\/v2\/posts\/11311\/revisions"}],"predecessor-version":[{"id":11313,"href":"https:\/\/4cantosalagoas.com.br\/portal\/wp-json\/wp\/v2\/posts\/11311\/revisions\/11313"}],"wp:featuredmedia":[{"embeddable":true,"href":"https:\/\/4cantosalagoas.com.br\/portal\/wp-json\/wp\/v2\/media\/11312"}],"wp:attachment":[{"href":"https:\/\/4cantosalagoas.com.br\/portal\/wp-json\/wp\/v2\/media?parent=11311"}],"wp:term":[{"taxonomy":"category","embeddable":true,"href":"https:\/\/4cantosalagoas.com.br\/portal\/wp-json\/wp\/v2\/categories?post=11311"},{"taxonomy":"post_tag","embeddable":true,"href":"https:\/\/4cantosalagoas.com.br\/portal\/wp-json\/wp\/v2\/tags?post=11311"}],"curies":[{"name":"wp","href":"https:\/\/api.w.org\/{rel}","templated":true}]}}