{"id":11305,"date":"2020-05-13T06:05:13","date_gmt":"2020-05-13T09:05:13","guid":{"rendered":"http:\/\/4cantosalagoas.com.br\/portal\/?p=11305"},"modified":"2020-05-13T06:05:18","modified_gmt":"2020-05-13T09:05:18","slug":"criancas-e-covid-19-farmaceutica-orienta-sobre-automedicacao","status":"publish","type":"post","link":"https:\/\/4cantosalagoas.com.br\/portal\/criancas-e-covid-19-farmaceutica-orienta-sobre-automedicacao\/","title":{"rendered":"Crian\u00e7as e covid-19, farmac\u00eautica orienta sobre automedica\u00e7\u00e3o"},"content":{"rendered":"\n<figure class=\"wp-block-image\"><img fetchpriority=\"high\" decoding=\"async\" width=\"592\" height=\"727\" src=\"http:\/\/4cantosalagoas.com.br\/portal\/wp-content\/uploads\/2020\/05\/far.jpg\" alt=\"\" class=\"wp-image-11306\" srcset=\"https:\/\/4cantosalagoas.com.br\/portal\/wp-content\/uploads\/2020\/05\/far.jpg 592w, https:\/\/4cantosalagoas.com.br\/portal\/wp-content\/uploads\/2020\/05\/far-244x300.jpg 244w\" sizes=\"(max-width: 592px) 100vw, 592px\" \/><figcaption> <br>Farmac\u00eautica Sabrina Neves,  Foto \/assessoria<\/figcaption><\/figure>\n\n\n\n<p>Os casos de crian\u00e7as infectadas pelo Covid-19 ainda \u00e9 pequeno, isso porque normalmente s\u00e3o vistas como portadores assintom\u00e1ticos, contudo elas est\u00e3o sendo acometidas pelo v\u00edrus levando inclusive a morte. A farmac\u00eautica Sabrina Neves, integrante do Grupo de Trabalho de Ensino e Pesquisa do Conselho Regional de Farm\u00e1cia de Alagoas, explica que um dos motivos que pode ter levado o aumento de casos em crian\u00e7as \u00e9 o maior tempo que os adultos est\u00e3o convivendo com elas.<\/p>\n\n\n\n<p>&#8220;As crian\u00e7as apresentam menor risco de desenvolverem sintomas e apresentarem COVID-19. Muito, tem se falado que s\u00e3o assintom\u00e1ticas e que o maior risco est\u00e1 associado a possibilidade de serem agentes transmissoras&#8221;, analisou.<\/p>\n\n\n\n<p>Sabrina revela que um estudo chin\u00eas sobre a covid-19 em crian\u00e7as mostrou que pouco mais da metade das crian\u00e7as apresentam sintomas leves de febre, tosse, dor de garganta, nariz escorrendo, dores no corpo e espirros. \u201cSomente um ter\u00e7o desenvolvia sinais de pneumonia, com febre constante, tosse e chiados no peito, mas sem a falta de ar e a dificuldade para respirar vistas nos casos mais severos da doen\u00e7a\u201d, pontuou.<\/p>\n\n\n\n<p>J\u00e1 para os sintomas mais graves, ou cr\u00edticos de covid-19, como falta de ar, s\u00edndrome do desconforto respirat\u00f3rio agudo e situa\u00e7\u00e3o de choque, o estudo mostrou que menos de 6% das crian\u00e7as desenvolvem estes sintomas. Entre as faixas et\u00e1rias, crian\u00e7as pequenas, beb\u00eas em particular, s\u00e3o mais vulner\u00e1veis \u00e0 covid-19 do que outros grupos et\u00e1rios infantis. \u201cAs crian\u00e7as que apresentam comorbidades, como asma, diabetes e obesidades e podem ser mais propensas a complica\u00e7\u00f5es\u201d, comentou.<\/p>\n\n\n\n<p>Neste momento de pandemia, segundo a farmac\u00eautica, a recomenda\u00e7\u00e3o continua sendo evitar aglomera\u00e7\u00f5es, n\u00e3o deixar as crian\u00e7as brincarem com outras crian\u00e7as fora de sua resid\u00eancia, evitar os parquinhos e praia. Em caso de sintomas leves orienta-se a observa\u00e7\u00e3o em casa.<\/p>\n\n\n\n<p>\u201cEvitem a automedica\u00e7\u00e3o, principalmente, a nebuliza\u00e7\u00e3o como forma de reduzir a dispers\u00e3o de aeross\u00f3is, bem como evitar o uso de corticoides sist\u00eamicos. Apenas crian\u00e7as que j\u00e1 fazem tratamento para asma devem manter o tratamento de manuten\u00e7\u00e3o&#8221;, disse.<\/p>\n\n\n\n<p>Assessoria<\/p>\n","protected":false},"excerpt":{"rendered":"<p>Os casos de crian\u00e7as infectadas pelo Covid-19 ainda \u00e9 pequeno, isso porque normalmente s\u00e3o vistas como portadores<\/p>\n","protected":false},"author":1,"featured_media":11306,"comment_status":"open","ping_status":"open","sticky":false,"template":"","format":"standard","meta":{"footnotes":""},"categories":[5],"tags":[],"class_list":["post-11305","post","type-post","status-publish","format-standard","has-post-thumbnail","hentry","category-maceio"],"_links":{"self":[{"href":"https:\/\/4cantosalagoas.com.br\/portal\/wp-json\/wp\/v2\/posts\/11305","targetHints":{"allow":["GET"]}}],"collection":[{"href":"https:\/\/4cantosalagoas.com.br\/portal\/wp-json\/wp\/v2\/posts"}],"about":[{"href":"https:\/\/4cantosalagoas.com.br\/portal\/wp-json\/wp\/v2\/types\/post"}],"author":[{"embeddable":true,"href":"https:\/\/4cantosalagoas.com.br\/portal\/wp-json\/wp\/v2\/users\/1"}],"replies":[{"embeddable":true,"href":"https:\/\/4cantosalagoas.com.br\/portal\/wp-json\/wp\/v2\/comments?post=11305"}],"version-history":[{"count":1,"href":"https:\/\/4cantosalagoas.com.br\/portal\/wp-json\/wp\/v2\/posts\/11305\/revisions"}],"predecessor-version":[{"id":11307,"href":"https:\/\/4cantosalagoas.com.br\/portal\/wp-json\/wp\/v2\/posts\/11305\/revisions\/11307"}],"wp:featuredmedia":[{"embeddable":true,"href":"https:\/\/4cantosalagoas.com.br\/portal\/wp-json\/wp\/v2\/media\/11306"}],"wp:attachment":[{"href":"https:\/\/4cantosalagoas.com.br\/portal\/wp-json\/wp\/v2\/media?parent=11305"}],"wp:term":[{"taxonomy":"category","embeddable":true,"href":"https:\/\/4cantosalagoas.com.br\/portal\/wp-json\/wp\/v2\/categories?post=11305"},{"taxonomy":"post_tag","embeddable":true,"href":"https:\/\/4cantosalagoas.com.br\/portal\/wp-json\/wp\/v2\/tags?post=11305"}],"curies":[{"name":"wp","href":"https:\/\/api.w.org\/{rel}","templated":true}]}}