{"id":11300,"date":"2020-05-12T17:29:42","date_gmt":"2020-05-12T20:29:42","guid":{"rendered":"http:\/\/4cantosalagoas.com.br\/portal\/?p=11300"},"modified":"2020-05-12T17:29:47","modified_gmt":"2020-05-12T20:29:47","slug":"defesa-civil-municipal-monitora-acumulo-chuvas-na-cidade","status":"publish","type":"post","link":"https:\/\/4cantosalagoas.com.br\/portal\/defesa-civil-municipal-monitora-acumulo-chuvas-na-cidade\/","title":{"rendered":"Defesa Civil Municipal monitora acumulo chuvas na cidade"},"content":{"rendered":"\n<figure class=\"wp-block-image\"><img fetchpriority=\"high\" decoding=\"async\" width=\"1024\" height=\"683\" src=\"https:\/\/i1.wp.com\/4cantosalagoas.com.br\/portal\/wp-content\/uploads\/2020\/05\/24072019-Sala-Monitoramento-Defesa-Civil-PF_0007-1024x683.jpg?fit=1024%2C683\" alt=\"\" class=\"wp-image-11301\" srcset=\"https:\/\/4cantosalagoas.com.br\/portal\/wp-content\/uploads\/2020\/05\/24072019-Sala-Monitoramento-Defesa-Civil-PF_0007-1024x683.jpg 1024w, https:\/\/4cantosalagoas.com.br\/portal\/wp-content\/uploads\/2020\/05\/24072019-Sala-Monitoramento-Defesa-Civil-PF_0007-1024x683-300x200.jpg 300w, https:\/\/4cantosalagoas.com.br\/portal\/wp-content\/uploads\/2020\/05\/24072019-Sala-Monitoramento-Defesa-Civil-PF_0007-1024x683-768x512.jpg 768w\" sizes=\"(max-width: 1024px) 100vw, 1024px\" \/><figcaption> <br>Defesa Civil monitora chuvas em Macei\u00f3. Foto: Pei Fon\/ Secom Macei\u00f3 <\/figcaption><\/figure>\n\n\n\n<p>A Coordenadoria Especial Municipal de Prote\u00e7\u00e3o e Defesa Civil (Compdec) est\u00e1 monitorando as chuvas na capital nesta ter\u00e7a-feira (12) e n\u00e3o registrou, at\u00e9 o momento, ocorr\u00eancias. A Defesa Civil orienta que o acionamento deve ser feito pelo n\u00famero 199 at\u00e9 \u00e0s 18h. Ap\u00f3s este hor\u00e1rio, os chamados devem ser feito pelo 193 do Corpo de Bombeiros.<\/p>\n\n\n\n<p>Nas \u00faltimas 24 horas, os pluvi\u00f4metros da capital registraram maior acumulado de chuva nos bairros do Benedito Bentes, 53,2mm, e no Antares, com acumulados de 53mm. J\u00e1 a \u00e1rea com menor registro de chuva pelos pluvi\u00f4metros foi a regi\u00e3o da Gruta de Lourdes, com acumulado de 3,8mm nas \u00faltimas 24 horas.<\/p>\n\n\n\n<p>Como o volume de chuva nos bairros de Benedito Bentes e Antares ultrapassou o registro de 40mm nas \u00faltimas 24 horas, a Defesa Civil est\u00e1 trabalhando em n\u00edvel operacional de aten\u00e7\u00e3o dentro do Protocolo de de Prote\u00e7\u00e3o e A\u00e7\u00e3o de Defesa Civil para estas duas \u00e1reas. Para as demais \u00e1reas, o n\u00edvel operacional \u00e9 de observa\u00e7\u00e3o.<\/p>\n\n\n\n<p>A previs\u00e3o do tempo, segundo informa\u00e7\u00f5es da Sala de Alerta da Semarh, \u00e9 de perman\u00eancia de tempo inst\u00e1vel nesta ter\u00e7a (12) e quarta-feira (13), com possibilidade de pancadas de chuva intercaladas com per\u00edodo seco.<\/p>\n\n\n\n<p>A Defesa Civil Municipal orienta a popula\u00e7\u00e3o que se encontra em \u00e1rea de risco em Macei\u00f3 que, caso n\u00e3o se sinta segura durante a chuva, procure abrigo em local seguro \u2013 a exemplo de casa de parentes \u2013 e acione o \u00f3rg\u00e3o municipal para&nbsp;avalia\u00e7\u00e3o da \u00e1rea.<\/p>\n\n\n\n<p>Em caso de ocorr\u00eancias, o acionamento deve ser feito no hor\u00e1rio de 8h \u00e0s 18h, no n\u00famero 199 da Defesa Civil. Ap\u00f3s este hor\u00e1rio, o atendimento ser\u00e1 realizado pelo Corpo de Bombeiros, no n\u00famero 193, e as chamadas s\u00e3o encaminhadas para a Defesa Civil de Macei\u00f3.&nbsp;<\/p>\n\n\n\n<p>Fl\u00e1via Duarte\/ Ascom Defesa Civil<\/p>\n","protected":false},"excerpt":{"rendered":"<p>A Coordenadoria Especial Municipal de Prote\u00e7\u00e3o e Defesa Civil (Compdec) est\u00e1 monitorando as chuvas na capital nesta<\/p>\n","protected":false},"author":1,"featured_media":11301,"comment_status":"open","ping_status":"open","sticky":false,"template":"","format":"standard","meta":{"footnotes":""},"categories":[60],"tags":[],"class_list":["post-11300","post","type-post","status-publish","format-standard","has-post-thumbnail","hentry","category-capa"],"_links":{"self":[{"href":"https:\/\/4cantosalagoas.com.br\/portal\/wp-json\/wp\/v2\/posts\/11300","targetHints":{"allow":["GET"]}}],"collection":[{"href":"https:\/\/4cantosalagoas.com.br\/portal\/wp-json\/wp\/v2\/posts"}],"about":[{"href":"https:\/\/4cantosalagoas.com.br\/portal\/wp-json\/wp\/v2\/types\/post"}],"author":[{"embeddable":true,"href":"https:\/\/4cantosalagoas.com.br\/portal\/wp-json\/wp\/v2\/users\/1"}],"replies":[{"embeddable":true,"href":"https:\/\/4cantosalagoas.com.br\/portal\/wp-json\/wp\/v2\/comments?post=11300"}],"version-history":[{"count":1,"href":"https:\/\/4cantosalagoas.com.br\/portal\/wp-json\/wp\/v2\/posts\/11300\/revisions"}],"predecessor-version":[{"id":11302,"href":"https:\/\/4cantosalagoas.com.br\/portal\/wp-json\/wp\/v2\/posts\/11300\/revisions\/11302"}],"wp:featuredmedia":[{"embeddable":true,"href":"https:\/\/4cantosalagoas.com.br\/portal\/wp-json\/wp\/v2\/media\/11301"}],"wp:attachment":[{"href":"https:\/\/4cantosalagoas.com.br\/portal\/wp-json\/wp\/v2\/media?parent=11300"}],"wp:term":[{"taxonomy":"category","embeddable":true,"href":"https:\/\/4cantosalagoas.com.br\/portal\/wp-json\/wp\/v2\/categories?post=11300"},{"taxonomy":"post_tag","embeddable":true,"href":"https:\/\/4cantosalagoas.com.br\/portal\/wp-json\/wp\/v2\/tags?post=11300"}],"curies":[{"name":"wp","href":"https:\/\/api.w.org\/{rel}","templated":true}]}}