{"id":11298,"date":"2020-05-11T18:38:06","date_gmt":"2020-05-11T21:38:06","guid":{"rendered":"http:\/\/4cantosalagoas.com.br\/portal\/?p=11298"},"modified":"2020-05-12T20:27:47","modified_gmt":"2020-05-12T23:27:47","slug":"alagoas-tem-2-343-casos-da-covid-19-e-138-obitos","status":"publish","type":"post","link":"https:\/\/4cantosalagoas.com.br\/portal\/alagoas-tem-2-343-casos-da-covid-19-e-138-obitos\/","title":{"rendered":"Alagoas tem 2.343 casos da Covid-19 e 138 \u00f3bitos"},"content":{"rendered":"\n<figure class=\"wp-block-image\"><img fetchpriority=\"high\" decoding=\"async\" width=\"496\" height=\"577\" src=\"http:\/\/4cantosalagoas.com.br\/portal\/wp-content\/uploads\/2020\/03\/corona.jpg\" alt=\"\" class=\"wp-image-10779\" srcset=\"https:\/\/4cantosalagoas.com.br\/portal\/wp-content\/uploads\/2020\/03\/corona.jpg 496w, https:\/\/4cantosalagoas.com.br\/portal\/wp-content\/uploads\/2020\/03\/corona-258x300.jpg 258w\" sizes=\"(max-width: 496px) 100vw, 496px\" \/><figcaption>Reprodu\u00e7\u00e3o<\/figcaption><\/figure>\n\n\n\n<p>O Boletim Epidemiol\u00f3gico desta segunda-feira (11\/05) confirma mais 85 casos de Covid-19 em Alagoas. Dessa forma, o estado tem um total de 2.343 casos confirmados do novo coronav\u00edrus at\u00e9 o momento, dos quais 818 est\u00e3o em isolamento domiciliar e 160 internados em leitos p\u00fablicos e privados. Outros 1.227 pacientes j\u00e1 finalizaram o per\u00edodo de isolamento, n\u00e3o apresentam mais sintomas e, portanto, est\u00e3o recuperados da doen\u00e7a. H\u00e1 1.498 casos em investiga\u00e7\u00e3o laboratorial. Foram registradas mais 12 mortes em territ\u00f3rio alagoano. Com isso, Alagoas tem 138 \u00f3bitos por Covid-19.<\/p>\n\n\n\n<p>Foram registradas, laboratorialmente, mais 12 mortes em Alagoas em decorr\u00eancia da Covid-19. Sete \u00f3bitos foram registrados em Macei\u00f3, vitimando cinco homens, com idades de 64, 94, 56, 87 e 42 anos. Duas mulheres que residiam na capital e tinham 81 e 63 anos tamb\u00e9m foram v\u00edtimas da Covid-19.<\/p>\n\n\n\n<p>Os homens de 64 e 56 anos n\u00e3o tinham comorbidades e faleceram no Hospital Sanat\u00f3rio e UPA do Jacintinho, respectivamente. As outras v\u00edtimas do sexo masculino, de idades 94 e 87 anos, tinham doen\u00e7a card\u00edaca cr\u00f4nica e hipertens\u00e3o e diabetes, respectivamente, e os \u00f3bitos foram registrados no Hospital do Cora\u00e7\u00e3o e Hospital Veredas. O homem de 42 anos era hipertenso e faleceu no Hospital Veredas.<\/p>\n\n\n\n<p>J\u00e1 as mulheres que residiam em Macei\u00f3 tinham 81 e 63 anos e os \u00f3bitos foram registrados no Hospital do Cora\u00e7\u00e3o e Santa Casa de Macei\u00f3, respectivamente. Em rela\u00e7\u00e3o \u00e0s comorbidades, a v\u00edtima de 81 anos era diab\u00e9tica e tinha leucemia. J\u00e1 a mulher de 63 anos tinha fibromialgia e arritmia.<\/p>\n\n\n\n<p>Tamb\u00e9m h\u00e1 registros de mortes por Covid-19 no interior do estado. Foram cinco \u00f3bitos constatados nas cidades de Santana do Ipanema, Novo Lino, Maragogi, Marechal Deodoro e Satuba. Quatro v\u00edtimas eram homens e uma mulher, com idades de 87, 33, 48 e 39 anos, do sexo masculino, e 66 anos do sexo feminino.<\/p>\n\n\n\n<p>Os homens de 87 e 39 anos n\u00e3o tinham comorbidades, residiam em Santana do Ipanema e Marechal Deodoro, e tiveram \u00f3bitos registrados Hospital Regional Clodolfo Rodrigues e Hospital da Mulher, respectivamente. As v\u00edtimas de 33 e 48 anos moravam em Novo Lino e Maragogi, tinham doen\u00e7as card\u00edacas cr\u00f4nicas e hipertens\u00e3o como comorbidades, com \u00f3bitos registrados no Hospital da Mulher e Hospital Universit\u00e1rio, respectivamente.&nbsp;J\u00e1 a mulher residia em Satuba, tinha 66 anos, era hipertensa e diab\u00e9tica e faleceu no Hospital Veredas.<\/p>\n\n\n\n<p>Os casos confirmados est\u00e3o distribu\u00eddos em 69 cidades: Macei\u00f3 (1.779), Marechal Deodoro (65), Rio Largo (51), Murici (41), Arapiraca (39), Palmeira dos \u00cdndios (36), Satuba (34), Coruripe (23), Teotonio Vilela (21), Uni\u00e3o dos Palmares (19), Pilar (17), S\u00e3o Miguel dos Campos (14), Maragogi (13), Santana do Ipanema (13), Santa Luzia do Norte (12), Junqueiro (11), S\u00e3o Miguel dos Milagres (11), Atalaia (11), S\u00e3o Sebasti\u00e3o (9), Campestre (9), Paripueira (7), Pia\u00e7abu\u00e7u (7), Barra de S\u00e3o Miguel (7), Boca da Mata (6), Penedo (5), Joaquim Gomes (3), Campo Alegre (3), Porto Calvo (3), Batalha (3), Jequi\u00e1 da Praia (3), Taquarana (3), Paulo Jacinto (3), Branquinha (3), Maribondo (2), Capela (2), S\u00e3o Luiz do Quitunde (2), Matriz do Camaragibe (2), Messias (2), Anadia (2), Limoeiro de Anadia (2), Japaratinga (2), Flexeiras (2), S\u00e3o Jos\u00e9 da Lage (2), Porto Real do Col\u00e9gio (1), Cacimbinhas (1), Cra\u00edbas (1), Lagoa da Canoa (1), Olho d\u2019\u00c1gua das Flores (1), Delmiro Gouveia (1), Jaramataia (1), Vi\u00e7osa (1), Ibateguara (1), Barra de Santo Ant\u00f4nio (1), Palestina (1), Novo Lino (1), Coqueiro Seco (1), Col\u00f4nia Leopoldina (1), Campo Grande (1), Coit\u00e9 do N\u00f3ia (1), Inhapi (1), Canapi (1), Major Izidoro (1), Oliven\u00e7a (1), Pindoba (1), Po\u00e7o das Trincheiras (1), Quebrangulo (1), Cajueiro (1) e Igaci (1) e Maravilha (1). As outras 13 pessoas que testaram positivo para a Covid-19 em Alagoas eram naturais de Pernambuco, Distrito Federal, Rio de Janeiro, S\u00e3o Paulo, Bahia e Santa Catarina.<\/p>\n\n\n\n<p><strong>\u00d3bitos<\/strong>&nbsp;\u2013 At\u00e9 hoje, foram confirmados 138 \u00f3bitos por Covid-19 em territ\u00f3rio alagoano, mas tr\u00eas deles eram de pessoas residentes em Pernambuco, S\u00e3o Paulo e Santa Catarina, tendo como v\u00edtimas dois homens e uma mulher. Dos 135 residentes em Alagoas, 87 eram do sexo masculino e 48 do sexo feminino. Oitenta e cinco v\u00edtimas residiam em Macei\u00f3 e as outras 50 emMarechal Deodoro (6), Arapiraca (5), Paripueira (3), Uni\u00e3o dos Palmares (3), Murici (2), Rio Largo (2), Palmeira dos \u00cdndios (2), Maragogi (2), S\u00e3o Miguel dos Milagres (1), Vi\u00e7osa (1), Anadia (1), Limoeiro de Anadia (1), Ibateguara (1), Maribondo (1), Matriz do Camaragibe (1), Lagoa da Canoa (1), Delmiro Gouveia (1), Messias (1), Coruripe (1), S\u00e3o Miguel dos Campos (1), Pilar (1), Paulo Jacinto (1), Campo Alegre (1), Joaquim Gomes (1), Batalha (1), Pia\u00e7abu\u00e7u (1), Cacimbinhas (1), Flexeiras (1), Japaratinga (1), Penedo (1), Santana do Ipanema (1), Novo Lino (1) e Satuba (1), segundo o Centro de Informa\u00e7\u00f5es Estrat\u00e9gicas de Vigil\u00e2ncia em Sa\u00fade (Cievs).<\/p>\n\n\n\n<p><strong>Leitos de Covid-19 do Estado<\/strong>&nbsp;\u2013 Dos 505 leitos criados pela Secretaria de Estado da Sa\u00fade (Sesau) para atender, exclusivamente, pacientes com suspeita e confirma\u00e7\u00e3o de infec\u00e7\u00e3o pelo novo coronav\u00edrus, 315 estavam ocupados at\u00e9 as 17h desta segunda-feira (11\/05), o que corresponde a 62% do total \u2013 114 pacientes est\u00e3o em leitos de UTI, 17 em leitos intermedi\u00e1rios e 184 em enfermaria. Para acompanhar a evolu\u00e7\u00e3o da ocupa\u00e7\u00e3o dos leitos exclusivos para Covid-19,&nbsp;<a href=\"http:\/\/www.saude.al.gov.br\/leitos-para-enfrentamento-da-covid-19\/\" target=\"_blank\" rel=\"noreferrer noopener\"><strong>clique aqui<\/strong><\/a>.<\/p>\n\n\n\n<p><strong>Rela\u00e7\u00e3o das mortes por Covid-19:<\/strong><\/p>\n\n\n\n<p>1\u00aa \u2013 31\/03 \u2013 Homem, 64 anos \u2013 Macei\u00f3 (AL)<\/p>\n\n\n\n<p>2\u00aa \u2013 03\/04 \u2013 Homem, 78 anos \u2013 Macei\u00f3 (AL)<\/p>\n\n\n\n<p>3\u00aa \u2013 08\/04 \u2013 Mulher, 77 anos \u2013 S\u00e3o Paulo (SP)<\/p>\n\n\n\n<p>4\u00aa \u2013 12\/04 \u2013 Homem, 79 anos \u2013 Marechal Deodoro (AL)<\/p>\n\n\n\n<p>5\u00aa \u2013 14\/04 \u2013 Homem, 48 anos \u2013 Macei\u00f3 (AL)<\/p>\n\n\n\n<p>6\u00aa \u2013 17\/04 \u2013 Homem, 46 anos \u2013 Macei\u00f3 (AL)<\/p>\n\n\n\n<p>7\u00aa \u2013 17\/04 \u2013 Homem, 40 anos \u2013 Macei\u00f3 (AL)<\/p>\n\n\n\n<p>8\u00aa \u2013 18\/04 \u2013 Homem, 73 anos \u2013 Recife (PE)<\/p>\n\n\n\n<p>9\u00aa \u2013 18\/04 \u2013 Mulher, 56 anos \u2013 S\u00e3o Miguel dos Milagres (AL)<\/p>\n\n\n\n<p>10\u00aa \u2013 18\/04 \u2013 Mulher, 72 anos \u2013 Macei\u00f3 (AL)<\/p>\n\n\n\n<p>11\u00aa \u2013 19\/04 \u2013 Mulher, 58 anos \u2013 Macei\u00f3 (AL)<\/p>\n\n\n\n<p>12\u00aa \u201319\/04 \u2013 Mulher, 74 anos \u2013 Macei\u00f3 (AL)<\/p>\n\n\n\n<p>13\u00aa \u2013 19\/04 \u2013 Homem, 83 anos \u2013 Macei\u00f3 (AL)<\/p>\n\n\n\n<p>14\u00aa \u2013 19\/04 \u2013 Homem, 85 anos \u2013 Vi\u00e7osa (AL)<\/p>\n\n\n\n<p>15\u00aa \u2013 19\/04 \u2013 Mulher, 63 anos \u2013 Ibateguara (AL)<\/p>\n\n\n\n<p>16\u00aa \u2013 20\/04 \u2013 Mulher, 60 anos \u2013 Macei\u00f3 (AL)<\/p>\n\n\n\n<p>17\u00aa \u2013 20\/04 \u2013 Homem, 67 anos \u2013 Macei\u00f3 (AL)<\/p>\n\n\n\n<p>18\u00aa \u2013 20\/04 \u2013 Homem, 34 anos \u2013 Macei\u00f3 (AL)<\/p>\n\n\n\n<p>19\u00aa \u2013 21\/04 \u2013 Homem, 24 anos \u2013 Macei\u00f3 (AL)<\/p>\n\n\n\n<p>20\u00aa \u2013 22\/04 \u2013 Homem, 89 anos \u2013 Macei\u00f3 (AL)<\/p>\n\n\n\n<p>21\u00aa \u2013 23\/04 \u2013 Homem, 80 anos \u2013 Paripueira (AL)<\/p>\n\n\n\n<p>22\u00aa \u2013 23\/04 \u2013 Homem, 76 anos \u2013 Anadia (AL)<\/p>\n\n\n\n<p>23\u00aa \u2013 24\/04 \u2013 Homem, 45 anos \u2013 Macei\u00f3 (AL)<\/p>\n\n\n\n<p>24\u00aa \u2013 24\/04 \u2013 Mulher, 64 anos \u2013 Macei\u00f3 (AL)<\/p>\n\n\n\n<p>25\u00aa \u2013 24\/04 \u2013 Homem, 54 anos \u2013 Limoeiro de Anadia (AL)<\/p>\n\n\n\n<p>26\u00aa \u2013 24\/04 \u2013 Homem, 47 anos \u2013 Macei\u00f3 (AL)<\/p>\n\n\n\n<p>27\u00aa \u2013 24\/04 \u2013 Mulher, 68 anos \u2013 Macei\u00f3 (AL)<\/p>\n\n\n\n<p>28\u00aa \u2013 25\/04 \u2013 Homem, 87 anos \u2013 Maribondo (AL)<\/p>\n\n\n\n<p>29\u00aa \u2013 25\/04 \u2013 Mulher, 60 anos \u2013 Marechal Deodoro (AL)<\/p>\n\n\n\n<p>30\u00aa \u2013 26\/04 \u2013 Homem, 58 anos \u2013 Macei\u00f3 (AL)<\/p>\n\n\n\n<p>31\u00aa \u2013 26\/04 \u2013 Homem, 63 anos \u2013 Macei\u00f3 (AL)<\/p>\n\n\n\n<p>32\u00aa \u2013 26\/04 \u2013 Mulher, 68 anos \u2013 Matriz do Camaragibe (AL)<\/p>\n\n\n\n<p>33\u00aa \u2013 27\/04 \u2013 Homem, 58 anos \u2013 Macei\u00f3 (AL)<\/p>\n\n\n\n<p>34\u00aa \u2013 27\/04 \u2013 Homem, 44 anos \u2013 Macei\u00f3 (AL)<\/p>\n\n\n\n<p>35\u00aa \u2013 28\/04 \u2013 Homem, 87 anos \u2013 Macei\u00f3 (AL)<\/p>\n\n\n\n<p>36\u00aa \u2013 28\/04 \u2013 Homem, 74 anos \u2013 Macei\u00f3 (AL)<\/p>\n\n\n\n<p>37\u00aa \u2013 29\/04 \u2013 Homem, 42 anos \u2013 Macei\u00f3 (AL)<\/p>\n\n\n\n<p>38\u00aa \u2013 29\/04 \u2013 Homem, 83 anos \u2013 Macei\u00f3 (AL)<\/p>\n\n\n\n<p>39\u00aa \u2013 29\/04 \u2013 Homem, 41 anos \u2013 Maragogi (AL)<\/p>\n\n\n\n<p>40\u00aa \u2013 29\/04 \u2013 Mulher, 84 anos \u2013 Murici (AL)<\/p>\n\n\n\n<p>41\u00aa \u2013 29\/04 \u2013 Homem, 51 anos \u2013 Lagoa da Canoa (AL)<\/p>\n\n\n\n<p>42\u00aa \u2013 30\/04 \u2013 Homem, 25 anos \u2013 Macei\u00f3 (AL)<\/p>\n\n\n\n<p>43\u00aa \u2013 30\/04 \u2013 Homem, 38 anos \u2013 Macei\u00f3 (AL)<\/p>\n\n\n\n<p>44\u00aa \u2013 30\/04 \u2013 Homem, 64 anos \u2013 Macei\u00f3 (AL)<\/p>\n\n\n\n<p>45\u00aa \u2013 30\/04 \u2013 Mulher, 45 anos \u2013 Macei\u00f3 (AL)<\/p>\n\n\n\n<p>46\u00aa \u2013 30\/04 \u2013 Homem, 59 anos \u2013 Macei\u00f3 (AL)<\/p>\n\n\n\n<p>47\u00aa \u2013 30\/04 \u2013 Homem, 41 anos \u2013 Macei\u00f3 (AL)<\/p>\n\n\n\n<p>48\u00aa \u2013 01\/05 \u2013 Mulher, 86 anos \u2013 Macei\u00f3 (AL)<\/p>\n\n\n\n<p>49\u00aa \u2013 01\/05 \u2013 Homem, 70 anos \u2013 Macei\u00f3 (AL)<\/p>\n\n\n\n<p>50\u00aa \u2013 01\/05 \u2013 Homem, 70 anos \u2013 Macei\u00f3 (AL)<\/p>\n\n\n\n<p>51\u00aa \u2013 01\/05 \u2013 Homem, 67 anos \u2013 Macei\u00f3 (AL)<\/p>\n\n\n\n<p>52\u00aa \u2013 01\/05 \u2013 Mulher, 52 anos \u2013 Macei\u00f3 (AL)<\/p>\n\n\n\n<p>53\u00aa \u2013 01\/05 \u2013 Homem, 85 anos \u2013 Macei\u00f3 (AL)<\/p>\n\n\n\n<p>54\u00aa \u2013 02\/05 \u2013 Mulher, 91 anos \u2013 Uni\u00e3o dos Palmares (AL)<\/p>\n\n\n\n<p>55\u00aa \u2013 02\/05 \u2013 Homem, 72 anos \u2013 Delmiro Gouveia (AL)<\/p>\n\n\n\n<p>56\u00aa \u2013 02\/05 \u2013 Homem, 46 anos \u2013 Macei\u00f3 (AL)<\/p>\n\n\n\n<p>57\u00aa \u2013 02\/05 \u2013 Homem, 69 anos \u2013 Macei\u00f3 (AL)<\/p>\n\n\n\n<p>58\u00aa \u2013 02\/05 \u2013 Homem, 63 anos \u2013 Macei\u00f3 (AL)<\/p>\n\n\n\n<p>59\u00aa \u2013 03\/05 \u2013 Homem, 84 anos \u2013 Campo Alegre (AL)<\/p>\n\n\n\n<p>60\u00aa \u2013 03\/05 \u2013 Mulher, 78 anos \u2013 Paripueira (AL)<\/p>\n\n\n\n<p>61\u00aa \u2013 03\/05 \u2013 Homem, 34 anos \u2013 Macei\u00f3 (AL)<\/p>\n\n\n\n<p>62\u00aa \u2013 03\/05 \u2013 Mulher, 61 anos \u2013 Macei\u00f3 (AL)<\/p>\n\n\n\n<p>63\u00aa \u2013 03\/05 \u2013 Mulher, 51 anos \u2013 Arapiraca (AL)<\/p>\n\n\n\n<p>64\u00aa \u2013 03\/05 \u2013 Homem, 84 anos \u2013 Paulo Jacinto (AL)<\/p>\n\n\n\n<p>65\u00aa \u2013 04\/05 \u2013 Homem, 51 anos \u2013 Macei\u00f3 (AL)<\/p>\n\n\n\n<p>66\u00aa \u2013 04\/05 \u2013 Homem, 43 anos \u2013 Macei\u00f3 (AL)<\/p>\n\n\n\n<p>67\u00aa \u2013 04\/05 \u2013 Homem, 78 anos \u2013 Arapiraca (AL)<\/p>\n\n\n\n<p>68\u00aa \u2013 04\/05 \u2013 Homem, 71 anos \u2013 Rio Largo (AL)<\/p>\n\n\n\n<p>69\u00aa \u2013 04\/05 \u2013 Homem, 58 anos, S\u00e3o Miguel dos Campos<\/p>\n\n\n\n<p>70\u00aa \u2013 04\/05 \u2013 Homem, 60 anos \u2013 Pilar (AL)<\/p>\n\n\n\n<p>71\u00aa \u2013 04\/05 \u2013 Homem, 76 anos \u2013 Messias (AL)<\/p>\n\n\n\n<p>72\u00aa \u2013 04\/05 \u2013 Mulher, 71 anos \u2013 Macei\u00f3 (AL)<\/p>\n\n\n\n<p>73\u00aa \u2013 05\/05 \u2013 Homem, 79 anos \u2013 Macei\u00f3 (AL)<\/p>\n\n\n\n<p>74\u00aa \u2013 05\/05 \u2013 Homem, 63 anos \u2013 Macei\u00f3 (AL)<\/p>\n\n\n\n<p>75\u00aa \u2013 05\/05 \u2013 Homem, 85 anos \u2013 Macei\u00f3 (AL)<\/p>\n\n\n\n<p>76\u00aa \u2013 05\/05 \u2013 Mulher, 25 anos \u2013 Macei\u00f3 (AL)<\/p>\n\n\n\n<p>77\u00aa \u2013 05\/05 \u2013 Homem, 73 anos \u2013 Joaquim Gomes (AL)<\/p>\n\n\n\n<p>78\u00aa \u2013 05\/05 \u2013 Homem, 59 anos \u2013 Murici (AL)<\/p>\n\n\n\n<p>79\u00aa \u2013 05\/05 \u2013 Mulher, 39 anos \u2013 Palmeira dos \u00cdndios (AL)<\/p>\n\n\n\n<p>80\u00aa \u2013 05\/05 \u2013 Homem, 40 anos \u2013 Marechal Deodoro (AL)<\/p>\n\n\n\n<p>81\u00aa \u2013 06\/05 \u2013 Mulher, 83 anos \u2013 Macei\u00f3 (AL)<\/p>\n\n\n\n<p>82\u00aa \u2013 06\/05 \u2013 Mulher, 70 anos \u2013 Macei\u00f3 (AL)<\/p>\n\n\n\n<p>83\u00aa \u2013 06\/05 \u2013 Mulher, 67 anos \u2013 Macei\u00f3 (AL)<\/p>\n\n\n\n<p>84\u00aa \u2013 06\/05 \u2013 Mulher, 75 anos \u2013 Macei\u00f3 (AL)<\/p>\n\n\n\n<p>85\u00aa \u2013 06\/05 \u2013 Mulher, 76 anos \u2013 Macei\u00f3 (AL)<\/p>\n\n\n\n<p>86\u00aa- 06\/05 \u2013 Homem, 83 anos \u2013 Macei\u00f3 (AL)<\/p>\n\n\n\n<p>87\u00aa- 06\/05 \u2013 Mulher, 41 anos \u2013 Arapiraca (AL)<\/p>\n\n\n\n<p>88\u00aa- 06\/05 \u2013 Mulher, 58 anos \u2013 Batalha (AL)<\/p>\n\n\n\n<p>89\u00aa- 06\/05 \u2013 Homem, 65 anos \u2013 Rio Largo (AL)<\/p>\n\n\n\n<p>90\u00aa- 07\/05 \u2013 Mulher, 96 anos \u2013 Macei\u00f3 (AL)<\/p>\n\n\n\n<p>91\u00aa- 07\/05 \u2013 Mulher, 61 anos \u2013 Macei\u00f3 (AL)<\/p>\n\n\n\n<p>92\u00aa- 07\/05 \u2013 Mulher, 28 anos \u2013 Macei\u00f3 (AL)<\/p>\n\n\n\n<p>93\u00aa- 07\/05 \u2013 Homem, 97 anos \u2013 Macei\u00f3 (AL)<\/p>\n\n\n\n<p>94\u00aa- 07\/05 \u2013 Homem, 60 anos \u2013 Macei\u00f3 (AL)<\/p>\n\n\n\n<p>95\u00aa- 07\/05 \u2013 Mulher, 89 anos \u2013 Arapiraca (AL)<\/p>\n\n\n\n<p>96\u00aa- 07\/05 \u2013 Homem, 34 anos \u2013 Arapiraca (AL)<\/p>\n\n\n\n<p>97\u00aa- 07\/05 \u2013 Mulher, 72 anos \u2013 Palmeira dos \u00cdndios (AL)<\/p>\n\n\n\n<p>98\u00aa- 07\/05 \u2013 Mulher, 96 anos \u2013 Pia\u00e7abu\u00e7u (AL)<\/p>\n\n\n\n<p>99\u00aa \u2013 08\/05 \u2013 Homem, 64 anos \u2013 Macei\u00f3 (AL)<\/p>\n\n\n\n<p>100\u00aa \u2013 08\/05 \u2013 Homem, 78 anos \u2013 Macei\u00f3 (AL)<\/p>\n\n\n\n<p>101\u00aa \u2013 08\/05 -Homem, 91 anos \u2013 Macei\u00f3 (AL)<\/p>\n\n\n\n<p>102\u00aa \u2013 08\/05 -Homem, 74 anos \u2013 Macei\u00f3 (AL)<\/p>\n\n\n\n<p>103\u00aa \u2013 08\/05 \u2013 Homem, 74 anos \u2013 Macei\u00f3 (AL)<\/p>\n\n\n\n<p>104\u00aa \u2013 08\/05 \u2013 Homem, 61 anos \u2013 Macei\u00f3 (AL)<\/p>\n\n\n\n<p>105\u00aa \u2013 08\/05 \u2013 Homem, rec\u00e9m-nascido h\u00e1 02 dias \u2013 Macei\u00f3 (AL)<\/p>\n\n\n\n<p>106\u00aa \u2013 08\/05 \u2013 Mulher, 79 anos \u2013 Macei\u00f3 (AL)<\/p>\n\n\n\n<p>107\u00aa \u2013 08\/05 \u2013 Mulher, 23 anos \u2013 Macei\u00f3 (AL)<\/p>\n\n\n\n<p>108\u00aa \u2013 08\/05 \u2013 Mulher, 61 anos \u2013 Macei\u00f3 (AL)<\/p>\n\n\n\n<p>109\u00aa \u2013 09\/05 \u2013 Homem, 15 anos \u2013 Macei\u00f3 (AL)<\/p>\n\n\n\n<p>110\u00aa \u2013 09\/05 \u2013 Homem, 68 anos \u2013 Macei\u00f3 (AL)<\/p>\n\n\n\n<p>111\u00aa \u2013 09\/05 \u2013 Homem, 72 anos \u2013 Marechal Deodoro (AL)<\/p>\n\n\n\n<p>112\u00aa \u2013 09\/05 \u2013 Mulher, 27 anos \u2013 Uni\u00e3o dos Palmares (AL)<\/p>\n\n\n\n<p>113 \u2013 09\/05 \u2013 Mulher, 33 anos \u2013 Cacimbinhas (AL)<\/p>\n\n\n\n<p>114\u00aa \u2013 09\/05 \u2013 Mulher, 49 anos \u2013 Coruripe (AL)<\/p>\n\n\n\n<p>115\u00aa- 10\/05 \u2013 Mulher, 64 anos \u2013 Macei\u00f3 (AL)<\/p>\n\n\n\n<p>116\u00aa- 10\/05 \u2013 Mulher, 85 anos \u2013 Macei\u00f3 (AL)<\/p>\n\n\n\n<p>117\u00aa- 10\/05 \u2013 Mulher, 75 anos \u2013 Macei\u00f3 (AL)<\/p>\n\n\n\n<p>118\u00aa- 10\/05 \u2013 Homem, 51 anos \u2013 Macei\u00f3 (AL)<\/p>\n\n\n\n<p>119\u00aa- 10\/05 \u2013 Homem, 72 anos \u2013 Macei\u00f3 (AL)<\/p>\n\n\n\n<p>120\u00aa- 10\/05 \u2013 Mulher, 88 anos \u2013 Marechal Deodoro (AL)<\/p>\n\n\n\n<p>121\u00aa- 10\/05 \u2013 Mulher, 62 anos \u2013 Uni\u00e3o dos Palmares (AL)<\/p>\n\n\n\n<p>122\u00aa \u2013 10\/05 \u2013 Homem, 16 anos \u2013 Paripueira (AL)<\/p>\n\n\n\n<p>123\u00aa -10\/05 \u2013 Homem, 27 anos \u2013 Flexeiras (AL)<\/p>\n\n\n\n<p>124\u00aa- 10\/05 \u2013 Mulher, 102 anos \u2013 Japaratinga (AL)<\/p>\n\n\n\n<p>125\u00aa- 10\/05 \u2013 Homem, 88 anos, Penedo (AL)<\/p>\n\n\n\n<p>126\u00aa 10\/05 \u2013 Homem, 47 anos, Santa Catarina (SC)<\/p>\n\n\n\n<p>127\u00aa- 11\/05 \u2013 Homem, 64 anos &#8211; Macei\u00f3 (AL)<\/p>\n\n\n\n<p>128\u00aa- 11\/05 \u2013 Homem, 94 anos \u2013 Macei\u00f3 (AL)<\/p>\n\n\n\n<p>129\u00aa- 11\/05 \u2013 Homem, 56 anos \u2013 Macei\u00f3 (AL)<\/p>\n\n\n\n<p>130\u00aa- 11\/05 \u2013 Homem, 87 anos \u2013 Macei\u00f3 (AL)<\/p>\n\n\n\n<p>131\u00aa- 11\/05 \u2013 Homem, 42 anos \u2013 Macei\u00f3 (AL)<\/p>\n\n\n\n<p>132\u00aa- 11\/05 \u2013 Mulher, 81 anos \u2013 Macei\u00f3 (AL)<\/p>\n\n\n\n<p>133\u00aa- 11\/05 \u2013 Mulher, 63 anos \u2013 Macei\u00f3 (AL)<\/p>\n\n\n\n<p>134\u00aa-11\/05 \u2013 Homem, 87 anos \u2013 Santana do Ipanema (AL)<\/p>\n\n\n\n<p>135\u00aa- 11\/05 \u2013 Homem, 33 anos \u2013 Novo Lino (AL)<\/p>\n\n\n\n<p>136\u00aa-11\/05- Homem, 48 anos \u2013 Maragogi (AL)<\/p>\n\n\n\n<p>137\u00aa- 11\/05- Homem, 39 anos \u2013 Marechal Deodoro (AL)<\/p>\n\n\n\n<p>138\u00aa- 11\/05- Mulher, 66 anos \u2013 Satuba (AL)<\/p>\n\n\n\n<p>*As datas acima se referem \u00e0 inclus\u00e3o dos \u00f3bitos confirmados no Boletim Epidemiol\u00f3gico do Cievs.<\/p>\n","protected":false},"excerpt":{"rendered":"<p>O Boletim Epidemiol\u00f3gico desta segunda-feira (11\/05) confirma mais 85 casos de Covid-19 em Alagoas. Dessa forma, o<\/p>\n","protected":false},"author":1,"featured_media":10779,"comment_status":"open","ping_status":"open","sticky":false,"template":"","format":"standard","meta":{"footnotes":""},"categories":[4],"tags":[],"class_list":["post-11298","post","type-post","status-publish","format-standard","has-post-thumbnail","hentry","category-noticias"],"_links":{"self":[{"href":"https:\/\/4cantosalagoas.com.br\/portal\/wp-json\/wp\/v2\/posts\/11298","targetHints":{"allow":["GET"]}}],"collection":[{"href":"https:\/\/4cantosalagoas.com.br\/portal\/wp-json\/wp\/v2\/posts"}],"about":[{"href":"https:\/\/4cantosalagoas.com.br\/portal\/wp-json\/wp\/v2\/types\/post"}],"author":[{"embeddable":true,"href":"https:\/\/4cantosalagoas.com.br\/portal\/wp-json\/wp\/v2\/users\/1"}],"replies":[{"embeddable":true,"href":"https:\/\/4cantosalagoas.com.br\/portal\/wp-json\/wp\/v2\/comments?post=11298"}],"version-history":[{"count":1,"href":"https:\/\/4cantosalagoas.com.br\/portal\/wp-json\/wp\/v2\/posts\/11298\/revisions"}],"predecessor-version":[{"id":11299,"href":"https:\/\/4cantosalagoas.com.br\/portal\/wp-json\/wp\/v2\/posts\/11298\/revisions\/11299"}],"wp:featuredmedia":[{"embeddable":true,"href":"https:\/\/4cantosalagoas.com.br\/portal\/wp-json\/wp\/v2\/media\/10779"}],"wp:attachment":[{"href":"https:\/\/4cantosalagoas.com.br\/portal\/wp-json\/wp\/v2\/media?parent=11298"}],"wp:term":[{"taxonomy":"category","embeddable":true,"href":"https:\/\/4cantosalagoas.com.br\/portal\/wp-json\/wp\/v2\/categories?post=11298"},{"taxonomy":"post_tag","embeddable":true,"href":"https:\/\/4cantosalagoas.com.br\/portal\/wp-json\/wp\/v2\/tags?post=11298"}],"curies":[{"name":"wp","href":"https:\/\/api.w.org\/{rel}","templated":true}]}}