{"id":11259,"date":"2020-05-07T06:38:38","date_gmt":"2020-05-07T09:38:38","guid":{"rendered":"http:\/\/4cantosalagoas.com.br\/portal\/?p=11259"},"modified":"2020-05-07T06:38:44","modified_gmt":"2020-05-07T09:38:44","slug":"forum-de-teatro-de-maceio-realiza-mapeamento-sociocultural-dos-artistas-trabalhadores-de-artes-cenicas-do-estado","status":"publish","type":"post","link":"https:\/\/4cantosalagoas.com.br\/portal\/forum-de-teatro-de-maceio-realiza-mapeamento-sociocultural-dos-artistas-trabalhadores-de-artes-cenicas-do-estado\/","title":{"rendered":"F\u00f3rum de Teatro de Macei\u00f3 realiza mapeamento sociocultural dos artistas trabalhadores de artes c\u00eanicas do estado"},"content":{"rendered":"\n<figure class=\"wp-block-image\"><img fetchpriority=\"high\" decoding=\"async\" width=\"1151\" height=\"783\" src=\"https:\/\/i1.wp.com\/4cantosalagoas.com.br\/portal\/wp-content\/uploads\/2020\/05\/add.jpg?fit=1024%2C697\" alt=\"\" class=\"wp-image-11260\" srcset=\"https:\/\/4cantosalagoas.com.br\/portal\/wp-content\/uploads\/2020\/05\/add.jpg 1151w, https:\/\/4cantosalagoas.com.br\/portal\/wp-content\/uploads\/2020\/05\/add-300x204.jpg 300w, https:\/\/4cantosalagoas.com.br\/portal\/wp-content\/uploads\/2020\/05\/add-768x522.jpg 768w, https:\/\/4cantosalagoas.com.br\/portal\/wp-content\/uploads\/2020\/05\/add-1024x697.jpg 1024w\" sizes=\"(max-width: 1151px) 100vw, 1151px\" \/><figcaption>Divulga\u00e7\u00e3o<\/figcaption><\/figure>\n\n\n\n<p>O F\u00f3rum de Teatro de Macei\u00f3 (FTM) est\u00e1 realizando um mapeamento sociocultural dos artistas e t\u00e9cnicos informais das artes c\u00eanicas do estado de Alagoas, que tem ajudado na mobiliza\u00e7\u00e3o,&nbsp;&nbsp;para melhorar as propostas de aux\u00edlio a categoria que foi enviada por carta no dia 31 de mar\u00e7o aos \u00f3rg\u00e3os p\u00fablicos.Na carta s\u00e3o apresentadas as demandas sociais, econ\u00f4micas e jur\u00eddicas, diante dos impactos causados pelo covid-19, do segmento teatral que teve suas atividades paralisadas. O intuito \u00e9 chamar aten\u00e7\u00e3o do Poder P\u00fablico com rela\u00e7\u00e3o \u00e0s quest\u00f5es pr\u00f3prias dos trabalhadores da arte e cultura com uma aproxima\u00e7\u00e3o e di\u00e1logo constante.<\/p>\n\n\n\n<p>Para ampliar o mapeamento dos impactos causados, foi lan\u00e7ado um formul\u00e1rio de pesquisa sociocultural para as pessoas que desenvolvem projetos, trabalhos e outras atividades dentro das artes c\u00eanicas. O resultado vai ajudar na constru\u00e7\u00e3o e&nbsp;&nbsp;melhoria das propostas que atendam as reais necessidades dos nossos artistas e t\u00e9cnicos informais. A a\u00e7\u00e3o conta com o importante aux\u00edlio das comunidades no mapeamento dos artistas.<\/p>\n\n\n\n<p>Assim como a Articula\u00e7\u00e3o de Trabalhadores das Artes da Cena pela Democracia e Liberdade (ATAC) e a Movimenta\u00e7\u00e3o Organizada de Trabalhadores de Teatro do Nordeste (PAVIO), somos fruto do processo de rearticula\u00e7\u00e3o dos trabalhadores do Teatro, inicialmente unificados contra a criminaliza\u00e7\u00e3o dos artistas e da arte e o desmantelo das Pol\u00edticas P\u00fablicas de Cultura protagonizados pelo Desgoverno Bolsonaro. Agora concentramos todos os nossos esfor\u00e7os na luta por medidas governamentais que garantam a sobreviv\u00eancia de artistas e t\u00e9cnicos em tempos de pandemia.<\/p>\n\n\n\n<p>O F\u00f3rum de Teatro de Macei\u00f3 em sua presente configura\u00e7\u00e3o \u00e9 fruto de um processo de articula\u00e7\u00e3o de in\u00fameros trabalhadores do Teatro nesta \u00faltima d\u00e9cada, tendo como marco inicial o \u201cAbra\u00e7o ao Teatro Deodoro\u201d, ato que conquistou a reabertura do Teatro oficial do Estado. O F\u00f3rum \u00e9 formado por atores e atrizes sociais presentes nos principais acontecimentos pol\u00edticos locais e nacionais de luta por Pol\u00edticas Culturais Democr\u00e1ticas e Participativas nos \u00faltimos anos e por novas gera\u00e7\u00f5es que se incorporam e revigoram nossas lutas!<\/p>\n\n\n\n<p>Preencha e compartilhe para o m\u00e1ximo de contatos poss\u00edveis. Vamos ajudar os nossos artistas. O nosso povo!<\/p>\n\n\n\n<figure class=\"wp-block-image\"><img decoding=\"async\" src=\"https:\/\/mail.google.com\/mail\/e\/1f4cc\" alt=\"&#x1f4cc;\"\/><\/figure>\n\n\n\n<p>*&nbsp;Formul\u00e1rio de Mapeamento&nbsp;<a href=\"https:\/\/bit.ly\/2XWXSyy\" target=\"_blank\" rel=\"noreferrer noopener\">https:\/\/bit.ly\/2XWXSyy<\/a><\/p>\n\n\n\n<figure class=\"wp-block-image\"><img decoding=\"async\" src=\"https:\/\/mail.google.com\/mail\/e\/1f4cc\" alt=\"&#x1f4cc;\"\/><\/figure>\n\n\n\n<p>Carta Aberta\u00a0<a rel=\"noreferrer noopener\" href=\"https:\/\/bit.ly\/2xS829b\" target=\"_blank\">https:\/\/bit.ly\/2xS829b<\/a><\/p>\n\n\n\n<p>Asseessoria<\/p>\n","protected":false},"excerpt":{"rendered":"<p>O F\u00f3rum de Teatro de Macei\u00f3 (FTM) est\u00e1 realizando um mapeamento sociocultural dos artistas e t\u00e9cnicos informais<\/p>\n","protected":false},"author":1,"featured_media":11260,"comment_status":"open","ping_status":"open","sticky":false,"template":"","format":"standard","meta":{"footnotes":""},"categories":[5],"tags":[],"class_list":["post-11259","post","type-post","status-publish","format-standard","has-post-thumbnail","hentry","category-maceio"],"_links":{"self":[{"href":"https:\/\/4cantosalagoas.com.br\/portal\/wp-json\/wp\/v2\/posts\/11259","targetHints":{"allow":["GET"]}}],"collection":[{"href":"https:\/\/4cantosalagoas.com.br\/portal\/wp-json\/wp\/v2\/posts"}],"about":[{"href":"https:\/\/4cantosalagoas.com.br\/portal\/wp-json\/wp\/v2\/types\/post"}],"author":[{"embeddable":true,"href":"https:\/\/4cantosalagoas.com.br\/portal\/wp-json\/wp\/v2\/users\/1"}],"replies":[{"embeddable":true,"href":"https:\/\/4cantosalagoas.com.br\/portal\/wp-json\/wp\/v2\/comments?post=11259"}],"version-history":[{"count":1,"href":"https:\/\/4cantosalagoas.com.br\/portal\/wp-json\/wp\/v2\/posts\/11259\/revisions"}],"predecessor-version":[{"id":11261,"href":"https:\/\/4cantosalagoas.com.br\/portal\/wp-json\/wp\/v2\/posts\/11259\/revisions\/11261"}],"wp:featuredmedia":[{"embeddable":true,"href":"https:\/\/4cantosalagoas.com.br\/portal\/wp-json\/wp\/v2\/media\/11260"}],"wp:attachment":[{"href":"https:\/\/4cantosalagoas.com.br\/portal\/wp-json\/wp\/v2\/media?parent=11259"}],"wp:term":[{"taxonomy":"category","embeddable":true,"href":"https:\/\/4cantosalagoas.com.br\/portal\/wp-json\/wp\/v2\/categories?post=11259"},{"taxonomy":"post_tag","embeddable":true,"href":"https:\/\/4cantosalagoas.com.br\/portal\/wp-json\/wp\/v2\/tags?post=11259"}],"curies":[{"name":"wp","href":"https:\/\/api.w.org\/{rel}","templated":true}]}}