{"id":11248,"date":"2020-05-06T18:20:43","date_gmt":"2020-05-06T21:20:43","guid":{"rendered":"http:\/\/4cantosalagoas.com.br\/portal\/?p=11248"},"modified":"2020-05-06T18:20:48","modified_gmt":"2020-05-06T21:20:48","slug":"rua-jose-bonifacio-no-centro-sera-interditada-a-partir-desta-quinta","status":"publish","type":"post","link":"https:\/\/4cantosalagoas.com.br\/portal\/rua-jose-bonifacio-no-centro-sera-interditada-a-partir-desta-quinta\/","title":{"rendered":"Rua Jos\u00e9 Bonif\u00e1cio, no Centro, ser\u00e1 interditada a partir desta quinta"},"content":{"rendered":"\n<figure class=\"wp-block-image\"><img fetchpriority=\"high\" decoding=\"async\" width=\"1024\" height=\"683\" src=\"https:\/\/i1.wp.com\/4cantosalagoas.com.br\/portal\/wp-content\/uploads\/2020\/05\/26032020-SMTT-Transito-Agente-PF-0001-1024x683.jpg?fit=1024%2C683\" alt=\"\" class=\"wp-image-11249\" srcset=\"https:\/\/4cantosalagoas.com.br\/portal\/wp-content\/uploads\/2020\/05\/26032020-SMTT-Transito-Agente-PF-0001-1024x683.jpg 1024w, https:\/\/4cantosalagoas.com.br\/portal\/wp-content\/uploads\/2020\/05\/26032020-SMTT-Transito-Agente-PF-0001-1024x683-300x200.jpg 300w, https:\/\/4cantosalagoas.com.br\/portal\/wp-content\/uploads\/2020\/05\/26032020-SMTT-Transito-Agente-PF-0001-1024x683-768x512.jpg 768w\" sizes=\"(max-width: 1024px) 100vw, 1024px\" \/><figcaption> <br>Agentes de tr\u00e2nsito orientam os motoristas Foto: Pei Fon\/ Secom Macei\u00f3 <\/figcaption><\/figure>\n\n\n\n<p>A Superintend\u00eancia Municipal de Transportes e Tr\u00e2nsito (SMTT) informa aos condutores de ve\u00edculos que, a partir desta quinta-feira (07), a Rua Jos\u00e9 Bonif\u00e1cio, no Centro, ser\u00e1 interditada temporariamente. Os bloqueios ser\u00e3o realizados pela ag\u00eancia da Caixa Econ\u00f4mica Federal, que utilizar\u00e1 a via para organizar as filas e diminuir a aglomera\u00e7\u00e3o de maceioenses que aguardam para receber o pagamento do aux\u00edlio emergencial.<\/p>\n\n\n\n<p>A Rua Jos\u00e9 Bonif\u00e1cio permanecer\u00e1 bloqueada at\u00e9 o dia 20 de maio.<\/p>\n\n\n\n<figure class=\"wp-block-image\"><img decoding=\"async\" src=\"http:\/\/www.maceio.al.gov.br\/wp-content\/uploads\/2020\/05\/jpeg\/2020\/05\/WhatsApp-Image-2020-05-06-at-18.01.06-1024x576.jpeg\" alt=\"\" class=\"wp-image-362929\"\/><\/figure>\n\n\n\n<p>Ascom SMTT<\/p>\n","protected":false},"excerpt":{"rendered":"<p>A Superintend\u00eancia Municipal de Transportes e Tr\u00e2nsito (SMTT) informa aos condutores de ve\u00edculos que, a partir desta<\/p>\n","protected":false},"author":1,"featured_media":11249,"comment_status":"open","ping_status":"open","sticky":false,"template":"","format":"standard","meta":{"footnotes":""},"categories":[60],"tags":[],"class_list":["post-11248","post","type-post","status-publish","format-standard","has-post-thumbnail","hentry","category-capa"],"_links":{"self":[{"href":"https:\/\/4cantosalagoas.com.br\/portal\/wp-json\/wp\/v2\/posts\/11248","targetHints":{"allow":["GET"]}}],"collection":[{"href":"https:\/\/4cantosalagoas.com.br\/portal\/wp-json\/wp\/v2\/posts"}],"about":[{"href":"https:\/\/4cantosalagoas.com.br\/portal\/wp-json\/wp\/v2\/types\/post"}],"author":[{"embeddable":true,"href":"https:\/\/4cantosalagoas.com.br\/portal\/wp-json\/wp\/v2\/users\/1"}],"replies":[{"embeddable":true,"href":"https:\/\/4cantosalagoas.com.br\/portal\/wp-json\/wp\/v2\/comments?post=11248"}],"version-history":[{"count":1,"href":"https:\/\/4cantosalagoas.com.br\/portal\/wp-json\/wp\/v2\/posts\/11248\/revisions"}],"predecessor-version":[{"id":11250,"href":"https:\/\/4cantosalagoas.com.br\/portal\/wp-json\/wp\/v2\/posts\/11248\/revisions\/11250"}],"wp:featuredmedia":[{"embeddable":true,"href":"https:\/\/4cantosalagoas.com.br\/portal\/wp-json\/wp\/v2\/media\/11249"}],"wp:attachment":[{"href":"https:\/\/4cantosalagoas.com.br\/portal\/wp-json\/wp\/v2\/media?parent=11248"}],"wp:term":[{"taxonomy":"category","embeddable":true,"href":"https:\/\/4cantosalagoas.com.br\/portal\/wp-json\/wp\/v2\/categories?post=11248"},{"taxonomy":"post_tag","embeddable":true,"href":"https:\/\/4cantosalagoas.com.br\/portal\/wp-json\/wp\/v2\/tags?post=11248"}],"curies":[{"name":"wp","href":"https:\/\/api.w.org\/{rel}","templated":true}]}}