{"id":11240,"date":"2020-05-06T05:49:14","date_gmt":"2020-05-06T08:49:14","guid":{"rendered":"http:\/\/4cantosalagoas.com.br\/portal\/?p=11240"},"modified":"2020-05-07T18:44:21","modified_gmt":"2020-05-07T21:44:21","slug":"alagoas-tem-1-605-casos-da-covid-19-e-80-obitos","status":"publish","type":"post","link":"https:\/\/4cantosalagoas.com.br\/portal\/alagoas-tem-1-605-casos-da-covid-19-e-80-obitos\/","title":{"rendered":"Alagoas tem 1.605 casos da Covid-19 e 80 \u00f3bitos"},"content":{"rendered":"\n<figure class=\"wp-block-image\"><img fetchpriority=\"high\" decoding=\"async\" width=\"496\" height=\"577\" src=\"http:\/\/4cantosalagoas.com.br\/portal\/wp-content\/uploads\/2020\/03\/corona.jpg\" alt=\"\" class=\"wp-image-10779\" srcset=\"https:\/\/4cantosalagoas.com.br\/portal\/wp-content\/uploads\/2020\/03\/corona.jpg 496w, https:\/\/4cantosalagoas.com.br\/portal\/wp-content\/uploads\/2020\/03\/corona-258x300.jpg 258w\" sizes=\"(max-width: 496px) 100vw, 496px\" \/><figcaption>Reprodu\u00e7\u00e3o<\/figcaption><\/figure>\n\n\n\n<p>O Boletim Epidemiol\u00f3gico desta ter\u00e7a-feira (05\/05) confirma mais 67 casos de Covid-19 em Alagoas. Dessa forma, o estado tem um total de 1.605 casos confirmados do novo coronav\u00edrus at\u00e9 o momento, dos quais 1.028 est\u00e3o em isolamento domiciliar e 121 internados em leitos p\u00fablicos e privados. Outros 376 pacientes j\u00e1 finalizaram o per\u00edodo de isolamento, n\u00e3o apresentam mais sintomas e, portanto, est\u00e3o recuperados da doen\u00e7a. H\u00e1 1.038 casos em investiga\u00e7\u00e3o laboratorial. Foram registradas mais 08 mortes em territ\u00f3rio alagoano. Com isso, Alagoas tem 80 \u00f3bitos por Covid-19.<\/p>\n\n\n\n<p><br>Dos oito \u00f3bitos registrados em Alagoas, seis v\u00edtimas s\u00e3o do sexo masculino e duas do sexo feminino. Quatro&nbsp;v\u00edtimas residiam&nbsp;em Macei\u00f3 e as demais residiam em Joaquim Gomes, Palmeira dos \u00cdndios, Marechal Deodoro e Murici.<\/p>\n\n\n\n<p><br>Entre as&nbsp;quatro&nbsp;v\u00edtimas que&nbsp;moravam&nbsp;em Macei\u00f3, duas faleceram na Santa Casa de&nbsp;Miseric\u00f3rdia, com idades de 79 e 63&nbsp;anos,&nbsp;e eram&nbsp;do sexo masculino \u2013&nbsp;apenas o&nbsp;de 79 anos&nbsp;tinha uma comorbidade:&nbsp;doen\u00e7a pulmonar obstrutiva cr\u00f4nica (DPOC).&nbsp;Outra v\u00edtima&nbsp;tinha 85 anos, era homem, e teve o \u00f3bito registrado na UPA do Benedito Bentes.&nbsp;A quarta&nbsp;era&nbsp;do sexo feminino, tinha 25 anos, era pu\u00e9rpera&nbsp;e&nbsp;tinha asma como comorbidade \u2013&nbsp;ela&nbsp;faleceu no Hospital da Mulher.<\/p>\n\n\n\n<p><br>As v\u00edtimas que residiam em Joaquim Gomes, Palmeira dos \u00cdndios, Marechal Deodoro e Murici tinham 73, 39, 40 e 59&nbsp;anos, respectivamente. Dois deles \u2013&nbsp;os de&nbsp;73 e 59 anos \u2013 eram homens, com \u00f3bitos registrados no Hospital Veredas&nbsp;(Macei\u00f3), e tinham comorbidades como hipertens\u00e3o e diabetes, respectivamente. As v\u00edtimas de 39 e 40 anos \u2013 mulher e homem \u2013 faleceram no Hospital Afra Barbosa&nbsp;(Arapiraca)&nbsp;e&nbsp;no&nbsp;Hospital Universit\u00e1rio&nbsp;(Macei\u00f3), respectivamente. As comorbidades eram diabetes e hipertens\u00e3o.<\/p>\n\n\n\n<p>Al\u00e9m dessas&nbsp;mortes, um alagoano que residia em Campestre morreu&nbsp;no munic\u00edpio de Palmares, Pernambuco, no Hospital Regional Dr. Silvio Magalh\u00e3es.&nbsp;N\u00e3o&nbsp;havia&nbsp;informa\u00e7\u00f5es sobre comorbidades.<\/p>\n\n\n\n<p><br>Os casos confirmados est\u00e3o distribu\u00eddos&nbsp;em 50 cidades:&nbsp;Macei\u00f3 (1.296), Marechal Deodoro (38), Rio Largo (38), Murici (29), Arapiraca (26), Satuba (22), Palmeira dos \u00cdndios (21), Uni\u00e3o dos Palmares (13), Pilar (9), Maragogi (9), S\u00e3o Miguel dos Campos (8), Junqueiro (6), S\u00e3o Sebasti\u00e3o (6), Barra de S\u00e3o Miguel (5), Santa Luzia do Norte (5), Boca da Mata (5), Pia\u00e7abu\u00e7u (4), Joaquim Gomes (3), Campo Alegre (3), Paripueira (3), Porto Calvo (2), S\u00e3o Miguel dos Milagres (2), Maribondo (2), Coruripe (3), Taquarana (3), Batalha (3), Penedo (3), Capela (2), Santana do Ipanema (2), Matriz do Camaragibe (2), Paulo Jacinto (2), Lagoa da Canoa (1), Atalaia (1), Branquinha (1), Olho d\u2019\u00c1gua das Flores (1), Porto Real do Col\u00e9gio (1), Delmiro Gouveia (1), Jequi\u00e1 da Praia (1), Jaramataia (1), Vi\u00e7osa (1), Ibateguara (1), Barra de Santo Ant\u00f4nio (1), Anadia (1), Limoeiro de Anadia (1), Palestina (1), Novo Lino (1), Coqueiro Seco (1), Teotonio Vilela (1), Col\u00f4nia Leopoldina (1)&nbsp;e&nbsp;Messias (1). As outras 11 pessoas que testaram positivo para a Covid-19 em Alagoas residem em Pernambuco, Distrito Federal, Rio de Janeiro e S\u00e3o Paulo.<\/p>\n\n\n\n<p><br><strong>Leitos de Covid-19 do Estado \u2013&nbsp;<\/strong>Dos 452 leitos criados pela Secretaria de Estado da Sa\u00fade (Sesau) para atender, exclusivamente, pacientes com suspeita e confirma\u00e7\u00e3o de infec\u00e7\u00e3o pelo novo coronav\u00edrus, 250 estavam ocupados at\u00e9 as 18h desta ter\u00e7a-feira (05\/05), o que corresponde a 55% do total \u2013 79 pacientes est\u00e3o em leitos de UTI, 15 em leitos intermedi\u00e1rios e 156 em enfermaria. Para acompanhar a evolu\u00e7\u00e3o da ocupa\u00e7\u00e3o dos leitos exclusivos para Covid-19,&nbsp;<strong><a href=\"http:\/\/www.saude.al.gov.br\/leitos-para-enfrentamento-da-covid-19\/\" target=\"_blank\" rel=\"noreferrer noopener\">clique aqui<\/a><\/strong>.<\/p>\n\n\n\n<p><br><strong>\u00d3bitos \u2013<\/strong>&nbsp;At\u00e9 hoje, foram&nbsp;confirmados&nbsp;80 \u00f3bitos por Covid-19 em territ\u00f3rio alagoano,&nbsp;mas&nbsp;dois deles s\u00e3o de pessoas residentes em&nbsp;Pernambuco e S\u00e3o Paulo.&nbsp;Dos 78 residentes em Alagoas,&nbsp;57&nbsp;eram&nbsp;do sexo masculino&nbsp;e&nbsp;21 do sexo feminino.&nbsp;Cinquenta v\u00edtimas residiam em Macei\u00f3 e as outras 28 em Marechal Deodoro (3), Arapiraca (2), Murici (2), Paripueira (2), S\u00e3o Miguel dos Milagres (1), Vi\u00e7osa (1), Anadia (1), Limoeiro de Anadia (1), Ibateguara (1), Maribondo (1), Matriz do Camaragibe (1), Lagoa da Canoa (1), Maragogi (1), Uni\u00e3o dos Palmares (1), Delmiro Gouveia (1), Messias (1), S\u00e3o Miguel dos Campos (1), Rio Largo (1), Pilar (1), Paulo Jacinto (1), Campo Alegre (1), Joaquim Gomes (1) e Palmeira dos \u00cdndios (1),&nbsp;segundo o Centro de Informa\u00e7\u00f5es Estrat\u00e9gicas de Vigil\u00e2ncia em Sa\u00fade (Cievs).<\/p>\n\n\n\n<p><br>A m\u00e9dia de idade dos \u00f3bitos \u00e9 de 64 anos, sendo a idade m\u00ednima 24 e a m\u00e1xima 91 anos.<\/p>\n\n\n\n<p><strong>Rela\u00e7\u00e3o das mortes por Covid-19:<\/strong><\/p>\n\n\n\n<p><br>1\u00aa \u2013 31\/03 \u2013 Homem, 64 anos \u2013 Macei\u00f3 (AL)<\/p>\n\n\n\n<p>2\u00aa \u2013 03\/04 \u2013 Homem, 78 anos \u2013 Macei\u00f3 (AL)<\/p>\n\n\n\n<p>3\u00aa \u2013 08\/04 \u2013 Mulher, 77 anos \u2013 S\u00e3o Paulo (SP)<\/p>\n\n\n\n<p>4\u00aa \u2013 12\/04 \u2013 Homem, 79 anos \u2013 Marechal Deodoro (AL)<\/p>\n\n\n\n<p>5\u00aa \u2013 14\/04 \u2013 Homem, 48 anos \u2013 Macei\u00f3 (AL)<\/p>\n\n\n\n<p>6\u00aa \u2013 17\/04 \u2013 Homem, 46 anos \u2013 Macei\u00f3 (AL)<\/p>\n\n\n\n<p>7\u00aa \u2013 17\/04 \u2013 Homem, 40 anos \u2013 Macei\u00f3 (AL)<\/p>\n\n\n\n<p>8\u00aa \u2013 18\/04 \u2013 Homem, 73 anos \u2013 Recife (PE)<\/p>\n\n\n\n<p>9\u00aa \u2013 18\/04 \u2013 Mulher, 56 anos \u2013 S\u00e3o Miguel&nbsp;dos Milagres (AL)<\/p>\n\n\n\n<p>10\u00aa \u2013 18\/04 \u2013 Mulher, 72 anos \u2013 Macei\u00f3 (AL)<\/p>\n\n\n\n<p>11\u00aa \u2013 19\/04 \u2013 Mulher, 58 anos \u2013 Macei\u00f3 (AL)<\/p>\n\n\n\n<p>12\u00aa \u2013 19\/04 \u2013 Mulher, 74 anos \u2013 Macei\u00f3 (AL)<\/p>\n\n\n\n<p>13\u00aa \u2013 19\/04 \u2013 Homem, 83 anos \u2013 Macei\u00f3 (AL)<\/p>\n\n\n\n<p>14\u00aa \u2013 19\/04 \u2013 Homem, 85 anos \u2013 Vi\u00e7osa (AL)<\/p>\n\n\n\n<p>15\u00aa \u2013 19\/04 \u2013 Mulher, 63 anos \u2013 Ibateguara (AL)<\/p>\n\n\n\n<p>16\u00aa \u2013 20\/04 \u2013 Mulher, 60 anos \u2013 Macei\u00f3 (AL)<\/p>\n\n\n\n<p>17\u00aa \u2013 20\/04 \u2013 Homem, 67 anos \u2013 Macei\u00f3 (AL)<\/p>\n\n\n\n<p>18\u00aa \u2013 20\/04 \u2013 Homem, 34 anos \u2013 Macei\u00f3 (AL)<\/p>\n\n\n\n<p>19\u00aa \u2013 21\/04 \u2013 Homem, 24 anos \u2013 Macei\u00f3 (AL)<\/p>\n\n\n\n<p>20\u00aa \u2013 22\/04 \u2013 Homem, 89 anos \u2013 Macei\u00f3 (AL)<\/p>\n\n\n\n<p>21\u00aa \u2013 23\/04 \u2013 Homem, 80 anos \u2013 Paripueira (AL)<\/p>\n\n\n\n<p>22\u00aa \u2013 23\/04 \u2013 Homem, 76 anos \u2013 Anadia (AL)<\/p>\n\n\n\n<p>23\u00aa \u2013 24\/04 \u2013 Homem, 45 anos \u2013 Macei\u00f3 (AL)<\/p>\n\n\n\n<p>24\u00aa \u2013 24\/04 \u2013 Mulher, 64 anos \u2013 Macei\u00f3 (AL)<\/p>\n\n\n\n<p>25\u00aa \u2013 24\/04 \u2013 Homem, 54 anos \u2013 Limoeiro de Anadia (AL)<\/p>\n\n\n\n<p>26\u00aa \u2013 24\/04 \u2013 Homem, 47 anos \u2013 Macei\u00f3 (AL)<\/p>\n\n\n\n<p>27\u00aa \u2013 24\/04 \u2013 Mulher, 68 anos \u2013 Macei\u00f3 (AL)<\/p>\n\n\n\n<p>28\u00aa \u2013 25\/04 \u2013 Homem, 87 anos \u2013 Maribondo (AL)<\/p>\n\n\n\n<p>29\u00aa \u2013 25\/04 \u2013 Mulher, 60 anos \u2013 Marechal Deodoro (AL)<\/p>\n\n\n\n<p>30\u00aa \u2013 26\/04 \u2013 Homem, 58 anos \u2013 Macei\u00f3 (AL)<\/p>\n\n\n\n<p>31\u00aa \u2013 26\/04 \u2013 Homem, 63 anos \u2013 Macei\u00f3 (AL)<\/p>\n\n\n\n<p>32\u00aa \u2013 26\/04 \u2013 Mulher, 68 anos \u2013 Matriz do Camaragibe (AL)<\/p>\n\n\n\n<p>33\u00aa \u2013 27\/04 \u2013 Homem, 58 anos \u2013 Macei\u00f3 (AL)<\/p>\n\n\n\n<p>34\u00aa \u2013 27\/04 \u2013 Homem, 44 anos \u2013 Macei\u00f3 (AL)<\/p>\n\n\n\n<p>35\u00aa \u2013 28\/04 \u2013 Homem, 87 anos \u2013 Macei\u00f3 (AL)<\/p>\n\n\n\n<p>36\u00aa \u2013 28\/04 \u2013 Homem, 74 anos \u2013 Macei\u00f3 (AL)<\/p>\n\n\n\n<p>37\u00aa \u2013 29\/04 \u2013 Homem, 42 anos \u2013 Macei\u00f3 (AL)<\/p>\n\n\n\n<p>38\u00aa \u2013 29\/04 \u2013 Homem, 83 anos \u2013 Macei\u00f3 (AL)<\/p>\n\n\n\n<p>39\u00aa \u2013 29\/04 \u2013 Homem, 41 anos \u2013 Maragogi (AL)<\/p>\n\n\n\n<p>40\u00aa \u2013 29\/04 \u2013 Mulher, 84 anos \u2013 Murici (AL)<\/p>\n\n\n\n<p>41\u00aa \u2013 29\/04 \u2013 Homem, 51 anos \u2013 Lagoa da Canoa (AL)<\/p>\n\n\n\n<p>42\u00aa \u2013 30\/04 \u2013 Homem, 25 anos \u2013 Macei\u00f3 (AL)<\/p>\n\n\n\n<p>43\u00aa \u2013 30\/04 \u2013 Homem, 38 anos \u2013 Macei\u00f3 (AL)<\/p>\n\n\n\n<p>44\u00aa \u2013 30\/04 \u2013 Homem, 64 anos \u2013 Macei\u00f3 (AL)<\/p>\n\n\n\n<p>45\u00aa \u2013 30\/04 \u2013 Mulher, 45 anos \u2013 Macei\u00f3 (AL)<\/p>\n\n\n\n<p>46\u00aa \u2013 30\/04 \u2013 Homem, 59 anos \u2013 Macei\u00f3 (AL)<\/p>\n\n\n\n<p>47\u00aa \u2013 30\/04 \u2013 Homem, 41 anos \u2013 Macei\u00f3 (AL)<\/p>\n\n\n\n<p>48\u00aa \u2013 01\/05 \u2013 Mulher, 86 anos \u2013 Macei\u00f3 (AL)<\/p>\n\n\n\n<p>49\u00aa \u2013 01\/05 \u2013 Homem, 70 anos \u2013 Macei\u00f3 (AL)<\/p>\n\n\n\n<p>50\u00aa \u2013 01\/05 \u2013 Homem, 70 anos \u2013 Macei\u00f3 (AL)<\/p>\n\n\n\n<p>51\u00aa \u2013 01\/05 \u2013 Homem, 67 anos \u2013 Macei\u00f3 (AL)<\/p>\n\n\n\n<p>52\u00aa \u2013 01\/05 \u2013 Mulher, 52 anos \u2013 Macei\u00f3 (AL)<\/p>\n\n\n\n<p>53\u00aa \u2013 01\/05 \u2013 Homem, 85 anos \u2013 Macei\u00f3 (AL)<\/p>\n\n\n\n<p>54\u00aa \u2013 02\/05 \u2013 Mulher, 91 anos \u2013 Uni\u00e3o dos Palmares (AL)<\/p>\n\n\n\n<p>55\u00aa \u2013 02\/05 \u2013 Homem, 72 anos \u2013 Delmiro Gouveia (AL)<\/p>\n\n\n\n<p>56\u00aa \u2013 02\/05 \u2013 Homem, 46 anos \u2013 Macei\u00f3 (AL)<\/p>\n\n\n\n<p>57\u00aa \u2013 02\/05 \u2013 Homem, 69 anos \u2013 Macei\u00f3 (AL)<\/p>\n\n\n\n<p>58\u00aa \u2013 02\/05 \u2013 Homem, 63 anos \u2013 Macei\u00f3 (AL)<\/p>\n\n\n\n<p>59\u00aa \u2013 03\/05 \u2013 Homem, 84 anos \u2013 Campo Alegre (AL)<\/p>\n\n\n\n<p>60\u00aa \u2013 03\/05 \u2013 Mulher, 78 anos \u2013 Paripueira (AL)<\/p>\n\n\n\n<p>61\u00aa \u2013 03\/05 \u2013 Homem, 34 anos \u2013 Macei\u00f3 (AL)<\/p>\n\n\n\n<p>62\u00aa \u2013 03\/05 \u2013 Mulher, 61 anos \u2013 Macei\u00f3 (AL)<\/p>\n\n\n\n<p>63\u00aa \u2013 03\/05 \u2013 Mulher, 51 anos \u2013 Arapiraca (AL)<\/p>\n\n\n\n<p>64\u00aa \u2013 03\/05 \u2013 Homem, 84 anos \u2013 Paulo Jacinto (AL)<\/p>\n\n\n\n<p>65\u00aa \u2013 04\/05 \u2013 Homem, 51 anos \u2013 Macei\u00f3 (AL)<\/p>\n\n\n\n<p>66\u00aa \u2013 04\/05 \u2013 Homem, 43 anos \u2013 Macei\u00f3 (AL)<\/p>\n\n\n\n<p>67\u00aa \u2013 04\/05 \u2013 Homem, 78 anos \u2013 Arapiraca (AL)<\/p>\n\n\n\n<p>68\u00aa \u2013 04\/05 \u2013 Homem, 71 anos \u2013 Rio Largo (AL)<\/p>\n\n\n\n<p>69\u00aa \u2013 04\/05 \u2013 Homem, 58 anos, S\u00e3o Miguel dos Campos<\/p>\n\n\n\n<p>70\u00aa \u2013 04\/05 \u2013 Homem, 60 anos \u2013 Pilar (AL)<\/p>\n\n\n\n<p>71\u00aa \u2013 04\/05 \u2013 Homem, 76 anos \u2013 Messias (AL)<\/p>\n\n\n\n<p>72\u00aa \u2013 04\/05 \u2013 Mulher, 71 anos \u2013 Macei\u00f3 (AL)<\/p>\n\n\n\n<p>73\u00aa \u2013 05\/05 \u2013 Homem, 79 anos \u2013 Macei\u00f3 (AL)<\/p>\n\n\n\n<p>74\u00aa \u2013 05\/05 \u2013 Homem, 63 anos \u2013 Macei\u00f3 (AL)<\/p>\n\n\n\n<p>75\u00aa \u2013 05\/05 \u2013 Homem, 85 anos \u2013 Macei\u00f3 (AL)<\/p>\n\n\n\n<p>76\u00aa&nbsp;\u2013 05\/05 \u2013 Mulher, 25 anos \u2013 Macei\u00f3 (AL)<\/p>\n\n\n\n<p>77\u00aa&nbsp;\u2013 05\/05 \u2013 Homem, 73 anos \u2013 Joaquim Gomes (AL)<\/p>\n\n\n\n<p>78\u00aa \u2013 05\/05 \u2013 Homem, 59 anos \u2013 Murici (AL)<\/p>\n\n\n\n<p>79\u00aa \u2013 05\/05 \u2013 Mulher, 39 anos \u2013 Palmeira dos \u00cdndios (AL)<\/p>\n\n\n\n<p>80\u00aa \u2013 05\/05 \u2013 Homem, 40 anos \u2013 Marechal Deodoro (AL)<\/p>\n\n\n\n<p><br>*As datas acima se referem \u00e0 inclus\u00e3o dos \u00f3bitos confirmados no Boletim Epidemiol\u00f3gico do Cievs.<\/p>\n\n\n\n<p>Assessoria<\/p>\n","protected":false},"excerpt":{"rendered":"<p>O Boletim Epidemiol\u00f3gico desta ter\u00e7a-feira (05\/05) confirma mais 67 casos de Covid-19 em Alagoas. Dessa forma, o<\/p>\n","protected":false},"author":1,"featured_media":10779,"comment_status":"open","ping_status":"open","sticky":false,"template":"","format":"standard","meta":{"footnotes":""},"categories":[4],"tags":[],"class_list":["post-11240","post","type-post","status-publish","format-standard","has-post-thumbnail","hentry","category-noticias"],"_links":{"self":[{"href":"https:\/\/4cantosalagoas.com.br\/portal\/wp-json\/wp\/v2\/posts\/11240","targetHints":{"allow":["GET"]}}],"collection":[{"href":"https:\/\/4cantosalagoas.com.br\/portal\/wp-json\/wp\/v2\/posts"}],"about":[{"href":"https:\/\/4cantosalagoas.com.br\/portal\/wp-json\/wp\/v2\/types\/post"}],"author":[{"embeddable":true,"href":"https:\/\/4cantosalagoas.com.br\/portal\/wp-json\/wp\/v2\/users\/1"}],"replies":[{"embeddable":true,"href":"https:\/\/4cantosalagoas.com.br\/portal\/wp-json\/wp\/v2\/comments?post=11240"}],"version-history":[{"count":1,"href":"https:\/\/4cantosalagoas.com.br\/portal\/wp-json\/wp\/v2\/posts\/11240\/revisions"}],"predecessor-version":[{"id":11241,"href":"https:\/\/4cantosalagoas.com.br\/portal\/wp-json\/wp\/v2\/posts\/11240\/revisions\/11241"}],"wp:featuredmedia":[{"embeddable":true,"href":"https:\/\/4cantosalagoas.com.br\/portal\/wp-json\/wp\/v2\/media\/10779"}],"wp:attachment":[{"href":"https:\/\/4cantosalagoas.com.br\/portal\/wp-json\/wp\/v2\/media?parent=11240"}],"wp:term":[{"taxonomy":"category","embeddable":true,"href":"https:\/\/4cantosalagoas.com.br\/portal\/wp-json\/wp\/v2\/categories?post=11240"},{"taxonomy":"post_tag","embeddable":true,"href":"https:\/\/4cantosalagoas.com.br\/portal\/wp-json\/wp\/v2\/tags?post=11240"}],"curies":[{"name":"wp","href":"https:\/\/api.w.org\/{rel}","templated":true}]}}