{"id":11229,"date":"2020-05-04T19:27:39","date_gmt":"2020-05-04T22:27:39","guid":{"rendered":"http:\/\/4cantosalagoas.com.br\/portal\/?p=11229"},"modified":"2020-05-06T06:19:43","modified_gmt":"2020-05-06T09:19:43","slug":"alagoas-tem-1-538-casos-da-covid-19-e-72-obitos","status":"publish","type":"post","link":"https:\/\/4cantosalagoas.com.br\/portal\/alagoas-tem-1-538-casos-da-covid-19-e-72-obitos\/","title":{"rendered":"Alagoas tem 1.538 casos da Covid-19 e 72 \u00f3bitos"},"content":{"rendered":"\n<figure class=\"wp-block-image\"><img fetchpriority=\"high\" decoding=\"async\" width=\"496\" height=\"577\" src=\"http:\/\/4cantosalagoas.com.br\/portal\/wp-content\/uploads\/2020\/03\/corona.jpg\" alt=\"\" class=\"wp-image-10779\" srcset=\"https:\/\/4cantosalagoas.com.br\/portal\/wp-content\/uploads\/2020\/03\/corona.jpg 496w, https:\/\/4cantosalagoas.com.br\/portal\/wp-content\/uploads\/2020\/03\/corona-258x300.jpg 258w\" sizes=\"(max-width: 496px) 100vw, 496px\" \/><figcaption>Reprodu\u00e7\u00e3o<\/figcaption><\/figure>\n\n\n\n<p>O Boletim Epidemiol\u00f3gico desta segunda-feira (04\/05) confirma mais 97 casos de Covid-19 em Alagoas. Dessa forma, o estado tem um total de 1.538 casos confirmados do novo coronav\u00edrus at\u00e9 o momento, dos quais 978 est\u00e3o em isolamento domiciliar e 132 internados em leitos p\u00fablicos e privados. Outros 356 pacientes j\u00e1 finalizaram o per\u00edodo de isolamento, n\u00e3o apresentam mais sintomas e, portanto, est\u00e3o recuperados da doen\u00e7a. H\u00e1 838 casos em investiga\u00e7\u00e3o laboratorial.<\/p>\n\n\n\n<p><br>Foram confirmadas, laboratorialmente, mais oito mortes, sendo sete v\u00edtimas do sexo masculino e uma do sexo feminino. Duas v\u00edtimas do sexo masculino eram residentes em Macei\u00f3, n\u00e3o apresentavam comorbidades e tinham 51 e 43 anos, respectivamente. Os \u00f3bitos foram registrados na Medradius e no Hospital Humanit\u00e9.<\/p>\n\n\n\n<p><br>As outras cinco v\u00edtimas do sexo masculino tinham idades de 78, 71, 58, 60 e 76 e residiam em Arapiraca, Rio Largo, S\u00e3o Miguel dos Campos, Pilar e Messias, respectivamente. As comorbidades apresentadas eram: doen\u00e7as respirat\u00f3rias; dois eram diab\u00e9ticos; hipertens\u00e3o; e tabagista\/etilista, respectivamente. Os \u00f3bitos foram registrados no Hospital Carvalho Beltr\u00e3o, Hospital Ib Gatto, UPA de S\u00e3o Miguel dos Campos, e os outros dois no Hospital da Mulher.<\/p>\n\n\n\n<p><br>A v\u00edtima do sexo feminino tinha 71 anos, era residente em Macei\u00f3, n\u00e3o apresentava comorbidades e faleceu no Hospital Veredas. Com isso, Alagoas tem 72 \u00f3bitos por Covid-19.<\/p>\n\n\n\n<p><br>Os casos confirmados est\u00e3o distribu\u00eddos nas cidades de Macei\u00f3 (1.260), Marechal Deodoro (36), Rio Largo (32), Arapiraca (26), Murici (25), Satuba (19), Palmeira dos \u00cdndios (18), Uni\u00e3o dos Palmares (11), Junqueiro (6), S\u00e3o Miguel dos Campos (6), Barra de S\u00e3o Miguel (6), Pilar (9), Maragogi (9), Pia\u00e7abu\u00e7u (4), Santa Luzia do Norte (5), S\u00e3o Sebasti\u00e3o (4), Joaquim Gomes (3), Campo Alegre (3), Porto Calvo (2), S\u00e3o Miguel dos Milagres (2), Maribondo (2), Coruripe (3), Taquarana (3), Batalha (3), Capela (2), Paripueira (2), Penedo (2), Boca da Mata (2), Lagoa da Canoa (1), Atalaia (1), Branquinha (1), Olho d\u2019\u00c1gua das Flores (1), Porto Real do Col\u00e9gio (1), Delmiro Gouveia (1), Jequi\u00e1 da Praia (1), Jaramataia (1), Vi\u00e7osa (1), Ibateguara (1), Barra de Santo Ant\u00f4nio (1), Anadia (1), Matriz do Camaragibe (1), Limoeiro de Anadia (1), Palestina (1), Paulo Jacinto (1), Novo Lino (1), Coqueiro Seco (1), Teotonio Vilela (1), Col\u00f4nia Leopoldina (1), Santana do Ipanema (1) e Messias (1). As outras 11 pessoas que testaram positivo para a Covid-19 em Alagoas residem em Pernambuco, Distrito Federal, Rio de Janeiro e S\u00e3o Paulo.<\/p>\n\n\n\n<p><br><strong>Leitos de Covid-19 do Estado \u2013<\/strong>&nbsp;Dos 430 leitos criados pela Secretaria de Estado da Sa\u00fade (Sesau) para atender, exclusivamente, pacientes com suspeita e confirma\u00e7\u00e3o de infec\u00e7\u00e3o pelo novo coronav\u00edrus, 221 estavam ocupados at\u00e9 as 13h desta segunda-feira (04\/05), o que corresponde a 51% do total \u2013 71 pacientes est\u00e3o em leitos de UTI, 07 em leitos intermedi\u00e1rios e 143 em enfermaria. Para acompanhar a evolu\u00e7\u00e3o da ocupa\u00e7\u00e3o dos leitos exclusivos para Covid-19,&nbsp;<a href=\"http:\/\/www.saude.al.gov.br\/leitos-para-enfrentamento-da-covid-19\/\" target=\"_blank\" rel=\"noreferrer noopener\"><strong>clique aqui<\/strong><\/a>.<\/p>\n\n\n\n<p><br><strong>\u00d3bitos \u2013<\/strong>&nbsp;Alagoas tem 72 \u00f3bitos confirmados, sendo 52 do sexo masculino e 20 do feminino. Quarenta e sete v\u00edtimas residiam em Macei\u00f3 e as outras 25 em Marechal Deodoro (2), Arapiraca (2), Paripueira (2), S\u00e3o Miguel dos Milagres (1), Vi\u00e7osa (1), Anadia (1), Limoeiro de Anadia (1), Ibateguara (1), Maribondo (1), Matriz do Camaragibe (1), Murici (1), Lagoa da Canoa (1), Maragogi (1), Uni\u00e3o dos Palmares (1), Delmiro Gouveia (1), Messias (1), S\u00e3o Miguel dos Campos (1), Rio Largo (1), Pilar (1), Paulo Jacinto (1) S\u00e3o Paulo (1) e Pernambuco (1), segundo o Centro de Informa\u00e7\u00f5es Estrat\u00e9gicas de Vigil\u00e2ncia em Sa\u00fade (Cievs). A m\u00e9dia de idade \u00e9 de 64 anos, sendo a idade m\u00ednima 24 e a m\u00e1xima 91 anos.<\/p>\n\n\n\n<p><strong>Rela\u00e7\u00e3o das mortes por Covid-19:<\/strong><\/p>\n\n\n\n<p>1\u00aa \u2013 31\/03 \u2013 Homem, 64 anos \u2013 Macei\u00f3 (AL)<br>2\u00aa \u2013 03\/04 \u2013 Homem, 78 anos \u2013 Macei\u00f3 (AL)<br>3\u00aa \u2013 08\/04 \u2013 Mulher, 77 anos \u2013 S\u00e3o Paulo (SP)<br>4\u00aa \u2013 12\/04 \u2013 Homem, 79 anos \u2013 Marechal Deodoro (AL)<br>5\u00aa \u2013 14\/04 \u2013 Homem, 48 anos \u2013 Macei\u00f3 (AL)<br>6\u00aa \u2013 17\/04 \u2013 Homem, 46 anos \u2013 Macei\u00f3 (AL)<br>7\u00aa \u2013 17\/04 \u2013 Homem, 40 anos \u2013 Macei\u00f3 (AL)<br>8\u00aa \u2013 18\/04 \u2013 Homem, 73 anos \u2013 Recife (PE)<br>9\u00aa \u2013 18\/04 \u2013 Mulher, 56 anos \u2013 S\u00e3o M. dos Milagres (AL)<br>10\u00aa \u2013 18\/04 \u2013 Mulher, 72 anos \u2013 Macei\u00f3 (AL)<br>11\u00aa \u2013 19\/04 \u2013 Mulher, 58 anos \u2013 Macei\u00f3 (AL)<br>12\u00aa \u2013 19\/04 \u2013 Mulher, 74 anos \u2013 Macei\u00f3 (AL)<br>13\u00aa \u2013 19\/04 \u2013 Homem, 83 anos \u2013 Macei\u00f3 (AL)<br>14\u00aa \u2013 19\/04 \u2013 Homem, 85 anos \u2013 Vi\u00e7osa (AL)<br>15\u00aa \u2013 19\/04 \u2013 Mulher, 63 anos \u2013 Ibateguara (AL)<br>16\u00aa \u2013 20\/04 \u2013 Mulher, 60 anos \u2013 Macei\u00f3 (AL)<br>17\u00aa \u2013 20\/04 \u2013 Homem, 67 anos \u2013 Macei\u00f3 (AL)<br>18\u00aa \u2013 20\/04 \u2013 Homem, 34 anos \u2013 Macei\u00f3 (AL)<br>19\u00aa \u2013 21\/04 \u2013 Homem, 24 anos \u2013 Macei\u00f3 (AL)<br>20\u00aa \u2013 22\/04 \u2013 Homem, 89 anos \u2013 Macei\u00f3 (AL)<br>21\u00aa \u2013 23\/04 \u2013 Homem, 80 anos \u2013 Paripueira (AL)<br>22\u00aa \u2013 23\/04 \u2013 Homem, 76 anos \u2013 Anadia (AL)<br>23\u00aa \u2013 24\/04 \u2013 Homem, 45 anos \u2013 Macei\u00f3 (AL)<br>24\u00aa \u2013 24\/04 \u2013 Mulher, 64 anos \u2013 Macei\u00f3 (AL)<br>25\u00aa \u2013 24\/04 \u2013 Homem, 54 anos \u2013 Limoeiro de Anadia (AL)<br>26\u00aa \u2013 24\/04 \u2013 Homem, 47 anos \u2013 Macei\u00f3 (AL)<br>27\u00aa \u2013 24\/04 \u2013 Mulher, 68 anos \u2013 Macei\u00f3 (AL)<br>28\u00aa \u2013 25\/04 \u2013 Homem, 87 anos \u2013 Maribondo (AL)<br>29\u00aa \u2013 25\/04 \u2013 Mulher, 60 anos \u2013 Marechal Deodoro (AL)<br>30\u00aa \u2013 26\/04 \u2013 Homem, 58 anos \u2013 Macei\u00f3 (AL)<br>31\u00aa \u2013 26\/04 \u2013 Homem, 63 anos \u2013 Macei\u00f3 (AL)<br>32\u00aa \u2013 26\/04 \u2013 Mulher, 68 anos \u2013 Matriz do Camaragibe (AL)<br>33\u00aa \u2013 27\/04 \u2013 Homem, 58 anos \u2013 Macei\u00f3 (AL)<br>34\u00aa \u2013 27\/04 \u2013 Homem, 44 anos \u2013 Macei\u00f3 (AL)<br>35\u00aa \u2013 28\/04 \u2013 Homem, 87 anos \u2013 Macei\u00f3 (AL)<br>36\u00aa \u2013 28\/04 \u2013 Homem, 74 anos \u2013 Macei\u00f3 (AL)<br>37\u00aa \u2013 29\/04 \u2013 Homem, 42 anos \u2013 Macei\u00f3 (AL)<br>38\u00aa \u2013 29\/04 \u2013 Homem, 83 anos \u2013 Macei\u00f3 (AL)<br>39\u00aa \u2013 29\/04 \u2013 Homem, 41 anos \u2013 Maragogi (AL)<br>40\u00aa \u2013 29\/04 \u2013 Mulher, 84 anos \u2013 Murici (AL)<br>41\u00aa \u2013 29\/04 \u2013 Homem, 51 anos \u2013 Lagoa da Canoa (AL)<br>42\u00aa \u2013 30\/04 \u2013 Homem, 25 anos \u2013 Macei\u00f3 (AL)<br>43\u00aa \u2013 30\/04 \u2013 Homem, 38 anos \u2013 Macei\u00f3 (AL)<br>44\u00aa \u2013 30\/04 \u2013 Homem, 64 anos \u2013 Macei\u00f3 (AL)<br>45\u00aa \u2013 30\/04 \u2013 Mulher, 45 anos \u2013 Macei\u00f3 (AL)<br>46\u00aa \u2013 30\/04 \u2013 Homem, 59 anos \u2013 Macei\u00f3 (AL)<br>47\u00aa \u2013 30\/04 \u2013 Homem, 41 anos \u2013 Macei\u00f3 (AL)<br>48\u00aa \u2013 01\/05 \u2013 Mulher, 86 anos \u2013 Macei\u00f3 (AL)<br>49\u00aa \u2013 01\/05 \u2013 Homem, 70 anos \u2013 Macei\u00f3 (AL)<br>50\u00aa \u2013 01\/05 \u2013 Homem, 70 anos \u2013 Macei\u00f3 (AL)<br>51\u00aa \u2013 01\/05 \u2013 Homem, 67 anos \u2013 Macei\u00f3 (AL)<br>52\u00aa \u2013 01\/05 \u2013 Mulher, 52 anos \u2013 Macei\u00f3 (AL)<br>53\u00aa \u2013 01\/05 \u2013 Homem, 85 anos \u2013 Macei\u00f3 (AL)<br>54\u00aa \u2013 02\/05 \u2013 Mulher, 91 anos \u2013 Uni\u00e3o dos Palmares (AL)<br>55\u00aa \u2013 02\/05 \u2013 Homem, 72 anos \u2013 Delmiro Gouveia (AL)<br>56\u00aa \u2013 02\/05 \u2013 Homem, 46 anos \u2013 Macei\u00f3 (AL)<br>57\u00aa \u2013 02\/05 \u2013 Homem, 69 anos \u2013 Macei\u00f3 (AL)<br>58\u00aa \u2013 02\/05 \u2013 Homem, 63 anos \u2013 Macei\u00f3 (AL)<br>59\u00aa \u2013 03\/05 \u2013 Homem, 84 anos \u2013 Campo Alegre (AL)<br>60\u00aa \u2013 03\/05 \u2013 Mulher, 78 anos \u2013 Paripueira (AL)<br>61\u00aa \u2013 03\/05 \u2013 Homem, 34 anos \u2013 Macei\u00f3 (AL)<br>62\u00aa \u2013 03\/05 \u2013 Mulher, 61 anos \u2013 Macei\u00f3 (AL)<br>63\u00aa \u2013 03\/05 \u2013 Mulher, 51 anos \u2013 Arapiraca (AL)<br>64\u00aa \u2013 02\/05 \u2013 Homem, 84 anos \u2013 Paulo Jacinto (AL)<br>65\u00aa \u2013 04\/05 \u2013 Homem, 51 anos \u2013 Macei\u00f3 (AL)<br>66\u00aa \u2013 01\/05 \u2013 Homem, 43 anos \u2013 Macei\u00f3 (AL)<br>67\u00aa \u2013 28\/04 \u2013 Homem, 78 anos \u2013 Arapiraca (AL)<br>68\u00aa \u2013 03\/05 \u2013 Homem, 71 anos \u2013 Rio Largo (AL)<br>69\u00aa \u2013 03\/05 \u2013 Homem, 58 anos, S\u00e3o Miguel dos Campos<br>70\u00aa \u2013 30\/04 \u2013 Homem, 60 anos \u2013 Pilar (AL)<br>71\u00aa \u2013 03\/05 \u2013 Homem, 76 anos \u2013 Messias (AL)<br>72\u00aa \u2013 28\/04 \u2013 Mulher, 71 anos \u2013 Macei\u00f3 (AL)<\/p>\n\n\n\n<p><br>*As datas acima se referem \u00e0 inclus\u00e3o dos \u00f3bitos confirmados no Boletim Epidemiol\u00f3gico do Cievs.<\/p>\n","protected":false},"excerpt":{"rendered":"<p>O Boletim Epidemiol\u00f3gico desta segunda-feira (04\/05) confirma mais 97 casos de Covid-19 em Alagoas. Dessa forma, o<\/p>\n","protected":false},"author":1,"featured_media":10779,"comment_status":"open","ping_status":"open","sticky":false,"template":"","format":"standard","meta":{"footnotes":""},"categories":[4],"tags":[],"class_list":["post-11229","post","type-post","status-publish","format-standard","has-post-thumbnail","hentry","category-noticias"],"_links":{"self":[{"href":"https:\/\/4cantosalagoas.com.br\/portal\/wp-json\/wp\/v2\/posts\/11229","targetHints":{"allow":["GET"]}}],"collection":[{"href":"https:\/\/4cantosalagoas.com.br\/portal\/wp-json\/wp\/v2\/posts"}],"about":[{"href":"https:\/\/4cantosalagoas.com.br\/portal\/wp-json\/wp\/v2\/types\/post"}],"author":[{"embeddable":true,"href":"https:\/\/4cantosalagoas.com.br\/portal\/wp-json\/wp\/v2\/users\/1"}],"replies":[{"embeddable":true,"href":"https:\/\/4cantosalagoas.com.br\/portal\/wp-json\/wp\/v2\/comments?post=11229"}],"version-history":[{"count":1,"href":"https:\/\/4cantosalagoas.com.br\/portal\/wp-json\/wp\/v2\/posts\/11229\/revisions"}],"predecessor-version":[{"id":11230,"href":"https:\/\/4cantosalagoas.com.br\/portal\/wp-json\/wp\/v2\/posts\/11229\/revisions\/11230"}],"wp:featuredmedia":[{"embeddable":true,"href":"https:\/\/4cantosalagoas.com.br\/portal\/wp-json\/wp\/v2\/media\/10779"}],"wp:attachment":[{"href":"https:\/\/4cantosalagoas.com.br\/portal\/wp-json\/wp\/v2\/media?parent=11229"}],"wp:term":[{"taxonomy":"category","embeddable":true,"href":"https:\/\/4cantosalagoas.com.br\/portal\/wp-json\/wp\/v2\/categories?post=11229"},{"taxonomy":"post_tag","embeddable":true,"href":"https:\/\/4cantosalagoas.com.br\/portal\/wp-json\/wp\/v2\/tags?post=11229"}],"curies":[{"name":"wp","href":"https:\/\/api.w.org\/{rel}","templated":true}]}}