{"id":11219,"date":"2020-05-04T06:24:01","date_gmt":"2020-05-04T09:24:01","guid":{"rendered":"http:\/\/4cantosalagoas.com.br\/portal\/?p=11219"},"modified":"2020-05-04T06:24:06","modified_gmt":"2020-05-04T09:24:06","slug":"mercados-e-feiras-livres-recebem-cartazes-com-orientacoes-sobre-covid-19","status":"publish","type":"post","link":"https:\/\/4cantosalagoas.com.br\/portal\/mercados-e-feiras-livres-recebem-cartazes-com-orientacoes-sobre-covid-19\/","title":{"rendered":"Mercados e feiras livres recebem cartazes com orienta\u00e7\u00f5es sobre covid-19"},"content":{"rendered":"\n<figure class=\"wp-block-image\"><img fetchpriority=\"high\" decoding=\"async\" width=\"957\" height=\"1280\" src=\"https:\/\/i0.wp.com\/4cantosalagoas.com.br\/portal\/wp-content\/uploads\/2020\/05\/4m.jpeg?fit=766%2C1024\" alt=\"\" class=\"wp-image-11220\" srcset=\"https:\/\/4cantosalagoas.com.br\/portal\/wp-content\/uploads\/2020\/05\/4m.jpeg 957w, https:\/\/4cantosalagoas.com.br\/portal\/wp-content\/uploads\/2020\/05\/4m-224x300.jpeg 224w, https:\/\/4cantosalagoas.com.br\/portal\/wp-content\/uploads\/2020\/05\/4m-768x1027.jpeg 768w, https:\/\/4cantosalagoas.com.br\/portal\/wp-content\/uploads\/2020\/05\/4m-766x1024.jpeg 766w\" sizes=\"(max-width: 957px) 100vw, 957px\" \/><figcaption>Assessoroia<\/figcaption><\/figure>\n\n\n\n<p>No \u00faltimo s\u00e1bado (2), cartazes com orienta\u00e7\u00f5es de prote\u00e7\u00e3o do cont\u00e1gio do novo coronav\u00edrus (covid-19) foram distribu\u00eddos em locais como os mercados p\u00fablicos da Produ\u00e7\u00e3o, Jacintinho, Tabuleiro, Benedito Bentes e as feiras de seus entornos. O trabalho \u00e9 parte das a\u00e7\u00f5es publicadas em duas portarias no Di\u00e1rio Oficial de Macei\u00f3 de ter\u00e7a-feira (28), que regulamentam medidas de adequa\u00e7\u00e3o e hor\u00e1rios de funcionamento dos mercados p\u00fablicos e feiras livres no munic\u00edpio.<\/p>\n\n\n\n<p>De acordo com o secret\u00e1rio municipal do Trabalho, Abastecimento e Economia Solid\u00e1ria, Fl\u00e1vio Saraiva, a a\u00e7\u00e3o foi bem aceita pelos consumidores e permission\u00e1rios dos mercados. \u201cOs cartazes foram distribu\u00eddos em todos os mercados e feiras livres da cidade e afixados em locais de f\u00e1cil visualiza\u00e7\u00e3o, como os port\u00f5es de acesso. J\u00e1 pudemos ver que 90% dos frequentadores, bem como dos permission\u00e1rios j\u00e1 estavam usando m\u00e1scaras. Quem estava sem o acess\u00f3rio e prote\u00e7\u00e3o, fiscais orientavam sobre a import\u00e2ncia do uso. As pessoas entendem o perigo de sair sem a prote\u00e7\u00e3o adequada e sobre a necessidade do distanciamento. Mas vamos seguir fiscalizando e orientando as pessoas nesses espa\u00e7os p\u00fablicos para evitar aglomera\u00e7\u00e3o\u201d, disse.<\/p>\n\n\n\n<p>Para garantir o completo entendimento da publica\u00e7\u00e3o, a Prefeitura de Macei\u00f3, por meio do Gabinete de Governan\u00e7a (GGOV), tamb\u00e9m desenvolveu um guia digital. A cartilha representa, de forma gr\u00e1fica e muito did\u00e1tica, todo o conte\u00fado da Portaria n\u00ba 003 e pode ser acessada&nbsp;<a href=\"http:\/\/www.maceio.al.gov.br\/wp-content\/uploads\/2020\/04\/pdf\/2020\/04\/Publica%C3%A7%C3%A3o_Covid-19_Feiras_Mercados_Prefeitura_de_Macei%C3%B3_24.04.20-compactado.pdf\" target=\"_blank\" rel=\"noreferrer noopener\">aqui.<\/a><\/p>\n\n\n\n<p><strong>Medidas<\/strong><\/p>\n\n\n\n<p>A Portaria n\u00b0 003, da Secretaria Municipal do Trabalho, Abastecimento e Economia (Semtabes), come\u00e7ou a valer a partir da 0 (zero) hora do dia 28 de abril e segue as recomenda\u00e7\u00f5es da Organiza\u00e7\u00e3o Mundial da Sa\u00fade (OMS) e do Minist\u00e9rio da Agricultura, Pecu\u00e1ria e Abastecimento. O documento atende ao disposto no Art. 7\u00ba do Decreto n\u00ba. 69.700 de 20 de abril de 2020, determinando aos munic\u00edpios alagoanos que adotem medidas necess\u00e1rias para o combate \u00e0 covid-19.<\/p>\n\n\n\n<figure class=\"wp-block-image\"><img decoding=\"async\" src=\"http:\/\/www.maceio.al.gov.br\/wp-content\/uploads\/2020\/05\/jpeg\/2020\/05\/WhatsApp-Image-2020-05-02-at-16.51.51-1024x768.jpeg\" alt=\"\" class=\"wp-image-362689\"\/><figcaption>Cartazes com as orienta\u00e7\u00f5es contra o novo coronav\u00edrus Foto: Ascom Semtabes<\/figcaption><\/figure>\n\n\n\n<p><strong>A Portaria determina<\/strong>:<\/p>\n\n\n\n<p>\u2013 O uso obrigat\u00f3rio de m\u00e1scaras e luvas pelos feirantes, permission\u00e1rios e funcion\u00e1rios que trabalham em feiras livres e mercados p\u00fablicos. A aquisi\u00e7\u00e3o dos materiais mencionados \u00e9 de responsabilidade dos feirantes, permission\u00e1rios e funcion\u00e1rios;<\/p>\n\n\n\n<p>\u2013 O uso obrigat\u00f3rio de m\u00e1scaras pelos clientes que se dirijam a esses locais;<\/p>\n\n\n\n<p>\u2013 A disponibiliza\u00e7\u00e3o de \u00e1lcool 70% (setenta por cento) aos consumidores nas entradas de acesso aos mercados p\u00fablicos para higieniza\u00e7\u00e3o;<\/p>\n\n\n\n<p>\u2013 A utiliza\u00e7\u00e3o de medidas disciplinadoras para, se necess\u00e1rio, evitar aglomera\u00e7\u00e3o no acesso aos mercados p\u00fablicos, bem como identificar e indicar local de entrada e sa\u00edda, se for o caso;<\/p>\n\n\n\n<p>\u2013 Fica proibido aos permission\u00e1rios\/feirantes e seus empregados, que estejam no grupo de risco e acima de 60 (sessenta) anos de idade, exercer suas atividades em mercados p\u00fablicos e feiras livres;<\/p>\n\n\n\n<p>\u2013 Fica proibido o consumo no local, degusta\u00e7\u00e3o de alimentos ou bebidas, a fim de evitar a dissemina\u00e7\u00e3o do v\u00edrus nos utens\u00edlios e alimentos servidos, bem como evitar aglomera\u00e7\u00e3o.<\/p>\n\n\n\n<p><strong>Hor\u00e1rio de funcionamento reduzido<\/strong><\/p>\n\n\n\n<p>Tamb\u00e9m foi publicada a Portaria N\u00ba 005 que regulamenta o hor\u00e1rio de funcionamento dos mercados p\u00fablicos e feiras livres em Macei\u00f3. Desde o dia 28 de abril, o Mercado da Produ\u00e7\u00e3o, Mercado e Feiras do Tabuleiro, Mercado do Benedito Bentes, Mercado do Bebedouro, Mercado do Jacintinho, Mercado do Jacintinho Novo e Mercado dos Caet\u00e9s ser\u00e3o fechados \u00e0s segundas-feiras e ter\u00e1 hor\u00e1rio reduzido de funcionamento de ter\u00e7a a domingo das 5h \u00e0s 14h.&nbsp; A medida tem o objetivo de promover a limpeza dos equipamentos p\u00fablicos e o controle ao acesso.<\/p>\n\n\n\n<p>A portaria tamb\u00e9m lembra que o Mercado Popular, Shopping Popular, Mercado do Artesanato, Mercado do Jaragu\u00e1 e Shopping Caet\u00e9s permanecer\u00e3o sem funcionamento e atendimento direto ao p\u00fablico.<\/p>\n\n\n\n<p>Secom Macei\u00f3<\/p>\n","protected":false},"excerpt":{"rendered":"<p>No \u00faltimo s\u00e1bado (2), cartazes com orienta\u00e7\u00f5es de prote\u00e7\u00e3o do cont\u00e1gio do novo coronav\u00edrus (covid-19) foram distribu\u00eddos<\/p>\n","protected":false},"author":1,"featured_media":11220,"comment_status":"open","ping_status":"open","sticky":false,"template":"","format":"standard","meta":{"footnotes":""},"categories":[60],"tags":[],"class_list":["post-11219","post","type-post","status-publish","format-standard","has-post-thumbnail","hentry","category-capa"],"_links":{"self":[{"href":"https:\/\/4cantosalagoas.com.br\/portal\/wp-json\/wp\/v2\/posts\/11219","targetHints":{"allow":["GET"]}}],"collection":[{"href":"https:\/\/4cantosalagoas.com.br\/portal\/wp-json\/wp\/v2\/posts"}],"about":[{"href":"https:\/\/4cantosalagoas.com.br\/portal\/wp-json\/wp\/v2\/types\/post"}],"author":[{"embeddable":true,"href":"https:\/\/4cantosalagoas.com.br\/portal\/wp-json\/wp\/v2\/users\/1"}],"replies":[{"embeddable":true,"href":"https:\/\/4cantosalagoas.com.br\/portal\/wp-json\/wp\/v2\/comments?post=11219"}],"version-history":[{"count":1,"href":"https:\/\/4cantosalagoas.com.br\/portal\/wp-json\/wp\/v2\/posts\/11219\/revisions"}],"predecessor-version":[{"id":11221,"href":"https:\/\/4cantosalagoas.com.br\/portal\/wp-json\/wp\/v2\/posts\/11219\/revisions\/11221"}],"wp:featuredmedia":[{"embeddable":true,"href":"https:\/\/4cantosalagoas.com.br\/portal\/wp-json\/wp\/v2\/media\/11220"}],"wp:attachment":[{"href":"https:\/\/4cantosalagoas.com.br\/portal\/wp-json\/wp\/v2\/media?parent=11219"}],"wp:term":[{"taxonomy":"category","embeddable":true,"href":"https:\/\/4cantosalagoas.com.br\/portal\/wp-json\/wp\/v2\/categories?post=11219"},{"taxonomy":"post_tag","embeddable":true,"href":"https:\/\/4cantosalagoas.com.br\/portal\/wp-json\/wp\/v2\/tags?post=11219"}],"curies":[{"name":"wp","href":"https:\/\/api.w.org\/{rel}","templated":true}]}}