{"id":11217,"date":"2020-05-04T06:20:07","date_gmt":"2020-05-04T09:20:07","guid":{"rendered":"http:\/\/4cantosalagoas.com.br\/portal\/?p=11217"},"modified":"2020-05-04T19:28:30","modified_gmt":"2020-05-04T22:28:30","slug":"alagoas-tem-1-441-casos-confirmados-da-covid-19-e-64-obitos","status":"publish","type":"post","link":"https:\/\/4cantosalagoas.com.br\/portal\/alagoas-tem-1-441-casos-confirmados-da-covid-19-e-64-obitos\/","title":{"rendered":"Alagoas tem 1.441 casos confirmados da Covid-19 e 64 \u00f3bitos"},"content":{"rendered":"\n<figure class=\"wp-block-image\"><img fetchpriority=\"high\" decoding=\"async\" width=\"616\" height=\"420\" src=\"http:\/\/4cantosalagoas.com.br\/portal\/wp-content\/uploads\/2020\/04\/cond.jpg\" alt=\"\" class=\"wp-image-10936\" srcset=\"https:\/\/4cantosalagoas.com.br\/portal\/wp-content\/uploads\/2020\/04\/cond.jpg 616w, https:\/\/4cantosalagoas.com.br\/portal\/wp-content\/uploads\/2020\/04\/cond-300x205.jpg 300w\" sizes=\"(max-width: 616px) 100vw, 616px\" \/><figcaption>Reprodu\u00e7\u00e3o<\/figcaption><\/figure>\n\n\n\n<p>O Boletim Epidemiol\u00f3gico deste domingo (03\/05) confirma mais 70 casos de Covid-19 em Alagoas. Dessa forma, o estado tem um total de 1.441 casos confirmados do novo coronav\u00edrus at\u00e9 o momento, dos quais 960 est\u00e3o em isolamento domiciliar e 125 internados em leitos p\u00fablicos e privados, sendo 40 em UTI e 85 em enfermaria. Outros 292 pacientes j\u00e1 finalizaram o per\u00edodo de isolamento, n\u00e3o apresentam mais sintomas e, portanto, est\u00e3o recuperados da doen\u00e7a. H\u00e1 875 casos em investiga\u00e7\u00e3o laboratorial.<br><br>Foram confirmadas laboratorialmente seis novas mortes ocorridas entre 26 de abril e 03 de maio, sendo tr\u00eas v\u00edtimas do sexo masculino e tr\u00eas do feminino. Duas v\u00edtimas residiam em Macei\u00f3 e as outras quatro em Campo Alegre (1), Paripueira (1), Arapiraca (1) e Paulo Jacinto (1) e tinham entre 34 e 84 anos. A primeira morte foi de um homem de 84 anos, que residia em Campo Alegre, era card\u00edaco e morreu na Santa Casa de Miseric\u00f3rdia de Macei\u00f3. A segunda morte ocorreu no Hospital Geral do Estado (HGE) e teve como v\u00edtima uma mulher de 78 anos, que residia em Paripueira e era diab\u00e9tica.<br><br>A terceira morte ocorreu Hospital Humanit\u00e9, na capital, e a v\u00edtima foi um homem de 34 anos, que residia em Macei\u00f3 e n\u00e3o tinha comorbidades. No HGE ocorreu a quarta morte, tendo como v\u00edtima uma mulher de 61 anos, que residia em Macei\u00f3 e n\u00e3o tinha relato de comorbidades. J\u00e1 a quinta morte ocorreu no Hospital Afra Barboza, em Arapiraca, e a v\u00edtima era uma mulher de 51 anos, hipertensa e diab\u00e9tica, que residia em Arapiraca. No Hospital da Mulher ocorreu a sexta morte, tendo como v\u00edtima um homem de 84 anos, que residia em Paulo Jacinto e era hipertenso e diab\u00e9tico. Com isso, Alagoas tem 64 \u00f3bitos por Covid-19.<\/p>\n\n\n\n<p><br>Os casos confirmados est\u00e3o distribu\u00eddos nas cidades de Macei\u00f3 (1.179), Marechal Deodoro (36), Rio Largo (31), Murici (25), Arapiraca (24), Satuba (19), Palmeira dos \u00cdndios (16), Uni\u00e3o dos Palmares (10), Junqueiro (6), S\u00e3o Miguel dos Campos (5), Maragogi (9), Barra de S\u00e3o Miguel (5), Santa Luzia do Norte (5), Pilar (5), S\u00e3o Sebasti\u00e3o (4), Pia\u00e7abu\u00e7u (4), Joaquim Gomes (3), Coruripe (3), Taquarana (3), Campo Alegre (3), S\u00e3o Miguel dos Milagres (2), Paripueira (2), Maribondo (2), Batalha (2), Capela (2), Porto Calvo (2), Porto Real do Col\u00e9gio (1), Lagoa da Canoa (1), Atalaia (1), Branquinha (1), Olho d\u2019\u00c1gua das Flores (1), Delmiro Gouveia (1), Jequi\u00e1 da Praia (1), Jaramataia (1), Boca da Mata (1), Vi\u00e7osa (1), Ibateguara (1), Barra de Santo Ant\u00f4nio (1), Anadia (1), Matriz do Camaragibe (1), Limoeiro de Anadia (1), Palestina (1), Penedo (1), Paulo Jacinto (1), Novo Lino (1), Coqueiro Seco (1), Teotonio Vilela (1), Col\u00f4nia Leopoldina (1) e Santana do Ipanema (1). As outras 11 pessoas que testaram positivo para a Covid-19 em Alagoas residem em Pernambuco, Distrito Federal, Rio de Janeiro e S\u00e3o Paulo.<br><br><strong>Leitos de Covid-19 do Estado \u2013<\/strong>&nbsp;Dos 430 leitos criados pela Secretaria de Estado da Sa\u00fade (Sesau) para atender, exclusivamente, pacientes com suspeita e confirma\u00e7\u00e3o de infec\u00e7\u00e3o pelo novo coronav\u00edrus, 195 estavam ocupados at\u00e9 as 13h deste domingo (03\/05), o que corresponde a 45% do total \u2013 60 pacientes est\u00e3o em leitos de UTI, dez em leitos intermedi\u00e1rios e 125 em enfermaria. Para acompanhar a evolu\u00e7\u00e3o da ocupa\u00e7\u00e3o dos leitos exclusivos para Covid-19,&nbsp;<a href=\"http:\/\/www.saude.al.gov.br\/leitos-para-enfrentamento-da-covid-19\/\" target=\"_blank\" rel=\"noreferrer noopener\"><strong>clique aqui<\/strong><\/a>.<br><br><strong>\u00d3bitos \u2013&nbsp;<\/strong>Alagoas tem 64 \u00f3bitos confirmados, sendo 45 do sexo masculino e 19 do feminino. Quarenta e tr\u00eas v\u00edtimas residiam em Macei\u00f3 e as outras 21 em Marechal Deodoro (2), Paripueira (2), S\u00e3o Miguel dos Milagres (1), Vi\u00e7osa (1), Anadia (1), Limoeiro de Anadia (1), Ibateguara (1), Maribondo (1), Matriz do Camaragibe (1), Murici (1), Lagoa da Canoa (1), Maragogi (1), Arapiraca (1) Uni\u00e3o dos Palmares (1), Campo Alegre (1), Paulo Jacinto (1), Delmiro Gouveia (1), S\u00e3o Paulo (1) e Pernambuco (1), segundo o Centro de Informa\u00e7\u00f5es Estrat\u00e9gicas de Vigil\u00e2ncia em Sa\u00fade (Cievs). A m\u00e9dia de idade \u00e9 de 64 anos, sendo a idade m\u00ednima 24 e a m\u00e1xima 91 anos.<br><br><strong>Rela\u00e7\u00e3o das mortes por Covid-19:<\/strong><\/p>\n\n\n\n<p><br>1\u00aa \u2013 31\/03 \u2013 Homem, 64 anos \u2013 Macei\u00f3 (AL)<br>2\u00aa \u2013 03\/04 \u2013 Homem, 78 anos \u2013 Macei\u00f3 (AL)<br>3\u00aa \u2013 08\/04 \u2013 Mulher, 77 anos \u2013 S\u00e3o Paulo (SP)<br>4\u00aa \u2013 12\/04 \u2013 Homem, 79 anos \u2013 Marechal Deodoro (AL)<br>5\u00aa \u2013 14\/04 \u2013 Homem, 48 anos \u2013 Macei\u00f3 (AL)<br>6\u00aa \u2013 17\/04 \u2013 Homem, 46 anos \u2013 Macei\u00f3 (AL)<br>7\u00aa \u2013 17\/04 \u2013 Homem, 40 anos \u2013 Macei\u00f3 (AL)<br>8\u00aa \u2013 18\/04 \u2013 Homem, 73 anos \u2013 Recife (PE)<br>9\u00aa \u2013 18\/04 \u2013 Mulher, 56 anos \u2013 S\u00e3o M. dos Milagres (AL)<br>10\u00aa \u2013 18\/04 \u2013 Mulher, 72 anos \u2013 Macei\u00f3 (AL)<br>11\u00aa \u2013 19\/04 \u2013 Mulher, 58 anos \u2013 Macei\u00f3 (AL)<br>12\u00aa \u2013 19\/04 \u2013 Mulher, 74 anos \u2013 Macei\u00f3 (AL)<br>13\u00aa \u2013 19\/04 \u2013 Homem, 83 anos \u2013 Macei\u00f3 (AL)<br>14\u00aa \u2013 19\/04 \u2013 Homem, 85 anos \u2013 Vi\u00e7osa (AL)<br>15\u00aa \u2013 19\/04 \u2013 Mulher, 63 anos \u2013 Ibateguara (AL)<br>16\u00aa \u2013 20\/04 \u2013 Mulher, 60 anos \u2013 Macei\u00f3 (AL)<br>17\u00aa \u2013 20\/04 \u2013 Homem, 67 anos \u2013 Macei\u00f3 (AL)<br>18\u00aa \u2013 20\/04 \u2013 Homem, 34 anos \u2013 Macei\u00f3 (AL)<br>19\u00aa \u2013 21\/04 \u2013 Homem, 24 anos \u2013 Macei\u00f3 (AL)<br>20\u00aa \u2013 22\/04 \u2013 Homem, 89 anos \u2013 Macei\u00f3 (AL)<br>21\u00aa \u2013 23\/04 \u2013 Homem, 80 anos \u2013 Paripueira (AL)<br>22\u00aa \u2013 23\/04 \u2013 Homem, 76 anos \u2013 Anadia (AL)<br>23\u00aa \u2013 24\/04 \u2013 Homem, 45 anos \u2013 Macei\u00f3 (AL)<br>24\u00aa \u2013 24\/04 \u2013 Feminino, 64 anos \u2013 Macei\u00f3 (AL)<br>25\u00aa \u2013 24\/04 \u2013 Homem, 54 anos \u2013 Limoeiro de Anadia (AL)<br>26\u00aa \u2013 24\/04 \u2013 Homem, 47 anos \u2013 Macei\u00f3 (AL)<br>27\u00aa \u2013 24\/04 \u2013 Mulher, 68 anos \u2013 Macei\u00f3 (AL)<br>28\u00aa \u2013 25\/04 \u2013 Homem, 87 anos \u2013 Maribondo (AL)<br>29\u00aa \u2013 25\/04 \u2013 Mulher, 60 anos \u2013 Marechal Deodoro (AL)<br>30\u00aa \u2013 26\/04 \u2013 Homem, 58 anos \u2013 Macei\u00f3 (AL)<br>31\u00aa \u2013 26\/04 \u2013 Homem, 63 anos \u2013 Macei\u00f3 (AL)<br>32\u00aa \u2013 26\/04 \u2013 Mulher, 68 anos \u2013 Matriz do Camaragibe (AL)<br>33\u00aa \u2013 27\/04 \u2013 Homem, 58 anos \u2013 Macei\u00f3 (AL)<br>34\u00aa \u2013 27\/04 \u2013 Homem, 44 anos \u2013 Macei\u00f3 (AL)<br>35\u00aa \u2013 28\/04 \u2013 Homem, 87 anos \u2013 Macei\u00f3 (AL)<br>36\u00aa \u2013 28\/04 \u2013 Homem, 74 anos \u2013 Macei\u00f3 (AL)<br>37\u00aa \u2013 29\/04 \u2013 Homem, 42 anos \u2013 Macei\u00f3 (AL)<br>38\u00aa \u2013 29\/04 \u2013 Homem, 83 anos \u2013 Macei\u00f3 (AL)<br>39\u00aa \u2013 29\/04 \u2013 Homem, 41 anos \u2013 Maragogi (AL)<br>40\u00aa \u2013 29\/04 \u2013 Mulher, 84 anos \u2013 Murici (AL)<br>41\u00aa \u2013 29\/04 \u2013 Homem, 51 anos \u2013 Lagoa da Canoa (AL)<br>42\u00aa \u2013 30\/04 \u2013 Homem, 25 anos \u2013 Macei\u00f3 (AL)<br>43\u00aa \u2013 30\/04 \u2013 Homem, 38 anos \u2013 Macei\u00f3 (AL)<br>44\u00aa \u2013 30\/04 \u2013 Homem, 64 anos \u2013 Macei\u00f3 (AL)<br>45\u00aa \u2013 30\/04 \u2013 Mulher, 45 anos \u2013 Macei\u00f3 (AL)<br>46\u00aa \u2013 30\/04 \u2013 Homem, 59 anos \u2013 Macei\u00f3 (AL)<br>47\u00aa \u2013 30\/04 \u2013 Homem, 41 anos \u2013 Macei\u00f3 (AL)<br>48\u00aa \u2013 1\u00ba\/05 \u2013 Mulher, 86 anos \u2013 Macei\u00f3 (AL)<br>49\u00aa \u2013 1\u00ba\/05 \u2013 Homem, 70 anos \u2013 Macei\u00f3 (AL)<br>50\u00aa \u2013 1\u00ba\/05 \u2013 Homem, 70 anos \u2013 Macei\u00f3 (AL)<br>51\u00aa \u2013 1\u00ba\/05 \u2013 Homem, 67 anos \u2013 Macei\u00f3 (AL)<br>52\u00aa \u2013 1\u00ba\/05 \u2013 Mulher, 52 anos \u2013 Macei\u00f3 (AL)<br>53\u00aa \u2013 1\u00ba\/05 \u2013 Homem, 85 anos \u2013 Macei\u00f3 (AL)<br>54\u00aa \u2013 2\/05 \u2013 Mulher, 91 anos \u2013 Uni\u00e3o dos Palmares (AL)<br>55\u00aa \u2013 2\/05 \u2013 Homem, 72 anos \u2013 Delmiro Gouveia (AL)<br>56\u00aa \u2013 2\/05 \u2013 Homem, 46 anos \u2013 Macei\u00f3 (AL)<br>57\u00aa \u2013 2\/05 \u2013 Homem, 69 anos \u2013 Macei\u00f3 (AL)<br>58\u00aa \u2013 2\/05 \u2013 Homem, 63 anos \u2013 Macei\u00f3 (AL)<br>59\u00aa \u2013 3\/05 \u2013 Homem, 84 anos \u2013 Campo Alegre (AL)<br>60\u00aa \u2013 3\/05 \u2013 Mulher, 78 anos \u2013 Paripueira (AL)<br>61\u00aa \u2013 3\/05 \u2013 Homem, 34 anos \u2013 Macei\u00f3 (AL)<br>62\u00aa \u2013 3\/05 \u2013 Mulher, 61 anos \u2013 Macei\u00f3 (AL)<br>63\u00aa \u2013 3\/05 \u2013 Mulher, 51 anos \u2013 Arapiraca (AL)<br>64\u00aa \u2013 2\/05 \u2013 Homem, 84 anos \u2013 Paulo Jacinto (AL)<\/p>\n\n\n\n<p>Assessoria<\/p>\n","protected":false},"excerpt":{"rendered":"<p>O Boletim Epidemiol\u00f3gico deste domingo (03\/05) confirma mais 70 casos de Covid-19 em Alagoas. Dessa forma, o<\/p>\n","protected":false},"author":1,"featured_media":10936,"comment_status":"open","ping_status":"open","sticky":false,"template":"","format":"standard","meta":{"footnotes":""},"categories":[4],"tags":[],"class_list":["post-11217","post","type-post","status-publish","format-standard","has-post-thumbnail","hentry","category-noticias"],"_links":{"self":[{"href":"https:\/\/4cantosalagoas.com.br\/portal\/wp-json\/wp\/v2\/posts\/11217","targetHints":{"allow":["GET"]}}],"collection":[{"href":"https:\/\/4cantosalagoas.com.br\/portal\/wp-json\/wp\/v2\/posts"}],"about":[{"href":"https:\/\/4cantosalagoas.com.br\/portal\/wp-json\/wp\/v2\/types\/post"}],"author":[{"embeddable":true,"href":"https:\/\/4cantosalagoas.com.br\/portal\/wp-json\/wp\/v2\/users\/1"}],"replies":[{"embeddable":true,"href":"https:\/\/4cantosalagoas.com.br\/portal\/wp-json\/wp\/v2\/comments?post=11217"}],"version-history":[{"count":1,"href":"https:\/\/4cantosalagoas.com.br\/portal\/wp-json\/wp\/v2\/posts\/11217\/revisions"}],"predecessor-version":[{"id":11218,"href":"https:\/\/4cantosalagoas.com.br\/portal\/wp-json\/wp\/v2\/posts\/11217\/revisions\/11218"}],"wp:featuredmedia":[{"embeddable":true,"href":"https:\/\/4cantosalagoas.com.br\/portal\/wp-json\/wp\/v2\/media\/10936"}],"wp:attachment":[{"href":"https:\/\/4cantosalagoas.com.br\/portal\/wp-json\/wp\/v2\/media?parent=11217"}],"wp:term":[{"taxonomy":"category","embeddable":true,"href":"https:\/\/4cantosalagoas.com.br\/portal\/wp-json\/wp\/v2\/categories?post=11217"},{"taxonomy":"post_tag","embeddable":true,"href":"https:\/\/4cantosalagoas.com.br\/portal\/wp-json\/wp\/v2\/tags?post=11217"}],"curies":[{"name":"wp","href":"https:\/\/api.w.org\/{rel}","templated":true}]}}