{"id":11212,"date":"2020-05-01T17:58:51","date_gmt":"2020-05-01T20:58:51","guid":{"rendered":"http:\/\/4cantosalagoas.com.br\/portal\/?p=11212"},"modified":"2020-05-01T17:58:57","modified_gmt":"2020-05-01T20:58:57","slug":"linhas-de-onibus-terao-itinerarios-suspensos-a-partir-desta-segunda","status":"publish","type":"post","link":"https:\/\/4cantosalagoas.com.br\/portal\/linhas-de-onibus-terao-itinerarios-suspensos-a-partir-desta-segunda\/","title":{"rendered":"Linhas de \u00f4nibus ter\u00e3o itiner\u00e1rios suspensos a partir desta segunda"},"content":{"rendered":"\n<figure class=\"wp-block-image\"><img fetchpriority=\"high\" decoding=\"async\" width=\"1024\" height=\"683\" src=\"https:\/\/i0.wp.com\/4cantosalagoas.com.br\/portal\/wp-content\/uploads\/2020\/05\/2m.jpg?fit=1024%2C683\" alt=\"\" class=\"wp-image-11213\" srcset=\"https:\/\/4cantosalagoas.com.br\/portal\/wp-content\/uploads\/2020\/05\/2m.jpg 1024w, https:\/\/4cantosalagoas.com.br\/portal\/wp-content\/uploads\/2020\/05\/2m-300x200.jpg 300w, https:\/\/4cantosalagoas.com.br\/portal\/wp-content\/uploads\/2020\/05\/2m-768x512.jpg 768w\" sizes=\"(max-width: 1024px) 100vw, 1024px\" \/><figcaption> <br>Linhas de \u00f4nibus ter\u00e3o itiner\u00e1rio modificado a partir desta segunda-feira (04). Foto: Pei Fon\/ Secom Macei\u00f3 <\/figcaption><\/figure>\n\n\n\n<p>Com a mudan\u00e7a, a linha 719 \u2013 Ch\u00e3 Nova\/ Ponta Verde substituir\u00e1 a 055 \u2013 Ch\u00e3 Nova\/ Centro (via Bebedouro). Os passageiros da linha 719 poder\u00e3o realizar a integra\u00e7\u00e3o temporal com as linhas 056 \u2013 Jo\u00e3o Sampaio\/ Centro, 102 \u2013 Jo\u00e3o Sampaio\/ Trapiche e 108 \u2013 Clima Bom\/ Trapiche (via Colina) ao chegarem ao Terminal do Jo\u00e3o Sampaio. Para efetuar a integra\u00e7\u00e3o temporal, o cidad\u00e3o dever\u00e1 estar com um Cart\u00e3o Bem Legal de qualquer modalidade em m\u00e3os, respeitando o prazo m\u00e1ximo de 90 minutos.<\/p>\n\n\n\n<p>J\u00e1 os usu\u00e1rios que normalmente usam a linha 059 \u2013 Rio Novo\/ Centro (via Bebedouro) poder\u00e3o utilizar as linhas 057 \u2013 Rio Novo\/ Centro (via Farol) e 715 \u2013 Rio Novo Ponta\/ Verde para se desolocar. Os moradores dos Residenciais Vale do Tocantins, Vale do Amazonas e Vale do S\u00e3o Francisco, no Rio Novo, tamb\u00e9m passar\u00e3o a ser atendidos pela linha 715 \u2013 Rio Novo Ponta\/ Verde. Ao chegarem ao Terminal da Colina, todos os passageiros ter\u00e3o ainda a op\u00e7\u00e3o de realizar a integra\u00e7\u00e3o fechada entre qualquer linha de \u00f4nibus do mesmo lote e seguir para diversos outros destinos de Macei\u00f3.<\/p>\n\n\n\n<p>Os cidad\u00e3os que diariamente utilizam a linha 060 \u2013 Ch\u00e3 da Jaqueira\/ Centro (via Bebedouro) v\u00e3o dispor das linhas 102 \u2013 Jo\u00e3o Sampaio\/ Trapiche e 710 \u2013 Ch\u00e3 da Jaqueira\/ Ponta Verde (via Boa Vista) para atend\u00ea-los. Com a altera\u00e7\u00e3o, os usu\u00e1rios da linha 710 poder\u00e3o realizar a integra\u00e7\u00e3o temporal com a linha 108 \u2013 Clima Bom\/ Trapiche (via Colina). Para realizar a integra\u00e7\u00e3o temporal, o passageiro dever\u00e1 estar com um Cart\u00e3o Bem Legal de qualquer modalidade em m\u00e3os, respeitando o prazo m\u00e1ximo de 90 minutos.<\/p>\n\n\n\n<p>Para os maceioenses que se locomovem usando a linha 064\u2013 Rosane Collor\/ Centro (via Bebedouro), a op\u00e7\u00e3o \u00e9 que utilizem as linhas 065 \u2013 Rosane Collor\/ Centro (via Farol) e 715 \u2013 Rosane Collor\/ Ponta Verde. Ao chegarem ao Terminal da Colina, os passageiros ter\u00e3o ainda a op\u00e7\u00e3o de realizar a integra\u00e7\u00e3o fechada entre qualquer linha de \u00f4nibus do mesmo lote e seguir para diversos outros destinos da capital alagoana.<\/p>\n\n\n\n<p>As linhas 065 \u2013 Rosane Collor \u2013 Centro (Farol) e 069 \u2013 Clima Bom\/ Centro (via Farol) substituir\u00e3o a linha 070 \u2013 Osman Loureiro\/ Centro (via Farol), j\u00e1 que elas t\u00eam o mesmo percurso e todas as viagens passam pelo terminal do Osman Loureiro tanto na ida quanto na volta.<\/p>\n\n\n\n<p>Para uma melhor divulga\u00e7\u00e3o e conhecimento da popula\u00e7\u00e3o sobre as altera\u00e7\u00f5es, informativos sobre as mudan\u00e7as foram fixados no interior dos coletivos.<\/p>\n\n\n\n<p>Ascom SMTT<\/p>\n","protected":false},"excerpt":{"rendered":"<p>Com a mudan\u00e7a, a linha 719 \u2013 Ch\u00e3 Nova\/ Ponta Verde substituir\u00e1 a 055 \u2013 Ch\u00e3 Nova\/<\/p>\n","protected":false},"author":1,"featured_media":11213,"comment_status":"open","ping_status":"open","sticky":false,"template":"","format":"standard","meta":{"footnotes":""},"categories":[60],"tags":[],"class_list":["post-11212","post","type-post","status-publish","format-standard","has-post-thumbnail","hentry","category-capa"],"_links":{"self":[{"href":"https:\/\/4cantosalagoas.com.br\/portal\/wp-json\/wp\/v2\/posts\/11212","targetHints":{"allow":["GET"]}}],"collection":[{"href":"https:\/\/4cantosalagoas.com.br\/portal\/wp-json\/wp\/v2\/posts"}],"about":[{"href":"https:\/\/4cantosalagoas.com.br\/portal\/wp-json\/wp\/v2\/types\/post"}],"author":[{"embeddable":true,"href":"https:\/\/4cantosalagoas.com.br\/portal\/wp-json\/wp\/v2\/users\/1"}],"replies":[{"embeddable":true,"href":"https:\/\/4cantosalagoas.com.br\/portal\/wp-json\/wp\/v2\/comments?post=11212"}],"version-history":[{"count":1,"href":"https:\/\/4cantosalagoas.com.br\/portal\/wp-json\/wp\/v2\/posts\/11212\/revisions"}],"predecessor-version":[{"id":11214,"href":"https:\/\/4cantosalagoas.com.br\/portal\/wp-json\/wp\/v2\/posts\/11212\/revisions\/11214"}],"wp:featuredmedia":[{"embeddable":true,"href":"https:\/\/4cantosalagoas.com.br\/portal\/wp-json\/wp\/v2\/media\/11213"}],"wp:attachment":[{"href":"https:\/\/4cantosalagoas.com.br\/portal\/wp-json\/wp\/v2\/media?parent=11212"}],"wp:term":[{"taxonomy":"category","embeddable":true,"href":"https:\/\/4cantosalagoas.com.br\/portal\/wp-json\/wp\/v2\/categories?post=11212"},{"taxonomy":"post_tag","embeddable":true,"href":"https:\/\/4cantosalagoas.com.br\/portal\/wp-json\/wp\/v2\/tags?post=11212"}],"curies":[{"name":"wp","href":"https:\/\/api.w.org\/{rel}","templated":true}]}}