{"id":11205,"date":"2020-05-01T17:48:41","date_gmt":"2020-05-01T20:48:41","guid":{"rendered":"http:\/\/4cantosalagoas.com.br\/portal\/?p=11205"},"modified":"2020-05-02T20:02:47","modified_gmt":"2020-05-02T23:02:47","slug":"alagoas-tem-1-226-casos-confirmados-da-covid-19-e-53-obitos","status":"publish","type":"post","link":"https:\/\/4cantosalagoas.com.br\/portal\/alagoas-tem-1-226-casos-confirmados-da-covid-19-e-53-obitos\/","title":{"rendered":"Alagoas tem 1.226 casos confirmados da Covid-19 e 53 \u00f3bitos"},"content":{"rendered":"\n<figure class=\"wp-block-image\"><img fetchpriority=\"high\" decoding=\"async\" width=\"496\" height=\"577\" src=\"http:\/\/4cantosalagoas.com.br\/portal\/wp-content\/uploads\/2020\/03\/corona.jpg\" alt=\"\" class=\"wp-image-10779\" srcset=\"https:\/\/4cantosalagoas.com.br\/portal\/wp-content\/uploads\/2020\/03\/corona.jpg 496w, https:\/\/4cantosalagoas.com.br\/portal\/wp-content\/uploads\/2020\/03\/corona-258x300.jpg 258w\" sizes=\"(max-width: 496px) 100vw, 496px\" \/><figcaption>Reprodu\u00e7\u00e3o<\/figcaption><\/figure>\n\n\n\n<p>O Boletim Epidemiol\u00f3gico desta sexta-feira (01\/05) confirma mais 181 casos de Covid-19 em Alagoas. Dessa forma, o estado tem um total de 1.226 casos confirmados do novo coronav\u00edrus at\u00e9 o momento, dos quais 824 est\u00e3o em isolamento domiciliar e 110 internados em leitos p\u00fablicos e privados, sendo 42 em UTI e 68 em enfermaria. Outros 239 pacientes j\u00e1 finalizaram o per\u00edodo de isolamento, n\u00e3o apresentam mais sintomas e, portanto, est\u00e3o recuperados da doen\u00e7a. H\u00e1 812 casos em investiga\u00e7\u00e3o laboratorial.<\/p>\n\n\n\n<p><br>Foram confirmadas laboratorialmente seis novas mortes ocorridas entre os dias 27 e 30 de abril, sendo quatro v\u00edtimas do sexo masculino e duas do feminino. Todas as v\u00edtimas residiam em Macei\u00f3 e tinham entre 52 e 86 anos. A primeira morte foi de uma mulher de 86 anos, que evoluiu para \u00f3bito no Hospital Geral do Estado (HGE) \u2013 ela era transplantada de f\u00edgado. A segunda morte ocorreu no Hospital Sanat\u00f3rio e teve como v\u00edtima um homem de 70 anos, que era diab\u00e9tico.<\/p>\n\n\n\n<p><br>A terceira morte ocorreu na Santa Casa de Miseric\u00f3rdia de Macei\u00f3: a v\u00edtima foi um homem de 70 anos e n\u00e3o havia relato de comorbidades. No Hospital Humanit\u00e9 ocorreu a quarta morte, tendo como v\u00edtima um homem de 67 anos, que era hipertenso. A quinta morte ocorreu na Unidade de Pronto Atendimento (UPA) do Trapiche, e a v\u00edtima era uma mulher de 52 anos, obesa e hipertensa. J\u00e1 o sexto \u00f3bito foi o de um homem de 85 anos, que era card\u00edaco e morreu na Santa Casa de Miseric\u00f3rdia de Macei\u00f3. Com isso, Alagoas tem 53 \u00f3bitos por Covid-19.<\/p>\n\n\n\n<p><br>Os casos confirmados est\u00e3o distribu\u00eddos nas cidades de Macei\u00f3 (1008), Marechal Deodoro (33), Rio Largo (27), Murici (20), Arapiraca (21), Satuba (17), Palmeira dos \u00cdndios (12), Junqueiro (6), S\u00e3o Miguel dos Campos (5), Maragogi (5), Uni\u00e3o dos Palmares (5), Santa Luzia do Norte (5), Pilar (5), Barra de S\u00e3o Miguel (4), S\u00e3o Sebasti\u00e3o (4), Porto Calvo (2), S\u00e3o Miguel dos Milagres (2), Maribondo (2), Coruripe (2), Taquarana (2), Batalha (2), Capela (2), Pia\u00e7abu\u00e7u (2), Lagoa da Canoa (1), Atalaia (1), Branquinha (1), Olho d\u2019\u00c1gua das Flores (1), Porto Real do Col\u00e9gio (1), Delmiro Gouveia (1), Boca da Mata (1), Vi\u00e7osa (1), Ibateguara (1), Barra de Santo Ant\u00f4nio (1), Anadia (1), Paripueira (1), Matriz do Camaragibe (1), Joaquim Gomes (1), Limoeiro de Anadia (1), Palestina (1), Penedo (1), Paulo Jacinto (1), Novo Lino (1), Col\u00f4nia Leopoldina (1), Santana do Ipanema (1) e Campo Alegre (1). As outras 11 pessoas que testaram positivo para a Covid-19 em Alagoas residem em Pernambuco, Distrito Federal, Rio de Janeiro e S\u00e3o Paulo.<br><br><strong>Leitos de Covid-19 do Estado \u2013<\/strong>&nbsp;Dos 400 leitos criados pela Secretaria de Estado da Sa\u00fade (Sesau) para atender, exclusivamente, pacientes com suspeita e confirma\u00e7\u00e3o de infec\u00e7\u00e3o pelo novo coronav\u00edrus, 152 estavam ocupados at\u00e9 as 13h desta sexta-feira (01\/05), o que corresponde a 38% do total \u2013 53 pacientes est\u00e3o em leitos de UTI, oito em leitos intermedi\u00e1rios e 91 em enfermaria. Para acompanhar a evolu\u00e7\u00e3o da ocupa\u00e7\u00e3o dos leitos p\u00fablicos exclusivos para Covid-19,&nbsp;<a href=\"http:\/\/www.saude.al.gov.br\/leitos-para-enfrentamento-da-covid-19\/\" target=\"_blank\" rel=\"noreferrer noopener\"><strong>clique aqui<\/strong><\/a>.<br><br><strong>\u00d3bitos \u2013&nbsp;<\/strong>Alagoas tem 53 \u00f3bitos confirmados, sendo 39 do sexo masculino e 14 do feminino. Trinta e oito v\u00edtimas residiam em Macei\u00f3 e as outras 15 em Marechal Deodoro (2), S\u00e3o Miguel dos Milagres (1), Vi\u00e7osa (1), Anadia (1), Limoeiro de Anadia (1), Paripueira (1), Ibateguara (1), Maribondo (1), Matriz do Camaragibe (1), Murici (1), Lagoa da Canoa (1), Maragogi (1), S\u00e3o Paulo (1) e Pernambuco (1), segundo o Centro de Informa\u00e7\u00f5es Estrat\u00e9gicas de Vigil\u00e2ncia em Sa\u00fade (Cievs). A m\u00e9dia de idade \u00e9 de 63 anos, sendo a idade m\u00ednima 24 e a m\u00e1xima 89 anos.<\/p>\n\n\n\n<p><br><strong>Rela\u00e7\u00e3o das mortes por Covid-19:<\/strong><br><br>1\u00aa \u2013 31\/03 \u2013 Homem, 64 anos \u2013 Macei\u00f3 (AL)<br>2\u00aa \u2013 03\/04 \u2013 Homem, 78 anos \u2013 Macei\u00f3 (AL)<br>3\u00aa \u2013 08\/04 \u2013 Mulher, 77 anos \u2013 S\u00e3o Paulo (SP)<br>4\u00aa \u2013 12\/04 \u2013 Homem, 79 anos \u2013 Marechal Deodoro (AL)<br>5\u00aa \u2013 14\/04 \u2013 Homem, 48 anos \u2013 Macei\u00f3 (AL)<br>6\u00aa \u2013 17\/04 \u2013 Homem, 46 anos \u2013 Macei\u00f3 (AL)<br>7\u00aa \u2013 17\/04 \u2013 Homem, 40 anos \u2013 Macei\u00f3 (AL)<br>8\u00aa \u2013 18\/04 \u2013 Homem, 73 anos \u2013 Recife (PE)<br>9\u00aa \u2013 18\/04 \u2013 Mulher, 56 anos \u2013 S\u00e3o M. dos Milagres (AL)<br>10\u00aa \u2013 18\/04 \u2013 Mulher, 72 anos \u2013 Macei\u00f3 (AL)<br>11\u00aa \u2013 19\/04 \u2013 Mulher, 58 anos \u2013 Macei\u00f3 (AL)<br>12\u00aa \u2013 19\/04 \u2013 Mulher, 74 anos \u2013 Macei\u00f3 (AL)<br>13\u00aa \u2013 19\/04 \u2013 Homem, 83 anos \u2013 Macei\u00f3 (AL)<br>14\u00aa \u2013 19\/04 \u2013 Homem, 85 anos \u2013 Vi\u00e7osa (AL)<br>15\u00aa \u2013 19\/04 \u2013 Mulher, 63 anos \u2013 Ibateguara (AL)<br>16\u00aa \u2013 20\/04 \u2013 Mulher, 60 anos \u2013 Macei\u00f3 (AL)<br>17\u00aa \u2013 20\/04 \u2013 Homem, 67 anos \u2013 Macei\u00f3 (AL)<br>18\u00aa \u2013 20\/04 \u2013 Homem, 34 anos \u2013 Macei\u00f3 (AL)<br>19\u00aa \u2013 21\/04 \u2013 Homem, 24 anos \u2013 Macei\u00f3 (AL)<br>20\u00aa \u2013 22\/04 \u2013 Homem, 89 anos \u2013 Macei\u00f3 (AL)<br>21\u00aa \u2013 23\/04 \u2013 Homem, 80 anos \u2013 Paripueira (AL)<br>22\u00aa \u2013 23\/04 \u2013 Homem, 76 anos \u2013 Anadia (AL)<br>23\u00aa \u2013 24\/04 \u2013 Homem, 45 anos \u2013 Macei\u00f3 (AL)<br>24\u00aa \u2013 24\/04 \u2013 Feminino, 64 anos \u2013 Macei\u00f3 (AL)<br>25\u00aa \u2013 24\/04 \u2013 Homem, 54 anos \u2013 Limoeiro de Anadia (AL)<br>26\u00aa \u2013 24\/04 \u2013 Homem, 47 anos \u2013 Macei\u00f3 (AL)<br>27\u00aa \u2013 24\/04 \u2013 Mulher, 68 anos \u2013 Macei\u00f3 (AL)<br>28\u00aa \u2013 25\/04 \u2013 Homem, 87 anos \u2013 Maribondo (AL)<br>29\u00aa \u2013 25\/04 \u2013 Mulher, 60 anos \u2013 Marechal Deodoro (AL)<br>30\u00aa \u2013 26\/04 \u2013 Homem, 58 anos \u2013 Macei\u00f3 (AL)<br>31\u00aa \u2013 26\/04 \u2013 Homem, 63 anos \u2013 Macei\u00f3 (AL)<br>32\u00aa \u2013 26\/04 \u2013 Mulher, 68 anos \u2013 Matriz do Camaragibe (AL)<br>33\u00aa \u2013 27\/04 \u2013 Homem, 58 anos \u2013 Macei\u00f3 (AL)<br>34\u00aa \u2013 27\/04 \u2013 Homem, 44 anos \u2013 Macei\u00f3 (AL)<br>35\u00aa \u2013 28\/04 \u2013 Homem, 87 anos \u2013 Macei\u00f3 (AL)<br>36\u00aa \u2013 28\/04 \u2013 Homem, 74 anos \u2013 Macei\u00f3 (AL)<br>37\u00aa \u2013 29\/04 \u2013 Homem, 42 anos \u2013 Macei\u00f3 (AL)<br>38\u00aa \u2013 29\/04 \u2013 Homem, 83 anos \u2013 Macei\u00f3 (AL)<br>39\u00aa \u2013 29\/04 \u2013 Homem, 41 anos \u2013 Maragogi (AL)<br>40\u00aa \u2013 29\/04 \u2013 Mulher, 84 anos \u2013 Murici (AL)<br>41\u00aa \u2013 29\/04 \u2013 Homem, 51 anos \u2013 Lagoa da Canoa (AL)<br>42\u00aa \u2013 30\/04 \u2013 Homem, 25 anos \u2013 Macei\u00f3 (AL)<br>43\u00aa \u2013 30\/04 \u2013 Homem, 38 anos \u2013 Macei\u00f3 (AL)<br>44\u00aa \u2013 30\/04 \u2013 Homem, 64 anos \u2013 Macei\u00f3 (AL)<br>45\u00aa \u2013 30\/04 \u2013 Mulher, 45 anos \u2013 Macei\u00f3 (AL)<br>46\u00aa \u2013 30\/04 \u2013 Homem, 59 anos \u2013 Macei\u00f3 (AL)<br>47\u00aa \u2013 30\/04 \u2013 Homem, 41 anos \u2013 Macei\u00f3 (AL)<br>48\u00aa \u2013 01\/05 \u2013 Mulher, 86 anos \u2013 Macei\u00f3 (AL)<br>49\u00aa \u2013 01\/05 \u2013 Homem, 70 anos \u2013 Macei\u00f3 (AL)<br>50\u00aa \u2013 01\/05 \u2013 Homem, 70 anos \u2013 Macei\u00f3 (AL)<br>51\u00aa \u2013 01\/05 \u2013 Homem, 67 anos \u2013 Macei\u00f3 (AL)<br>52\u00aa \u2013 01\/05 \u2013 Mulher, 52 anos \u2013 Macei\u00f3 (AL)<br>53\u00aa \u2013 01\/05 \u2013 Homem, 85 anos \u2013 Macei\u00f3 (AL)<br><br>*As datas acima se referem \u00e0 inclus\u00e3o dos \u00f3bitos confirmados no Boletim Epidemiol\u00f3gico do Cievs.<\/p>\n","protected":false},"excerpt":{"rendered":"<p>O Boletim Epidemiol\u00f3gico desta sexta-feira (01\/05) confirma mais 181 casos de Covid-19 em Alagoas. Dessa forma, o<\/p>\n","protected":false},"author":1,"featured_media":10779,"comment_status":"open","ping_status":"open","sticky":false,"template":"","format":"standard","meta":{"footnotes":""},"categories":[4],"tags":[],"class_list":["post-11205","post","type-post","status-publish","format-standard","has-post-thumbnail","hentry","category-noticias"],"_links":{"self":[{"href":"https:\/\/4cantosalagoas.com.br\/portal\/wp-json\/wp\/v2\/posts\/11205","targetHints":{"allow":["GET"]}}],"collection":[{"href":"https:\/\/4cantosalagoas.com.br\/portal\/wp-json\/wp\/v2\/posts"}],"about":[{"href":"https:\/\/4cantosalagoas.com.br\/portal\/wp-json\/wp\/v2\/types\/post"}],"author":[{"embeddable":true,"href":"https:\/\/4cantosalagoas.com.br\/portal\/wp-json\/wp\/v2\/users\/1"}],"replies":[{"embeddable":true,"href":"https:\/\/4cantosalagoas.com.br\/portal\/wp-json\/wp\/v2\/comments?post=11205"}],"version-history":[{"count":1,"href":"https:\/\/4cantosalagoas.com.br\/portal\/wp-json\/wp\/v2\/posts\/11205\/revisions"}],"predecessor-version":[{"id":11206,"href":"https:\/\/4cantosalagoas.com.br\/portal\/wp-json\/wp\/v2\/posts\/11205\/revisions\/11206"}],"wp:featuredmedia":[{"embeddable":true,"href":"https:\/\/4cantosalagoas.com.br\/portal\/wp-json\/wp\/v2\/media\/10779"}],"wp:attachment":[{"href":"https:\/\/4cantosalagoas.com.br\/portal\/wp-json\/wp\/v2\/media?parent=11205"}],"wp:term":[{"taxonomy":"category","embeddable":true,"href":"https:\/\/4cantosalagoas.com.br\/portal\/wp-json\/wp\/v2\/categories?post=11205"},{"taxonomy":"post_tag","embeddable":true,"href":"https:\/\/4cantosalagoas.com.br\/portal\/wp-json\/wp\/v2\/tags?post=11205"}],"curies":[{"name":"wp","href":"https:\/\/api.w.org\/{rel}","templated":true}]}}