{"id":11171,"date":"2020-04-27T19:11:04","date_gmt":"2020-04-27T22:11:04","guid":{"rendered":"http:\/\/4cantosalagoas.com.br\/portal\/?p=11171"},"modified":"2020-04-27T19:11:09","modified_gmt":"2020-04-27T22:11:09","slug":"policia-prende-dois-homens-por-latrocinio-em-pilar","status":"publish","type":"post","link":"https:\/\/4cantosalagoas.com.br\/portal\/policia-prende-dois-homens-por-latrocinio-em-pilar\/","title":{"rendered":"Pol\u00edcia prende dois homens por latroc\u00ednio em Pilar"},"content":{"rendered":"\n<figure class=\"wp-block-image\"><img fetchpriority=\"high\" decoding=\"async\" width=\"955\" height=\"716\" src=\"http:\/\/4cantosalagoas.com.br\/portal\/wp-content\/uploads\/2019\/02\/imagem-de-pol\u00edcia-civil.jpg\" alt=\"\" class=\"wp-image-6713\" srcset=\"https:\/\/4cantosalagoas.com.br\/portal\/wp-content\/uploads\/2019\/02\/imagem-de-pol\u00edcia-civil.jpg 955w, https:\/\/4cantosalagoas.com.br\/portal\/wp-content\/uploads\/2019\/02\/imagem-de-pol\u00edcia-civil-300x225.jpg 300w, https:\/\/4cantosalagoas.com.br\/portal\/wp-content\/uploads\/2019\/02\/imagem-de-pol\u00edcia-civil-768x576.jpg 768w, https:\/\/4cantosalagoas.com.br\/portal\/wp-content\/uploads\/2019\/02\/imagem-de-pol\u00edcia-civil-375x281.jpg 375w, https:\/\/4cantosalagoas.com.br\/portal\/wp-content\/uploads\/2019\/02\/imagem-de-pol\u00edcia-civil-465x349.jpg 465w, https:\/\/4cantosalagoas.com.br\/portal\/wp-content\/uploads\/2019\/02\/imagem-de-pol\u00edcia-civil-667x500.jpg 667w\" sizes=\"(max-width: 955px) 100vw, 955px\" \/><figcaption>Assessoria<\/figcaption><\/figure>\n\n\n\n<p>Ap\u00f3s quatro meses de investiga\u00e7\u00e3o da Pol\u00edcia Civil, dois homens de 23 e 35 anos foram presos, nesta segunda-feira (27), suspeitos de envolvimento em um crime de latroc\u00ednio ocorrido em dezembro de 2019, no munic\u00edpio do Pilar. A v\u00edtima foi assassinada a pedradas.<\/p>\n\n\n\n<p>A a\u00e7\u00e3o que resultou na pris\u00e3o dos dois foi realizada por policiais civis do 23\u00ba Distrito Policial do Pilar (23\u00ba DP) e militares do 8\u00ba Batalh\u00e3o, comandados pelo delegado Marcos Lins.<\/p>\n\n\n\n<p>De acordo com a investiga\u00e7\u00e3o da Pol\u00edcia Civil, a motiva\u00e7\u00e3o do crime foi que os acusados mataram Jos\u00e9 C\u00edcero Pais dos Santos para subtrair uma quantia em dinheiro que ele havia retirado, por empr\u00e9stimo, em um banco.<\/p>\n\n\n\n<p>Eles foram detidos em cumprimento a mandado de pris\u00e3o preventiva, expedido pela ju\u00edza Renata Malafaia.<\/p>\n\n\n\n<p>Depois de interrogados no Centro Integrado de Seguran\u00e7a P\u00fablica (CISP), de Pilar, pela equipe da Pol\u00edcia Civil, sob a coordena\u00e7\u00e3o do delegado Marcos Lins, os dois foram encaminhados para a Casa de Cust\u00f3dia onde dever\u00e3o permanecer \u00e0 disposi\u00e7\u00e3o da Justi\u00e7a.<\/p>\n\n\n\n<p>Assessoria<\/p>\n","protected":false},"excerpt":{"rendered":"<p>Ap\u00f3s quatro meses de investiga\u00e7\u00e3o da Pol\u00edcia Civil, dois homens de 23 e 35 anos foram presos,<\/p>\n","protected":false},"author":1,"featured_media":6713,"comment_status":"open","ping_status":"open","sticky":false,"template":"","format":"standard","meta":{"footnotes":""},"categories":[60],"tags":[],"class_list":["post-11171","post","type-post","status-publish","format-standard","has-post-thumbnail","hentry","category-capa"],"_links":{"self":[{"href":"https:\/\/4cantosalagoas.com.br\/portal\/wp-json\/wp\/v2\/posts\/11171","targetHints":{"allow":["GET"]}}],"collection":[{"href":"https:\/\/4cantosalagoas.com.br\/portal\/wp-json\/wp\/v2\/posts"}],"about":[{"href":"https:\/\/4cantosalagoas.com.br\/portal\/wp-json\/wp\/v2\/types\/post"}],"author":[{"embeddable":true,"href":"https:\/\/4cantosalagoas.com.br\/portal\/wp-json\/wp\/v2\/users\/1"}],"replies":[{"embeddable":true,"href":"https:\/\/4cantosalagoas.com.br\/portal\/wp-json\/wp\/v2\/comments?post=11171"}],"version-history":[{"count":1,"href":"https:\/\/4cantosalagoas.com.br\/portal\/wp-json\/wp\/v2\/posts\/11171\/revisions"}],"predecessor-version":[{"id":11172,"href":"https:\/\/4cantosalagoas.com.br\/portal\/wp-json\/wp\/v2\/posts\/11171\/revisions\/11172"}],"wp:featuredmedia":[{"embeddable":true,"href":"https:\/\/4cantosalagoas.com.br\/portal\/wp-json\/wp\/v2\/media\/6713"}],"wp:attachment":[{"href":"https:\/\/4cantosalagoas.com.br\/portal\/wp-json\/wp\/v2\/media?parent=11171"}],"wp:term":[{"taxonomy":"category","embeddable":true,"href":"https:\/\/4cantosalagoas.com.br\/portal\/wp-json\/wp\/v2\/categories?post=11171"},{"taxonomy":"post_tag","embeddable":true,"href":"https:\/\/4cantosalagoas.com.br\/portal\/wp-json\/wp\/v2\/tags?post=11171"}],"curies":[{"name":"wp","href":"https:\/\/api.w.org\/{rel}","templated":true}]}}