{"id":11157,"date":"2020-04-26T08:00:17","date_gmt":"2020-04-26T11:00:17","guid":{"rendered":"http:\/\/4cantosalagoas.com.br\/portal\/?p=11157"},"modified":"2020-04-26T08:00:23","modified_gmt":"2020-04-26T11:00:23","slug":"governo-isenta-cobranca-do-icms-em-contas-de-energia-para-consumidor-baixa-renda","status":"publish","type":"post","link":"https:\/\/4cantosalagoas.com.br\/portal\/governo-isenta-cobranca-do-icms-em-contas-de-energia-para-consumidor-baixa-renda\/","title":{"rendered":"Governo isenta cobran\u00e7a do ICMS em contas de energia para consumidor baixa renda"},"content":{"rendered":"\n<figure class=\"wp-block-image\"><img fetchpriority=\"high\" decoding=\"async\" width=\"633\" height=\"474\" src=\"http:\/\/4cantosalagoas.com.br\/portal\/wp-content\/uploads\/2020\/04\/ener.jpg\" alt=\"\" class=\"wp-image-11054\" srcset=\"https:\/\/4cantosalagoas.com.br\/portal\/wp-content\/uploads\/2020\/04\/ener.jpg 633w, https:\/\/4cantosalagoas.com.br\/portal\/wp-content\/uploads\/2020\/04\/ener-300x225.jpg 300w\" sizes=\"(max-width: 633px) 100vw, 633px\" \/><figcaption>Foto\/ Gl\u00e9cio Rodrigues<\/figcaption><\/figure>\n\n\n\n<p>Uma nova medida emergencial foi adotada pelo Governo de Alagoas diante do estado de calamidade p\u00fablica decorrente da pandemia do Coronav\u00edrus (Covid-19). Desta vez, referente ao setor el\u00e9trico beneficiando consumidores de baixa renda. Foi publicado no Di\u00e1rio Oficial do Estado (DOE), deste s\u00e1bado (25) um decreto que institui a isen\u00e7\u00e3o de cobran\u00e7a do Imposto sobre Circula\u00e7\u00e3o de Mercadorias e Servi\u00e7o (ICMS) no fornecimento de energia el\u00e9trica a consumidor integrante da subclasse residencial baixa renda.<\/p>\n\n\n\n<p>Clique&nbsp;<a href=\"http:\/\/gcs.sefaz.al.gov.br\/documentos\/visualizarDocumento.action?key=ho1klH1ajck%3D\" target=\"_blank\" rel=\"noreferrer noopener\">aqui<\/a>&nbsp;e confira o decreto.<\/p>\n\n\n\n<p>De acordo com a publica\u00e7\u00e3o, a parcela do consumo de energia el\u00e9trica inferior ou igual a 220 kWh\/m\u00eas ter\u00e1 desconto de 100% no imposto. Esta medida tempor\u00e1ria, que ter\u00e1 vig\u00eancia de 1\u00ba de abril a 30 de junho de 2020, deve beneficiar mais de 200 mil fam\u00edlias baixa renda em Alagoas neste per\u00edodo.<\/p>\n\n\n\n<p>J\u00e1 a partir de julho de 2020, as opera\u00e7\u00f5es relativas ao fornecimento de energia el\u00e9trica, quando o consumo mensal n\u00e3o exceda a faixa de 100 quilowatts\/hora, a isen\u00e7\u00e3o de ICMS ser\u00e1 de forma definitiva, beneficiando mais de 130 mil fam\u00edlias no estado.<\/p>\n\n\n\n<p>Segundo o Secret\u00e1rio de Estado da Fazenda de Alagoas, George Santoro, esta \u00e9 mais uma das medidas que o Governo vem adotando para diminuir os impactos da crise provocada pela Covid-19. \u201cSem d\u00favida \u00e9 um benef\u00edcio que far\u00e1 diferen\u00e7a neste momento para popula\u00e7\u00e3o baixa renda em Alagoas que j\u00e1 vem sentindo os reflexos da pandemia\u201d, colocou.<\/p>\n\n\n\n<p>Para ter o benef\u00edcio, \u00e9 necess\u00e1rio o consumidor estar enquadrado nos termos da Lei Federal n\u00ba 12.212, de 20 de janeiro de 2010, que disp\u00f5e sobre a Tarifa Social de Energia El\u00e9trica, sendo aplicada para as unidades consumidoras classificadas na Subclasse Residencial Baixa Renda.<\/p>\n\n\n\n<p>Os moradores dever\u00e3o pertencer a uma fam\u00edlia inscrita no Cadastro \u00danico para Programas Sociais do Governo Federal &#8211; Cad\u00danico, com renda familiar mensal per capita menor ou igual a meio sal\u00e1rio m\u00ednimo nacional ou tenham entre seus moradores quem receba o benef\u00edcio de presta\u00e7\u00e3o continuada da assist\u00eancia social.<\/p>\n\n\n\n<p>Assessoria<\/p>\n","protected":false},"excerpt":{"rendered":"<p>Uma nova medida emergencial foi adotada pelo Governo de Alagoas diante do estado de calamidade p\u00fablica decorrente<\/p>\n","protected":false},"author":1,"featured_media":11054,"comment_status":"open","ping_status":"open","sticky":false,"template":"","format":"standard","meta":{"footnotes":""},"categories":[5],"tags":[],"class_list":["post-11157","post","type-post","status-publish","format-standard","has-post-thumbnail","hentry","category-maceio"],"_links":{"self":[{"href":"https:\/\/4cantosalagoas.com.br\/portal\/wp-json\/wp\/v2\/posts\/11157","targetHints":{"allow":["GET"]}}],"collection":[{"href":"https:\/\/4cantosalagoas.com.br\/portal\/wp-json\/wp\/v2\/posts"}],"about":[{"href":"https:\/\/4cantosalagoas.com.br\/portal\/wp-json\/wp\/v2\/types\/post"}],"author":[{"embeddable":true,"href":"https:\/\/4cantosalagoas.com.br\/portal\/wp-json\/wp\/v2\/users\/1"}],"replies":[{"embeddable":true,"href":"https:\/\/4cantosalagoas.com.br\/portal\/wp-json\/wp\/v2\/comments?post=11157"}],"version-history":[{"count":1,"href":"https:\/\/4cantosalagoas.com.br\/portal\/wp-json\/wp\/v2\/posts\/11157\/revisions"}],"predecessor-version":[{"id":11158,"href":"https:\/\/4cantosalagoas.com.br\/portal\/wp-json\/wp\/v2\/posts\/11157\/revisions\/11158"}],"wp:featuredmedia":[{"embeddable":true,"href":"https:\/\/4cantosalagoas.com.br\/portal\/wp-json\/wp\/v2\/media\/11054"}],"wp:attachment":[{"href":"https:\/\/4cantosalagoas.com.br\/portal\/wp-json\/wp\/v2\/media?parent=11157"}],"wp:term":[{"taxonomy":"category","embeddable":true,"href":"https:\/\/4cantosalagoas.com.br\/portal\/wp-json\/wp\/v2\/categories?post=11157"},{"taxonomy":"post_tag","embeddable":true,"href":"https:\/\/4cantosalagoas.com.br\/portal\/wp-json\/wp\/v2\/tags?post=11157"}],"curies":[{"name":"wp","href":"https:\/\/api.w.org\/{rel}","templated":true}]}}