{"id":11148,"date":"2020-04-24T15:57:25","date_gmt":"2020-04-24T18:57:25","guid":{"rendered":"http:\/\/4cantosalagoas.com.br\/portal\/?p=11148"},"modified":"2020-04-24T15:57:29","modified_gmt":"2020-04-24T18:57:29","slug":"policia-civil-prende-ultimo-envolvido-em-homicidio-em-chacara-no-pilar","status":"publish","type":"post","link":"https:\/\/4cantosalagoas.com.br\/portal\/policia-civil-prende-ultimo-envolvido-em-homicidio-em-chacara-no-pilar\/","title":{"rendered":"Pol\u00edcia Civil prende \u00faltimo envolvido em homic\u00eddio em ch\u00e1cara no Pilar"},"content":{"rendered":"\n<figure class=\"wp-block-image\"><img fetchpriority=\"high\" decoding=\"async\" width=\"859\" height=\"783\" src=\"http:\/\/4cantosalagoas.com.br\/portal\/wp-content\/uploads\/2020\/02\/pc.jpg\" alt=\"\" class=\"wp-image-10283\" srcset=\"https:\/\/4cantosalagoas.com.br\/portal\/wp-content\/uploads\/2020\/02\/pc.jpg 859w, https:\/\/4cantosalagoas.com.br\/portal\/wp-content\/uploads\/2020\/02\/pc-300x273.jpg 300w, https:\/\/4cantosalagoas.com.br\/portal\/wp-content\/uploads\/2020\/02\/pc-768x700.jpg 768w\" sizes=\"(max-width: 859px) 100vw, 859px\" \/><figcaption>Policia Civil Assessoria<\/figcaption><\/figure>\n\n\n\n<p>Agentes do N\u00facleo de Intelig\u00eancia da Divis\u00e3o Especial de Investiga\u00e7\u00e3o e Capturas (Deic), da Pol\u00edcia Civil, sob a coordena\u00e7\u00e3o do delegado Gustavo Henrique, prenderam, na tarde desta quinta-feira (23),no bairro do Jacintinho, um homem de 34 anos acusado da pr\u00e1tica do crime de homic\u00eddio. Ele foi o \u00faltimo acusado a ser preso dentre os tr\u00eas que participaram do grave crime, ocorrido no ano passado na cidade do Pilar.<\/p>\n\n\n\n<p>Na manh\u00e3 de 14 de agosto de 2019, Alu\u00edsio Domingos Carvalho, de 53 anos, foi executado a tiros em uma ch\u00e1cara, localizada no Alto do Cruzeiro, no munic\u00edpio de Pilar.<\/p>\n\n\n\n<p>\u201cO preso tem antecedentes criminais pelo delito de homic\u00eddio na sua forma tentada, fato ocorrido em 2014, e pelo antigo crime de quadrilha ou bando (hoje, associa\u00e7\u00e3o criminosa), fato ocorrido em 2016, o que evidencia a contum\u00e1cia desse indiv\u00edduo em pr\u00e1ticas criminosas\u201d, frisou o delegado Gustavo Henrique.<\/p>\n\n\n\n<p>A autoridade policial disse ainda que essa \u00e9 mais uma pris\u00e3o que faz parte de um conjunto de a\u00e7\u00f5es constantes da Deic no sentido de prender criminosos foragidos e perigosos, envolvidos especialmente em crimes graves como homic\u00eddio, tr\u00e1fico de drogas, roubo, estupro, organiza\u00e7\u00e3o criminosa, dentre outros, conforme orienta\u00e7\u00e3o do secret\u00e1rio de Seguran\u00e7a P\u00fablica, coronel Lima J\u00fanior, e do delegado-geral da Pol\u00edcia Civil, Paulo Cerqueira.<\/p>\n\n\n\n<p>A a\u00e7\u00e3o contou com a participa\u00e7\u00e3o de policiais civis do 23\u00ba Distrito Policial do munic\u00edpio de Pilar, local onde o crime foi cometido.<\/p>\n\n\n\n<p>O preso foi conduzido para a sede da Deic e, ap\u00f3s a ado\u00e7\u00e3o dos procedimentos legais cab\u00edveis, foi encaminhado para o sistema prisional, onde permanecer\u00e1 a disposi\u00e7\u00e3o da Justi\u00e7a.<\/p>\n\n\n\n<p>Assessoria<\/p>\n","protected":false},"excerpt":{"rendered":"<p>Agentes do N\u00facleo de Intelig\u00eancia da Divis\u00e3o Especial de Investiga\u00e7\u00e3o e Capturas (Deic), da Pol\u00edcia Civil, sob<\/p>\n","protected":false},"author":1,"featured_media":10283,"comment_status":"open","ping_status":"open","sticky":false,"template":"","format":"standard","meta":{"footnotes":""},"categories":[60],"tags":[],"class_list":["post-11148","post","type-post","status-publish","format-standard","has-post-thumbnail","hentry","category-capa"],"_links":{"self":[{"href":"https:\/\/4cantosalagoas.com.br\/portal\/wp-json\/wp\/v2\/posts\/11148","targetHints":{"allow":["GET"]}}],"collection":[{"href":"https:\/\/4cantosalagoas.com.br\/portal\/wp-json\/wp\/v2\/posts"}],"about":[{"href":"https:\/\/4cantosalagoas.com.br\/portal\/wp-json\/wp\/v2\/types\/post"}],"author":[{"embeddable":true,"href":"https:\/\/4cantosalagoas.com.br\/portal\/wp-json\/wp\/v2\/users\/1"}],"replies":[{"embeddable":true,"href":"https:\/\/4cantosalagoas.com.br\/portal\/wp-json\/wp\/v2\/comments?post=11148"}],"version-history":[{"count":1,"href":"https:\/\/4cantosalagoas.com.br\/portal\/wp-json\/wp\/v2\/posts\/11148\/revisions"}],"predecessor-version":[{"id":11149,"href":"https:\/\/4cantosalagoas.com.br\/portal\/wp-json\/wp\/v2\/posts\/11148\/revisions\/11149"}],"wp:featuredmedia":[{"embeddable":true,"href":"https:\/\/4cantosalagoas.com.br\/portal\/wp-json\/wp\/v2\/media\/10283"}],"wp:attachment":[{"href":"https:\/\/4cantosalagoas.com.br\/portal\/wp-json\/wp\/v2\/media?parent=11148"}],"wp:term":[{"taxonomy":"category","embeddable":true,"href":"https:\/\/4cantosalagoas.com.br\/portal\/wp-json\/wp\/v2\/categories?post=11148"},{"taxonomy":"post_tag","embeddable":true,"href":"https:\/\/4cantosalagoas.com.br\/portal\/wp-json\/wp\/v2\/tags?post=11148"}],"curies":[{"name":"wp","href":"https:\/\/api.w.org\/{rel}","templated":true}]}}