{"id":11126,"date":"2020-04-22T18:18:12","date_gmt":"2020-04-22T21:18:12","guid":{"rendered":"http:\/\/4cantosalagoas.com.br\/portal\/?p=11126"},"modified":"2020-04-22T18:18:18","modified_gmt":"2020-04-22T21:18:18","slug":"alagoas-tem-243-casos-da-covid-19-20-obitos-e-74-curados","status":"publish","type":"post","link":"https:\/\/4cantosalagoas.com.br\/portal\/alagoas-tem-243-casos-da-covid-19-20-obitos-e-74-curados\/","title":{"rendered":"Alagoas tem 243 casos da Covid-19, 20 \u00f3bitos e 74 curados"},"content":{"rendered":"\n<figure class=\"wp-block-image\"><img fetchpriority=\"high\" decoding=\"async\" width=\"616\" height=\"420\" src=\"http:\/\/4cantosalagoas.com.br\/portal\/wp-content\/uploads\/2020\/04\/cond.jpg\" alt=\"\" class=\"wp-image-10936\" srcset=\"https:\/\/4cantosalagoas.com.br\/portal\/wp-content\/uploads\/2020\/04\/cond.jpg 616w, https:\/\/4cantosalagoas.com.br\/portal\/wp-content\/uploads\/2020\/04\/cond-300x205.jpg 300w\" sizes=\"(max-width: 616px) 100vw, 616px\" \/><figcaption>Reprodu\u00e7\u00e3o<\/figcaption><\/figure>\n\n\n\n<p>O Boletim Epidemiol\u00f3gico desta quarta-feira (22\/04) confirma mais 33 casos de Covid-19 em Alagoas. Dessa forma, o Estado tem um total de 243 casos confirmados do novo coronav\u00edrus at\u00e9 o momento, dos quais 126 est\u00e3o em isolamento domiciliar e 23 internados em leitos p\u00fablicos e privados.&nbsp;Outros 74 pacientes j\u00e1 finalizaram o per\u00edodo de isolamento, n\u00e3o apresentam mais sintomas e, portanto, est\u00e3o recuperados da doen\u00e7a. H\u00e1 332 casos em investiga\u00e7\u00e3o laboratorial.<\/p>\n\n\n\n<p><br>Uma nova morte foi confirmada laboratorialmente. A v\u00edtima era um homem, de 89 anos, que residia em Macei\u00f3 e veio a \u00f3bito no Hospital da Mulher Dra. Nise da Silveira. A v\u00edtima tinha mal de Parkinson, era cardiopata e possu\u00eda sequelas de um Acidente Vascular Cerebral (AVC). Com isso, o Estado contabiliza 20 mortes por Covid-19.<br><br>Os casos confirmados est\u00e3o distribu\u00eddos nas cidades de Macei\u00f3 (205), Marechal Deodoro (6), Rio Largo (5), Arapiraca (3), Pilar (3), Palmeira dos \u00cdndios (2), Murici (2), Porto Real do Col\u00e9gio (1), Satuba (1), Boca da Mata (1), Uni\u00e3o dos Palmares (1), S\u00e3o Miguel dos Milagres (1), Vi\u00e7osa (1), Ibateguara (1), Capela (1) e Maribondo (1). As outras oito pessoas que testaram positivo para a Covid-19 em Alagoas residem em Pernambuco (1), Rio de Janeiro (2), Bras\u00edlia (2) e S\u00e3o Paulo (3).<br><br><strong>Leitos de Covid-19\u00a0do Estado\u00a0\u2013\u00a0<\/strong>Dos\u00a0339 leitos criados pela Secretaria de Estado da Sa\u00fade (Sesau) para atender, exclusivamente, pacientes com suspeita e confirma\u00e7\u00e3o de infec\u00e7\u00e3o pelo novo coronav\u00edrus, 55 estavam ocupados at\u00e9\u00a0as\u00a013h desta quarta-feira (22\/04), o que corresponde a 16%\u00a0do total \u2013\u00a024 pacientes est\u00e3o em leitos de UTI,\u00a001\u00a0em UTI Intermedi\u00e1ria e 30 em leitos cl\u00ednicos.<br><br>Desses,\u00a048 est\u00e3o\u00a0internados\u00a0em Macei\u00f3, quatro em Arapiraca e tr\u00eas\u00a0em\u00a0Coruripe,\u00a0segundo\u00a0dados da Central de Regula\u00e7\u00e3o de Leitos da Sesau. Para acompanhar a evolu\u00e7\u00e3o da ocupa\u00e7\u00e3o dos leitos\u00a0exclusivos para\u00a0Covid-19,\u00a0<a rel=\"noreferrer noopener\" href=\"http:\/\/www.saude.al.gov.br\/leitos-para-enfrentamento-da-covid-19\/\" target=\"_blank\"><strong>clique\u00a0aqui<\/strong><\/a>.<br><br><strong>\u00d3bitos \u2013\u00a0<\/strong>Alagoas tem\u00a020 \u00f3bitos confirmados,\u00a0sendo\u00a013 do sexo masculino e sete do feminino. Catorze v\u00edtimas residiam em Macei\u00f3 e as outras seis em Marechal Deodoro (1), S\u00e3o Paulo (1), S\u00e3o Miguel dos Milagres (1), Recife (1), Vi\u00e7osa (1) e Ibateguara (1), segundo o Centro de Informa\u00e7\u00f5es Estrat\u00e9gicas de Vigil\u00e2ncia em Sa\u00fade (Cievs).\u00a0A\u00a0m\u00e9dia\u00a0de idade\u00a0\u00e9 de 66 anos, sendo a idade m\u00ednima 24 e a m\u00e1xima 89\u00a0anos.<br><br><strong>Rela\u00e7\u00e3o das mortes por Covid-19:<\/strong><br><br>1\u00aa &#8211; 31\/03 \u2013 Homem, 64 anos \u2013 Macei\u00f3 (AL)<br>2\u00aa &#8211; 03\/04 \u2013 Homem, 78 anos \u2013 Macei\u00f3 (AL)<br>3\u00aa &#8211; 08\/04 \u2013 Mulher, 77 anos \u2013 S\u00e3o Paulo (SP)<br>4\u00aa &#8211; 12\/04 \u2013 Homem, 79 anos \u2013 Marechal Deodoro (AL)<br>5\u00aa &#8211; 14\/04 \u2013 Homem, 48 anos \u2013 Macei\u00f3 (AL)<br>6\u00aa &#8211; 17\/04 \u2013 Homem, 46 anos \u2013 Macei\u00f3 (AL)<br>7\u00aa &#8211; 17\/04 \u2013 Homem, 40 anos \u2013 Macei\u00f3 (AL)<br>8\u00aa &#8211; 18\/04 \u2013 Homem, 73 anos \u2013 Recife (PE)<br>9\u00aa &#8211; 18\/04 \u2013 Mulher, 56 anos \u2013 S\u00e3o Miguel dos Milagres (AL)<br>10\u00aa &#8211; 18\/04 \u2013 Mulher, 72 anos \u2013 Macei\u00f3 (AL)<br>11\u00aa &#8211; 19\/04 \u2013 Mulher, 58 anos \u2013 Macei\u00f3 (AL)<br>12\u00aa &#8211; 19\/04 \u2013 Mulher, 74 anos \u2013 Macei\u00f3 (AL)<br>13\u00aa &#8211; 19\/04 \u2013 Homem, 83 anos \u2013 Macei\u00f3 (AL)<br>14\u00aa &#8211; 19\/04 \u2013 Homem, 85 anos \u2013 Vi\u00e7osa (AL)<br>15\u00aa &#8211; 19\/04 \u2013 Mulher, 63 anos \u2013 Ibateguara (AL)<br>16\u00aa &#8211; 20\/04 \u2013 Mulher, 60 anos \u2013 Macei\u00f3 (AL)<br>17\u00aa &#8211; 20\/04 \u2013 Homem, 67 anos \u2013 Macei\u00f3 (AL)<br>18\u00aa &#8211; 20\/04 \u2013 Homem, 34 anos \u2013 Macei\u00f3 (AL)<br>19\u00aa &#8211; 21\/04 \u2013 Homem, 24 anos \u2013 Macei\u00f3 (AL)<br>20\u00aa &#8211; 22\/04 \u2013 Homem, 89 anos \u2013 Macei\u00f3 (AL)<br><br>*As datas acima se referem \u00e0 inclus\u00e3o dos \u00f3bitos confirmados no Boletim Epidemiol\u00f3gico do CIEVS.<\/p>\n\n\n\n<p>Assessoria<\/p>\n","protected":false},"excerpt":{"rendered":"<p>O Boletim Epidemiol\u00f3gico desta quarta-feira (22\/04) confirma mais 33 casos de Covid-19 em Alagoas. Dessa forma, o<\/p>\n","protected":false},"author":1,"featured_media":10936,"comment_status":"open","ping_status":"open","sticky":false,"template":"","format":"standard","meta":{"footnotes":""},"categories":[60],"tags":[],"class_list":["post-11126","post","type-post","status-publish","format-standard","has-post-thumbnail","hentry","category-capa"],"_links":{"self":[{"href":"https:\/\/4cantosalagoas.com.br\/portal\/wp-json\/wp\/v2\/posts\/11126","targetHints":{"allow":["GET"]}}],"collection":[{"href":"https:\/\/4cantosalagoas.com.br\/portal\/wp-json\/wp\/v2\/posts"}],"about":[{"href":"https:\/\/4cantosalagoas.com.br\/portal\/wp-json\/wp\/v2\/types\/post"}],"author":[{"embeddable":true,"href":"https:\/\/4cantosalagoas.com.br\/portal\/wp-json\/wp\/v2\/users\/1"}],"replies":[{"embeddable":true,"href":"https:\/\/4cantosalagoas.com.br\/portal\/wp-json\/wp\/v2\/comments?post=11126"}],"version-history":[{"count":1,"href":"https:\/\/4cantosalagoas.com.br\/portal\/wp-json\/wp\/v2\/posts\/11126\/revisions"}],"predecessor-version":[{"id":11127,"href":"https:\/\/4cantosalagoas.com.br\/portal\/wp-json\/wp\/v2\/posts\/11126\/revisions\/11127"}],"wp:featuredmedia":[{"embeddable":true,"href":"https:\/\/4cantosalagoas.com.br\/portal\/wp-json\/wp\/v2\/media\/10936"}],"wp:attachment":[{"href":"https:\/\/4cantosalagoas.com.br\/portal\/wp-json\/wp\/v2\/media?parent=11126"}],"wp:term":[{"taxonomy":"category","embeddable":true,"href":"https:\/\/4cantosalagoas.com.br\/portal\/wp-json\/wp\/v2\/categories?post=11126"},{"taxonomy":"post_tag","embeddable":true,"href":"https:\/\/4cantosalagoas.com.br\/portal\/wp-json\/wp\/v2\/tags?post=11126"}],"curies":[{"name":"wp","href":"https:\/\/api.w.org\/{rel}","templated":true}]}}