{"id":11090,"date":"2020-04-17T19:38:25","date_gmt":"2020-04-17T22:38:25","guid":{"rendered":"http:\/\/4cantosalagoas.com.br\/portal\/?p=11090"},"modified":"2020-04-17T19:38:31","modified_gmt":"2020-04-17T22:38:31","slug":"policia-civil-emite-nota-de-pesar-pela-morte-de-perita-medica-legista-de-alagoas","status":"publish","type":"post","link":"https:\/\/4cantosalagoas.com.br\/portal\/policia-civil-emite-nota-de-pesar-pela-morte-de-perita-medica-legista-de-alagoas\/","title":{"rendered":"Pol\u00edcia Civil emite nota de pesar pela morte de perita m\u00e9dica legista de Alagoas"},"content":{"rendered":"\n<figure class=\"wp-block-image\"><img fetchpriority=\"high\" decoding=\"async\" width=\"500\" height=\"411\" src=\"http:\/\/4cantosalagoas.com.br\/portal\/wp-content\/uploads\/2020\/04\/5p.jpg\" alt=\"\" class=\"wp-image-11091\" srcset=\"https:\/\/4cantosalagoas.com.br\/portal\/wp-content\/uploads\/2020\/04\/5p.jpg 500w, https:\/\/4cantosalagoas.com.br\/portal\/wp-content\/uploads\/2020\/04\/5p-300x247.jpg 300w\" sizes=\"(max-width: 500px) 100vw, 500px\" \/><figcaption>Assessoria<\/figcaption><\/figure>\n\n\n\n<p>A Pol\u00edcia Civil, com pesar, se solidariza com todos os integrantes da Per\u00edcia Oficial do Estado de Alagoas pelo falecimento da perita m\u00e9dica legista Isabel Cristina da Silva Ara\u00fajo.<\/p>\n\n\n\n<p>Isabel Cristina tinha 54 anos e morreu em fun\u00e7\u00e3o de um acidente de tr\u00e2nsito, ocorrido na manh\u00e3 desta sexta-feira (17), num trecho da rodovia BR 424, no munic\u00edpio de Marechal Deodoro.<\/p>\n\n\n\n<p>\u00a0\u201cAo tempo em que a Pol\u00edcia Civil de Alagoas se solidariza com todos os demais integrantes da Per\u00edcia Oficial alagoana, esperamos que Deus conforte a fam\u00edlia da perita m\u00e9dica Isabel Cristina e proteja a todos os componentes das institui\u00e7\u00f5es que fazem parte da Seguran\u00e7a P\u00fablica em nosso Estado\u201d, \u00a0disse o delegado-geral Paulo Cerqueira.<\/p>\n\n\n\n<p>Assessoria<\/p>\n","protected":false},"excerpt":{"rendered":"<p>A Pol\u00edcia Civil, com pesar, se solidariza com todos os integrantes da Per\u00edcia Oficial do Estado de<\/p>\n","protected":false},"author":1,"featured_media":11091,"comment_status":"open","ping_status":"open","sticky":false,"template":"","format":"standard","meta":{"footnotes":""},"categories":[11],"tags":[],"class_list":["post-11090","post","type-post","status-publish","format-standard","has-post-thumbnail","hentry","category-policia"],"_links":{"self":[{"href":"https:\/\/4cantosalagoas.com.br\/portal\/wp-json\/wp\/v2\/posts\/11090","targetHints":{"allow":["GET"]}}],"collection":[{"href":"https:\/\/4cantosalagoas.com.br\/portal\/wp-json\/wp\/v2\/posts"}],"about":[{"href":"https:\/\/4cantosalagoas.com.br\/portal\/wp-json\/wp\/v2\/types\/post"}],"author":[{"embeddable":true,"href":"https:\/\/4cantosalagoas.com.br\/portal\/wp-json\/wp\/v2\/users\/1"}],"replies":[{"embeddable":true,"href":"https:\/\/4cantosalagoas.com.br\/portal\/wp-json\/wp\/v2\/comments?post=11090"}],"version-history":[{"count":1,"href":"https:\/\/4cantosalagoas.com.br\/portal\/wp-json\/wp\/v2\/posts\/11090\/revisions"}],"predecessor-version":[{"id":11092,"href":"https:\/\/4cantosalagoas.com.br\/portal\/wp-json\/wp\/v2\/posts\/11090\/revisions\/11092"}],"wp:featuredmedia":[{"embeddable":true,"href":"https:\/\/4cantosalagoas.com.br\/portal\/wp-json\/wp\/v2\/media\/11091"}],"wp:attachment":[{"href":"https:\/\/4cantosalagoas.com.br\/portal\/wp-json\/wp\/v2\/media?parent=11090"}],"wp:term":[{"taxonomy":"category","embeddable":true,"href":"https:\/\/4cantosalagoas.com.br\/portal\/wp-json\/wp\/v2\/categories?post=11090"},{"taxonomy":"post_tag","embeddable":true,"href":"https:\/\/4cantosalagoas.com.br\/portal\/wp-json\/wp\/v2\/tags?post=11090"}],"curies":[{"name":"wp","href":"https:\/\/api.w.org\/{rel}","templated":true}]}}