{"id":11053,"date":"2020-04-15T07:42:23","date_gmt":"2020-04-15T10:42:23","guid":{"rendered":"http:\/\/4cantosalagoas.com.br\/portal\/?p=11053"},"modified":"2020-04-15T07:43:03","modified_gmt":"2020-04-15T10:43:03","slug":"ate-220-kwh-isencao-de-tarifa-de-energia-ja-esta-valendo-para-os-clientes-da-equatorial","status":"publish","type":"post","link":"https:\/\/4cantosalagoas.com.br\/portal\/ate-220-kwh-isencao-de-tarifa-de-energia-ja-esta-valendo-para-os-clientes-da-equatorial\/","title":{"rendered":"At\u00e9 220 kWh: isen\u00e7\u00e3o de tarifa de energia j\u00e1 est\u00e1 valendo para os clientes da Equatorial"},"content":{"rendered":"\n<figure class=\"wp-block-image\"><img fetchpriority=\"high\" decoding=\"async\" width=\"633\" height=\"474\" src=\"http:\/\/4cantosalagoas.com.br\/portal\/wp-content\/uploads\/2020\/04\/ener.jpg\" alt=\"\" class=\"wp-image-11054\" srcset=\"https:\/\/4cantosalagoas.com.br\/portal\/wp-content\/uploads\/2020\/04\/ener.jpg 633w, https:\/\/4cantosalagoas.com.br\/portal\/wp-content\/uploads\/2020\/04\/ener-300x225.jpg 300w\" sizes=\"(max-width: 633px) 100vw, 633px\" \/><figcaption>Foto\/ Gl\u00e9cio Rodrigues<\/figcaption><\/figure>\n\n\n\n<p>Com o an\u00fancio da Medida Provis\u00f3ria N\u00ba 950, de 8 de abril de 2020, editada pelo Governo Federal, que ampliou o benef\u00edcio da Tarifa Social Baixa Renda para a popula\u00e7\u00e3o no contexto da pandemia de Covid-19, a Equatorial Energia Alagoas come\u00e7ou a implementar a isen\u00e7\u00e3o do pagamento referente \u00e0 tarifa de energia el\u00e9trica para os clientes cadastrados na Tarifa Baixa Renda, que consomem at\u00e9 220 kWh por m\u00eas. Esta \u00e9 uma grande a\u00e7\u00e3o do Governo Federal em atendimento a um pedido das Distribuidoras, por meio da ABRADEE &#8211; Associa\u00e7\u00e3o Brasileira de Distribuidores de Energia El\u00e9trica, em dire\u00e7\u00e3o \u00e0 popula\u00e7\u00e3o que mais precisa de ajuda nesse momento. O desconto ser\u00e1 aplicado para as faturas emitidas no per\u00edodo de 01 de abril a 30 de junho, conforme previsto na Medida Provis\u00f3ria (MP).<br>&nbsp;<br>Em Alagoas, o benef\u00edcio ser\u00e1 concedido automaticamente para 271 mil clientes, considerados baixa renda, que j\u00e1 est\u00e3o cadastrados. Mas quem tem o N\u00famero de Inscri\u00e7\u00e3o Social (NIS) v\u00e1lido e ainda n\u00e3o \u00e9 inscrito na Tarifa Social, deve entrar em contato com a Equatorial pela Central de Atendimento 0800 082 0196 ou atrav\u00e9s do e-mail:&nbsp;al-comercial@equatorialenergia.com.br&nbsp;para solicitar o cadastro e receber o benef\u00edcio. Cerca de 200 mil alagoanos podem ter acesso ao desconto, mas ainda n\u00e3o realizaram o cadastro.<br>&nbsp;<br>O gerente de Regula\u00e7\u00e3o e Mercado da Equatorial, Marcelo Ximenes, explica que essa medida ir\u00e1 beneficiar muitas fam\u00edlias que foram diretamente afetadas pelas medidas preventivas \u00e0 COVID-19 e esclarece que a isen\u00e7\u00e3o se refere apenas a tarifa de energia, sendo mantidas as demais cobran\u00e7as.<br>&nbsp;<br>\u201cOs clientes classificados como baixa renda que consumirem at\u00e9 220 kWh por m\u00eas ter\u00e3o desconto de 100% na tarifa de energia, entretanto a conta n\u00e3o ser\u00e1 zerada, j\u00e1 que a MP n\u00e3o contempla isen\u00e7\u00e3o aos demais impostos, encargos, contribui\u00e7\u00f5es e parcelamentos existentes na conta de luz\u201d, refor\u00e7ou o gerente.<br>&nbsp;<br>Ximenes explica ainda que quem consumir mais de 220 kWh ter\u00e1 a isen\u00e7\u00e3o, mas o que for consumido acima desse limite, ser\u00e1 cobrada a tarifa normal. \u201cOs crit\u00e9rios da MP s\u00e3o muito claros, por exemplo, se uma resid\u00eancia consumir 250 kWh no m\u00eas de abril, o valor equivalente aos 220 kWh da tarifa ser\u00e1 descontado, mas os 30 kWh excedentes ser\u00e3o cobrados conforme a tarifa normal. Essa informa\u00e7\u00e3o \u00e9 importante at\u00e9 para o uso racional da energia, evitando assim extrapolar a faixa da isen\u00e7\u00e3o da tarifa\u201d.&nbsp;<br>&nbsp;<br>As unidades que receberam a fatura de energia emitida no m\u00eas de abril sem o desconto, e ainda n\u00e3o efetuaram o pagamento, devem desconsiderar a via recebida. A distribuidora ir\u00e1 corrigir a conta aplicando o benef\u00edcio da MP e disponibilizar\u00e1 nos canais digitais o novo boleto.<\/p>\n\n\n\n<p>Os clientes que j\u00e1 tiverem feito o pagamento da conta n\u00e3o ser\u00e3o prejudicados, pois o saldo ser\u00e1 creditado na conta pr\u00f3xima fatura. Mesmo que a conta seguinte venha com tarifa zerada, esse saldo pago ficar\u00e1 no sistema para ser concedido nas faturas posteriores ao per\u00edodo da MP.<br>&nbsp;<br><strong>SERVI\u00c7O<\/strong><br>&nbsp;<br>O que \u00e9 a tarifa Social de Energia El\u00e9trica (Baixa Renda)?<br>A Tarifa Social de Energia El\u00e9trica (TSEE) \u00e9 caracterizada por descontos incidentes sobre a tarifa aplic\u00e1vel \u00e0 classe residencial das distribuidoras de energia el\u00e9trica. Para ter direito ao benef\u00edcio, as fam\u00edlias dever\u00e3o atender a um dos seguintes requisitos:<\/p>\n\n\n\n<p>\u2022\u00a0\u00a0 \u00a0Ser inscrito no Cad\u00danico, com renda familiar de at\u00e9 meio sal\u00e1rio m\u00ednimo por pessoas;<br>\u2022\u00a0\u00a0 \u00a0Ser idoso ou deficiente que recebe o Benef\u00edcio da Presta\u00e7\u00e3o Continuada (BPC) com renda mensal por pessoa, inferior a um quarto do sal\u00e1rio m\u00ednimo;<br>\u2022\u00a0\u00a0 \u00a0Fam\u00edlias inscritas no Cad\u00danico que tenha portador de doen\u00e7a que necessite de aparelhos ligados \u00e0 energia el\u00e9trica de forma continuada, com renda mensal de at\u00e9 3 (tr\u00eas) sal\u00e1rios m\u00ednimos;<br>\u2022\u00a0\u00a0 \u00a0Fam\u00edlias ind\u00edgenas e quilombolas inscritas no Cadastro \u00danico com renda menor ou igual a meio sal\u00e1rio m\u00ednimo por pessoa da fam\u00edlia ou que possuam, entre seus moradores, algum benefici\u00e1rio do BPC.<br>\u00a0<br><strong>Qual a documenta\u00e7\u00e3o necess\u00e1ria para solicitar o cadastro?<\/strong><br>Um dos moradores da Conta Contrato deve possuir os documentos:<br>\u2022\u00a0\u00a0 \u00a0CPF<br>\u2022\u00a0\u00a0 \u00a0RG ou documento com foto<br>\u2022\u00a0\u00a0 \u00a0NIS<br>\u2022\u00a0\u00a0 \u00a0Caso possua o Benef\u00edcio de Presta\u00e7\u00e3o Continuada de Assist\u00eancia Social \u2013 BPC, apresentar o n\u00famero do benef\u00edcio.<br>\u00a0<br><strong>Como saber se a conta est\u00e1 cadastrada do Tarifa Social Baixa Renda?<\/strong><br>Basta verificar no canto superior da conta de energia a informa\u00e7\u00e3o: Classifica\u00e7\u00e3o: Resid. Baixa Renda &#8211; MONOF\u00c1SICO<br>\u00a0<br><strong>Como saber o consumo do m\u00eas?<\/strong><br>No campo demonstrativo de faturamento est\u00e1 a informa\u00e7\u00e3o sobre o consumo do per\u00edodo faturado.<br>\u00a0<br><strong>A conta n\u00e3o \u00e9 no meu nome, posso cadastrar meu NIS?<\/strong><br>Sim. Para cadastro do NIS voc\u00ea precisa informar os dados pessoas e vincular o NIS \u00e0 sua instala\u00e7\u00e3o<br>\u00a0<br><strong>Ap\u00f3s o cadastro, quando come\u00e7o a receber o benef\u00edcio na minha conta de energia?<\/strong><br>No pr\u00f3ximo ciclo de faturamento. Observe na sua conta de energia no campo \u201cDados da Conta Contrato\u201d a classifica\u00e7\u00e3o \u201cResidencial Baixa Renda\u201d e tipo de tarifa \u201cBaixa Renda\u201d.<br>\u00a0<br><strong>Como fa\u00e7o para saber se eu tenho o NIS?<\/strong><br>Para saber se voc\u00ea tem o NIS ou se ele ainda est\u00e1 ativo, ligue para a Central de relacionamento da Secretaria Especial do Desenvolvimento Social: 0800 707 2003.<\/p>\n\n\n\n<p>Assessoria<\/p>\n","protected":false},"excerpt":{"rendered":"<p>Com o an\u00fancio da Medida Provis\u00f3ria N\u00ba 950, de 8 de abril de 2020, editada pelo Governo<\/p>\n","protected":false},"author":1,"featured_media":11054,"comment_status":"open","ping_status":"open","sticky":false,"template":"","format":"standard","meta":{"footnotes":""},"categories":[60],"tags":[],"class_list":["post-11053","post","type-post","status-publish","format-standard","has-post-thumbnail","hentry","category-capa"],"_links":{"self":[{"href":"https:\/\/4cantosalagoas.com.br\/portal\/wp-json\/wp\/v2\/posts\/11053","targetHints":{"allow":["GET"]}}],"collection":[{"href":"https:\/\/4cantosalagoas.com.br\/portal\/wp-json\/wp\/v2\/posts"}],"about":[{"href":"https:\/\/4cantosalagoas.com.br\/portal\/wp-json\/wp\/v2\/types\/post"}],"author":[{"embeddable":true,"href":"https:\/\/4cantosalagoas.com.br\/portal\/wp-json\/wp\/v2\/users\/1"}],"replies":[{"embeddable":true,"href":"https:\/\/4cantosalagoas.com.br\/portal\/wp-json\/wp\/v2\/comments?post=11053"}],"version-history":[{"count":2,"href":"https:\/\/4cantosalagoas.com.br\/portal\/wp-json\/wp\/v2\/posts\/11053\/revisions"}],"predecessor-version":[{"id":11056,"href":"https:\/\/4cantosalagoas.com.br\/portal\/wp-json\/wp\/v2\/posts\/11053\/revisions\/11056"}],"wp:featuredmedia":[{"embeddable":true,"href":"https:\/\/4cantosalagoas.com.br\/portal\/wp-json\/wp\/v2\/media\/11054"}],"wp:attachment":[{"href":"https:\/\/4cantosalagoas.com.br\/portal\/wp-json\/wp\/v2\/media?parent=11053"}],"wp:term":[{"taxonomy":"category","embeddable":true,"href":"https:\/\/4cantosalagoas.com.br\/portal\/wp-json\/wp\/v2\/categories?post=11053"},{"taxonomy":"post_tag","embeddable":true,"href":"https:\/\/4cantosalagoas.com.br\/portal\/wp-json\/wp\/v2\/tags?post=11053"}],"curies":[{"name":"wp","href":"https:\/\/api.w.org\/{rel}","templated":true}]}}