{"id":11046,"date":"2020-04-14T18:22:30","date_gmt":"2020-04-14T21:22:30","guid":{"rendered":"http:\/\/4cantosalagoas.com.br\/portal\/?p=11046"},"modified":"2020-04-14T18:22:36","modified_gmt":"2020-04-14T21:22:36","slug":"pc-prende-acusado-de-estupro-e-feminicidio-em-uniao-dos-palmares","status":"publish","type":"post","link":"https:\/\/4cantosalagoas.com.br\/portal\/pc-prende-acusado-de-estupro-e-feminicidio-em-uniao-dos-palmares\/","title":{"rendered":"PC prende acusado de estupro e feminic\u00eddio em Uni\u00e3o dos Palmares"},"content":{"rendered":"\n<figure class=\"wp-block-image\"><img fetchpriority=\"high\" decoding=\"async\" width=\"445\" height=\"417\" src=\"http:\/\/4cantosalagoas.com.br\/portal\/wp-content\/uploads\/2019\/02\/pcd.jpg\" alt=\"\" class=\"wp-image-6501\" srcset=\"https:\/\/4cantosalagoas.com.br\/portal\/wp-content\/uploads\/2019\/02\/pcd.jpg 445w, https:\/\/4cantosalagoas.com.br\/portal\/wp-content\/uploads\/2019\/02\/pcd-300x281.jpg 300w, https:\/\/4cantosalagoas.com.br\/portal\/wp-content\/uploads\/2019\/02\/pcd-375x351.jpg 375w\" sizes=\"(max-width: 445px) 100vw, 445px\" \/><figcaption>Assessoria<\/figcaption><\/figure>\n\n\n\n<p>Policiais civis do 118\u00ba Distrito Policial, de plant\u00e3o da 11\u00aa Delegacia Regional de Pol\u00edcia (11\u00aa DRP) de Uni\u00e3o dos Palmares, comandados pelo delegado Jorge Barbosa de Almeida, prenderam nesta segunda-feira (13) um homem acusado de tentar estuprar e matar uma mulher portadora de defici\u00eancia mental naquela cidade.<\/p>\n\n\n\n<p>O homem confessou que, ap\u00f3s o crime, jogou o corpo da mulher dentro do rio Munda\u00fa, onde foi encontrado em decomposi\u00e7\u00e3o, e ainda queimou as roupas dela para tentar esconder o assassinato.<\/p>\n\n\n\n<p>De acordo com o delegado, Claudic\u00e9a Maria da Concei\u00e7\u00e3o, de 42 anos, conhecida como \u201cNenen\u201d, sumiu de casa na manh\u00e3 do domingo (12), quando saiu dizendo que iria levar alguns ovos para doar a uma amiga, de nome Claudete, que reside no bairro Pedreiras, na sa\u00edda de Uni\u00e3o dos Palmares em dire\u00e7\u00e3o \u00e0 cidade de Santana do Ipanema.<\/p>\n\n\n\n<p>Ap\u00f3s 24 horas de investiga\u00e7\u00f5es, a pol\u00edcia tomou conhecimento que Claudic\u00e9a teria sido vista, no domingo, em um matagal nas encostas do rio Munda\u00fa, em companhia de um homem alto e de cor morena, aparentando uns 25 anos de idade.<\/p>\n\n\n\n<p>As caracter\u00edsticas indicaram para um filho de Claudete, mas este, inicialmente, negou ter envolvimento no desaparecimento da mulher, afirmando que realmente ela esteve em sua casa, mas teria ido embora dizendo que iria para a resid\u00eancia dela.<\/p>\n\n\n\n<p>Depois que o corpo de Claudic\u00e9a foi encontrado no rio, o suspeito acabou confessando a autoria do crime.<\/p>\n\n\n\n<p>Segundo ele, tentou manter rela\u00e7\u00f5es sexuais com a v\u00edtima, mas como ela resistiu, empurrou-a &nbsp;para dentro do rio, jogando parte das roupas dela nas \u00e1guas e queimando o restante.<\/p>\n\n\n\n<p>O delegado revela que o acusado ainda apresenta arranh\u00f5es de unhas em seu corpo.<\/p>\n\n\n\n<p>Ele permanece preso na delegacia regional de Uni\u00e3o dos Palmares.<\/p>\n\n\n\n<p>Assessoria<\/p>\n","protected":false},"excerpt":{"rendered":"<p>Policiais civis do 118\u00ba Distrito Policial, de plant\u00e3o da 11\u00aa Delegacia Regional de Pol\u00edcia (11\u00aa DRP) de<\/p>\n","protected":false},"author":1,"featured_media":6501,"comment_status":"open","ping_status":"open","sticky":false,"template":"","format":"standard","meta":{"footnotes":""},"categories":[60],"tags":[],"class_list":["post-11046","post","type-post","status-publish","format-standard","has-post-thumbnail","hentry","category-capa"],"_links":{"self":[{"href":"https:\/\/4cantosalagoas.com.br\/portal\/wp-json\/wp\/v2\/posts\/11046","targetHints":{"allow":["GET"]}}],"collection":[{"href":"https:\/\/4cantosalagoas.com.br\/portal\/wp-json\/wp\/v2\/posts"}],"about":[{"href":"https:\/\/4cantosalagoas.com.br\/portal\/wp-json\/wp\/v2\/types\/post"}],"author":[{"embeddable":true,"href":"https:\/\/4cantosalagoas.com.br\/portal\/wp-json\/wp\/v2\/users\/1"}],"replies":[{"embeddable":true,"href":"https:\/\/4cantosalagoas.com.br\/portal\/wp-json\/wp\/v2\/comments?post=11046"}],"version-history":[{"count":1,"href":"https:\/\/4cantosalagoas.com.br\/portal\/wp-json\/wp\/v2\/posts\/11046\/revisions"}],"predecessor-version":[{"id":11047,"href":"https:\/\/4cantosalagoas.com.br\/portal\/wp-json\/wp\/v2\/posts\/11046\/revisions\/11047"}],"wp:featuredmedia":[{"embeddable":true,"href":"https:\/\/4cantosalagoas.com.br\/portal\/wp-json\/wp\/v2\/media\/6501"}],"wp:attachment":[{"href":"https:\/\/4cantosalagoas.com.br\/portal\/wp-json\/wp\/v2\/media?parent=11046"}],"wp:term":[{"taxonomy":"category","embeddable":true,"href":"https:\/\/4cantosalagoas.com.br\/portal\/wp-json\/wp\/v2\/categories?post=11046"},{"taxonomy":"post_tag","embeddable":true,"href":"https:\/\/4cantosalagoas.com.br\/portal\/wp-json\/wp\/v2\/tags?post=11046"}],"curies":[{"name":"wp","href":"https:\/\/api.w.org\/{rel}","templated":true}]}}