{"id":11029,"date":"2020-04-13T15:35:58","date_gmt":"2020-04-13T18:35:58","guid":{"rendered":"http:\/\/4cantosalagoas.com.br\/portal\/?p=11029"},"modified":"2020-04-13T15:36:02","modified_gmt":"2020-04-13T18:36:02","slug":"parceria-reforca-desinfeccao-de-areas-publicas","status":"publish","type":"post","link":"https:\/\/4cantosalagoas.com.br\/portal\/parceria-reforca-desinfeccao-de-areas-publicas\/","title":{"rendered":"Parceria refor\u00e7a desinfec\u00e7\u00e3o de \u00e1reas p\u00fablicas"},"content":{"rendered":"\n<figure class=\"wp-block-image\"><img fetchpriority=\"high\" decoding=\"async\" width=\"1160\" height=\"872\" src=\"https:\/\/i0.wp.com\/4cantosalagoas.com.br\/portal\/wp-content\/uploads\/2020\/04\/exer.jpeg?fit=1024%2C770\" alt=\"\" class=\"wp-image-11030\" srcset=\"https:\/\/4cantosalagoas.com.br\/portal\/wp-content\/uploads\/2020\/04\/exer.jpeg 1160w, https:\/\/4cantosalagoas.com.br\/portal\/wp-content\/uploads\/2020\/04\/exer-300x226.jpeg 300w, https:\/\/4cantosalagoas.com.br\/portal\/wp-content\/uploads\/2020\/04\/exer-768x577.jpeg 768w, https:\/\/4cantosalagoas.com.br\/portal\/wp-content\/uploads\/2020\/04\/exer-1024x770.jpeg 1024w\" sizes=\"(max-width: 1160px) 100vw, 1160px\" \/><figcaption> <br>Equipes seguem com limpeza em pra\u00e7as e pontos de \u00f4nibus <\/figcaption><\/figure>\n\n\n\n<p>\n\nUma das a\u00e7\u00f5es da Prefeitura de Macei\u00f3 para evitar a propaga\u00e7\u00e3o do novo coronav\u00edrus \u00e9 a desinfec\u00e7\u00e3o de \u00e1reas p\u00fablicas com lavagem e pulveriza\u00e7\u00e3o de espa\u00e7os com maior fluxo de pessoas. O servi\u00e7o est\u00e1 sendo realizado desde o dia 24 de mar\u00e7o pela Superintend\u00eancia Municipal de Desenvolvimento Sustent\u00e1vel (Sudes), que, nesta semana, firmou uma importante parceria com o 59\u00ba Batalh\u00e3o de Infantaria Motorizado para ampliar e refor\u00e7ar a atua\u00e7\u00e3o na capital.<\/p>\n\n\n\n<p>A partir desta ter\u00e7a-feira (14), cerca de 40 militares passam a compor a equipe de trabalho, com atua\u00e7\u00e3o de segunda a sexta-feira, a partir das 7h30, tanto na parte alta quanto na parte baixa da capital. Os detalhes operacionais para a realiza\u00e7\u00e3o do servi\u00e7o conjunto foram definidos em reuni\u00e3o realizada nesta segunda-feira (13), no quartel do 59\u00ba BIMtz.<\/p>\n\n\n\n<p>O titular da Sudes, Gustavo Acioli Torres, considera que a higieniza\u00e7\u00e3o deve ser intensificada, pois ainda existe uma grande circula\u00e7\u00e3o de pessoas pelas ruas da cidade, principalmente nas unidades de sa\u00fade e hospitais.<\/p>\n\n\n\n<p>\u201cSeguindo uma programa\u00e7\u00e3o j\u00e1 alinhada com as equipes e iremos refor\u00e7ar a higieniza\u00e7\u00e3o no entorno das unidades de sa\u00fade e hospitais, nas principais pra\u00e7as da cidade, pontos de \u00f4nibus de grandes vias, que ainda h\u00e1 uma grande circula\u00e7\u00e3o de pessoas. Aproveito para agradecer o apoio do Ex\u00e9rcito, que com o refor\u00e7o permitir\u00e1 a amplia\u00e7\u00e3o deste trabalho t\u00e3o importante no combate ao coronav\u00edrus\u201d, afirma o superintendente.<\/p>\n\n\n\n<p>Ap\u00f3s a reuni\u00e3o de alinhamento, o tenente-coronel Cl\u00e1udio Gadelha Fernandes enfatizou a import\u00e2ncia da parceria para colaborar com as a\u00e7\u00f5es de preven\u00e7\u00e3o. \u201cO 59\u00ba Batalh\u00e3o de Infantaria Motorizado est\u00e1 de prontid\u00e3o e em disponibilidade permanente para apoiar as a\u00e7\u00f5es da Prefeitura de Macei\u00f3 no combate \u00e0 pandemia do novo coronav\u00edrus, a exemplo da desinfec\u00e7\u00e3o de espa\u00e7os p\u00fablicos. Lutaremos sem temor\u201d, comentou.<\/p>\n\n\n\n<p>Nesta ter\u00e7a-feira, a programa\u00e7\u00e3o contemplar\u00e1 a parte alta da cidade, no terminal de \u00f4nibus do Henrique Equelmann, seguindo para os pontos de \u00f4nibus da Avenida Menino Marcelo, Cachoeira do Meirim e Conjunto Benedito Bentes. Al\u00e9m disso, ser\u00e3o inclu\u00eddas as pra\u00e7as do Conjunto Graciliano Ramos e a Unidade de Sa\u00fade da Fam\u00edlia Aliomar de Almeida Lins, no Benedito Bentes.<\/p>\n\n\n\n<p>Lays Alpino\/ Ascom Sudes<\/p>\n","protected":false},"excerpt":{"rendered":"<p>Uma das a\u00e7\u00f5es da Prefeitura de Macei\u00f3 para evitar a propaga\u00e7\u00e3o do novo coronav\u00edrus \u00e9 a desinfec\u00e7\u00e3o<\/p>\n","protected":false},"author":1,"featured_media":11030,"comment_status":"open","ping_status":"open","sticky":false,"template":"","format":"standard","meta":{"footnotes":""},"categories":[60],"tags":[],"class_list":["post-11029","post","type-post","status-publish","format-standard","has-post-thumbnail","hentry","category-capa"],"_links":{"self":[{"href":"https:\/\/4cantosalagoas.com.br\/portal\/wp-json\/wp\/v2\/posts\/11029","targetHints":{"allow":["GET"]}}],"collection":[{"href":"https:\/\/4cantosalagoas.com.br\/portal\/wp-json\/wp\/v2\/posts"}],"about":[{"href":"https:\/\/4cantosalagoas.com.br\/portal\/wp-json\/wp\/v2\/types\/post"}],"author":[{"embeddable":true,"href":"https:\/\/4cantosalagoas.com.br\/portal\/wp-json\/wp\/v2\/users\/1"}],"replies":[{"embeddable":true,"href":"https:\/\/4cantosalagoas.com.br\/portal\/wp-json\/wp\/v2\/comments?post=11029"}],"version-history":[{"count":1,"href":"https:\/\/4cantosalagoas.com.br\/portal\/wp-json\/wp\/v2\/posts\/11029\/revisions"}],"predecessor-version":[{"id":11031,"href":"https:\/\/4cantosalagoas.com.br\/portal\/wp-json\/wp\/v2\/posts\/11029\/revisions\/11031"}],"wp:featuredmedia":[{"embeddable":true,"href":"https:\/\/4cantosalagoas.com.br\/portal\/wp-json\/wp\/v2\/media\/11030"}],"wp:attachment":[{"href":"https:\/\/4cantosalagoas.com.br\/portal\/wp-json\/wp\/v2\/media?parent=11029"}],"wp:term":[{"taxonomy":"category","embeddable":true,"href":"https:\/\/4cantosalagoas.com.br\/portal\/wp-json\/wp\/v2\/categories?post=11029"},{"taxonomy":"post_tag","embeddable":true,"href":"https:\/\/4cantosalagoas.com.br\/portal\/wp-json\/wp\/v2\/tags?post=11029"}],"curies":[{"name":"wp","href":"https:\/\/api.w.org\/{rel}","templated":true}]}}