{"id":10951,"date":"2020-04-06T15:26:49","date_gmt":"2020-04-06T18:26:49","guid":{"rendered":"http:\/\/4cantosalagoas.com.br\/portal\/?p=10951"},"modified":"2020-04-06T15:26:55","modified_gmt":"2020-04-06T18:26:55","slug":"salas-do-empreendedor-orientam-sobre-a-declaracao-do-simples-nacional","status":"publish","type":"post","link":"https:\/\/4cantosalagoas.com.br\/portal\/salas-do-empreendedor-orientam-sobre-a-declaracao-do-simples-nacional\/","title":{"rendered":"Salas do Empreendedor orientam sobre a Declara\u00e7\u00e3o do Simples Nacional"},"content":{"rendered":"\n<figure class=\"wp-block-image\"><img fetchpriority=\"high\" decoding=\"async\" width=\"1024\" height=\"683\" src=\"https:\/\/i1.wp.com\/4cantosalagoas.com.br\/portal\/wp-content\/uploads\/2020\/04\/ATENDIMENTO-JACINTINHO-AM-4-1024x683.jpg?fit=1024%2C683\" alt=\"\" class=\"wp-image-10952\" srcset=\"https:\/\/4cantosalagoas.com.br\/portal\/wp-content\/uploads\/2020\/04\/ATENDIMENTO-JACINTINHO-AM-4-1024x683.jpg 1024w, https:\/\/4cantosalagoas.com.br\/portal\/wp-content\/uploads\/2020\/04\/ATENDIMENTO-JACINTINHO-AM-4-1024x683-300x200.jpg 300w, https:\/\/4cantosalagoas.com.br\/portal\/wp-content\/uploads\/2020\/04\/ATENDIMENTO-JACINTINHO-AM-4-1024x683-768x512.jpg 768w\" sizes=\"(max-width: 1024px) 100vw, 1024px\" \/><figcaption> <br>Declara\u00e7\u00e3o anual pode ser entregue em uma das unidades da Sala do Empreendedor de Macei\u00f3 <\/figcaption><\/figure>\n\n\n\n<p>O Comit\u00ea Gestor do Simples Nacional (CGSN) prorrogou para 30 de junho o prazo para apresenta\u00e7\u00e3o da Declara\u00e7\u00e3o de Informa\u00e7\u00f5es Socioecon\u00f4micas e Fiscais (DEFIS) e da Declara\u00e7\u00e3o Anual do Simples Nacional (DASN-SIMEI) para o Microempreendedor Individual (MEI), referentes aos rendimentos do ano de 2019. A prorroga\u00e7\u00e3o se fez necess\u00e1ria em fun\u00e7\u00e3o dos impactos da pandemia da covid-19.<\/p>\n\n\n\n<p>As Salas do Empreendedor de Macei\u00f3 est\u00e3o prestando o servi\u00e7o de forma remota, por atendimento telef\u00f4nico ou e-mail, de segunda a sexta-feira, das 8h \u00e0s 12h e das 13h \u00e0s 17h.<\/p>\n\n\n\n<p>\u201cAprimorar estes espa\u00e7os, voltados aos empres\u00e1rios, tanto os micros e pequenos, quanto as empresas de grande porte, neste momento \u00e9 parte da busca incessante da Prefeitura de Macei\u00f3 por ferramentas que fomentem o desenvolvimento econ\u00f4mico da cidade. Esta adapta\u00e7\u00e3o no atendimento \u00e9 reconhecer a import\u00e2ncia do empreendedorismo para a cria\u00e7\u00e3o de novos postos de trabalho e na melhoria da renda e da qualidade de vida dos cidad\u00e3os maceioenses\u201d, disse Fellipe Mamede, secret\u00e1rio municipal de Economia.<\/p>\n\n\n\n<p>Mesmo com a prorroga\u00e7\u00e3o, os MEIs j\u00e1 podem solicitar a DASN online no&nbsp;<a href=\"http:\/\/www.portaldoempreendedor.gov.br\/\">Portal do Empreendedor<\/a>&nbsp;ou em uma das Salas do Empreendedor, por meio de telefone, whatsApp ou e-mail.<\/p>\n\n\n\n<p>\u201cDesde 19 de mar\u00e7o, as Salas do Empreendedor de Macei\u00f3 est\u00e3o fechadas como medida preventiva ao novo coronav\u00edrus, no entanto, os atendimentos est\u00e3o sendo realizados de forma virtual para completa assist\u00eancia a todos os empres\u00e1rios que necessitem. Os microempreendedores podem entrar em contato que estamos realizando a declara\u00e7\u00e3o e quem souber fazer, pode fazer diretamente no site. \u00c9 importante frisar que n\u00e3o deixem de fazer a DASN, pois quando n\u00e3o feita, al\u00e9m das multas, o CNPJ pode ser suspenso\u201d, explica o coordenador das Salas do Empreendedor e de Empreendedorismo da Secretaria Municipal de Economia (Semec), Emerson Am\u00e2ncio.<\/p>\n\n\n\n<p>Caso opte por enviar online, basta acessar o&nbsp;<a href=\"http:\/\/www.portaldoempreendedor.gov.br\/\">Portal do Empreendedor<\/a>&nbsp;e clicar em \u201cJ\u00c1 SOU EMPREENDEDOR INDIVIDUAL\u201d. Em seguida, clicar em \u201cSERVI\u00c7OS e FA\u00c7A SUA DECLARA\u00c7\u00c3O ANUAL DE FATURAMENTO\u201d. Por fim, basta ir em ENVIAR DECLARA\u00c7\u00c3O, preencher os campos com o CNPJ da microempresa e os caracteres ao lado. Ap\u00f3s colocar todas as informa\u00e7\u00f5es, \u00e9 s\u00f3 imprimir o comprovante.<\/p>\n\n\n\n<p>Uma das obriga\u00e7\u00f5es do Microempreendedor Individual \u00e9 fazer a Declara\u00e7\u00e3o Anual de Faturamento do Simples Nacional, sendo relativa ao ano anterior. Se por acaso houver atraso na entrega do documento, o empres\u00e1rio deve pagar multa de R$50 ou 2% (dois por cento) ao m\u00eas-calend\u00e1rio ou fra\u00e7\u00e3o, sobre o montante dos tributos decorrentes das informa\u00e7\u00f5es prestadas na DASN.<\/p>\n\n\n\n<p>\u201cMesmo com a prorroga\u00e7\u00e3o \u00e9 importante que os empreendedores possam se antecipar e evitar que, quando do retorno das atividades, o servi\u00e7o esteja sobrecarregado\u201d, alertou Emerson.<\/p>\n\n\n\n<p>A gest\u00e3o das Salas do Empreendedor \u00e9 fruto de um conv\u00eanio entre a Prefeitura de Macei\u00f3, Sebrae e Associa\u00e7\u00e3o Comercial e tem como objetivo estimular o fortalecimento dos neg\u00f3cios no Munic\u00edpio.<\/p>\n\n\n\n<p>Nas Salas do Empreendedor \u00e9 poss\u00edvel realizar abertura, baixa e orienta\u00e7\u00f5es de uma empresa, formaliza\u00e7\u00e3o da empresa pelo portal facilita Alagoas\/Redesim, impress\u00e3o de guias de pagamentos, negocia\u00e7\u00e3o e parcelamento de impostos, emiss\u00e3o de certid\u00f5es fiscais, agendamento de capacita\u00e7\u00f5es, curso e palestras, orienta\u00e7\u00e3o empresarial, emiss\u00e3o de alvar\u00e1 de localiza\u00e7\u00e3o, oferta de microcr\u00e9dito e emiss\u00e3o de notas fiscais, al\u00e9m de outros servi\u00e7os.<\/p>\n\n\n\n<p><strong>Para entrar em contato ligue, mande mensagem via whatsApp ou por e-mail para:<\/strong><\/p>\n\n\n\n<p>Shopping P\u00e1tio Macei\u00f3<\/p>\n\n\n\n<p>Telefone e WhatsApp: (82) 99801-0021<\/p>\n\n\n\n<p>E-mail:&nbsp;<a href=\"mailto:saladoempreendedorpatio@acmaceio.com.br\">saladoempreendedorpatio@acmaceio.com.br<\/a><\/p>\n\n\n\n<p>Shopping Popular<\/p>\n\n\n\n<p>Telefone e WhatsApp: (82) 99801-0031<\/p>\n\n\n\n<p>E-mail:&nbsp;<a href=\"mailto:saladoempreendedorcentro@acmaceio.com.br\">saladoempreendedorcentro@acmaceio.com.br<\/a><\/p>\n\n\n\n<p>Macei\u00f3 Shopping<\/p>\n\n\n\n<p>Telefone e WhatsApp: 99801-0033<\/p>\n\n\n\n<p>E-mail:&nbsp;<a href=\"mailto:saladoempreendedormangabeiras@acmaceio.com.br\">saladoempreendedormangabeiras@acmaceio.com.br<\/a><\/p>\n\n\n\n<p>Shopping Parque Macei\u00f3<\/p>\n\n\n\n<p>Telefone e WhatsApp: (82)99626-0032<\/p>\n\n\n\n<p>E-mail: saladoempreendedorparque@acmaceio.com.br<\/p>\n\n\n\n<p><strong>Informa\u00e7\u00f5es e orienta\u00e7\u00f5es sobre o Coronav\u00edrus<\/strong><\/p>\n\n\n\n<p><a href=\"http:\/\/www.maceio.al.gov.br\/2020\/03\/semec-faz-balanco-de-atendimento-a-distancia\/\">Secretaria de Economia faz balan\u00e7o de atendimento \u00e0 dist\u00e2ncia<\/a><\/p>\n\n\n\n<p><a href=\"http:\/\/www.maceio.al.gov.br\/2020\/03\/prefeitura-finaliza-pagamentos-de-servidores-nesta-terca-feira\/\">Prefeitura finaliza pagamentos de servidores nesta ter\u00e7a<\/a><\/p>\n\n\n\n<p><a href=\"http:\/\/www.maceio.al.gov.br\/2020\/03\/salas-do-empreendedor-garantem-atendimento-a-empresarios\/\">Salas do Empreendedor garantem atendimento a empres\u00e1rios<\/a><\/p>\n\n\n\n<p><a href=\"http:\/\/www.maceio.al.gov.br\/2020\/03\/prefeitura-libera-2o-lote-de-pagamento-de-servidores\/\">Prefeitura libera 2\u00ba lote de pagamento de servidores na segunda<\/a><\/p>\n\n\n\n<p><a href=\"http:\/\/www.maceio.al.gov.br\/2020\/03\/coronavirus-comdem-discute-cenario-economico\/\">Coronav\u00edrus: Comdem discute cen\u00e1rio econ\u00f4mico<\/a><\/p>\n\n\n\n<p><a href=\"http:\/\/www.maceio.al.gov.br\/2020\/03\/prefeitura-paga-salario-em-lotes-para-evitar-aglomeracao\/\">Prefeitura paga sal\u00e1rio em lotes para evitar aglomera\u00e7\u00e3o<\/a><\/p>\n\n\n\n<p><a href=\"http:\/\/www.maceio.al.gov.br\/2020\/03\/itbi-pode-ser-emitido-de-forma-eletronica-durante-quarentena\/\">ITBI pode ser emitido de forma eletr\u00f4nica durante quarentena<\/a><\/p>\n\n\n\n<p><a href=\"http:\/\/www.maceio.al.gov.br\/2020\/03\/coronavirus-semec-adota-medidas-de-prevencao\/\">Coronav\u00edrus: Semec adota medidas de preven\u00e7\u00e3o<\/a><\/p>\n\n\n\n<p><a href=\"http:\/\/www.maceio.al.gov.br\/2020\/03\/covid-19-para-evitar-risco-contribuinte-pode-usar-servicos-online\/\">Covid-19: para evitar risco, contribuinte pode usar servi\u00e7os online<\/a><\/p>\n\n\n\n<p><a href=\"http:\/\/www.maceio.al.gov.br\/2020\/03\/salas-do-empreendedor-oferecem-servicos-virtuais\/\">Salas do Empreendedor oferecem servi\u00e7os virtuais<\/a><\/p>\n\n\n\n<p><a href=\"http:\/\/www.maceio.al.gov.br\/2020\/03\/tributos-municipais-tem-vencimentos-prorrogados\/\">Tributos municipais t\u00eam vencimentos prorrogados<\/a><\/p>\n\n\n\n<p><a href=\"http:\/\/www.maceio.al.gov.br\/2020\/03\/coronavirus-semec-suspende-atendimento-presencial\/\">Coronav\u00edrus: Semec suspende atendimento presencial<\/a><\/p>\n\n\n\n<p><a href=\"http:\/\/www.maceio.al.gov.br\/2020\/03\/prefeitura-adota-medidas-tributarias-para-minimizar-impactos-da-covid-19\/\">Prefeitura adota medidas tribut\u00e1rias para minimizar impactos da covid-19<\/a><\/p>\n\n\n\n<p>Ascom Semec<\/p>\n","protected":false},"excerpt":{"rendered":"<p>O Comit\u00ea Gestor do Simples Nacional (CGSN) prorrogou para 30 de junho o prazo para apresenta\u00e7\u00e3o da<\/p>\n","protected":false},"author":1,"featured_media":10952,"comment_status":"open","ping_status":"open","sticky":false,"template":"","format":"standard","meta":{"footnotes":""},"categories":[5],"tags":[],"class_list":["post-10951","post","type-post","status-publish","format-standard","has-post-thumbnail","hentry","category-maceio"],"_links":{"self":[{"href":"https:\/\/4cantosalagoas.com.br\/portal\/wp-json\/wp\/v2\/posts\/10951","targetHints":{"allow":["GET"]}}],"collection":[{"href":"https:\/\/4cantosalagoas.com.br\/portal\/wp-json\/wp\/v2\/posts"}],"about":[{"href":"https:\/\/4cantosalagoas.com.br\/portal\/wp-json\/wp\/v2\/types\/post"}],"author":[{"embeddable":true,"href":"https:\/\/4cantosalagoas.com.br\/portal\/wp-json\/wp\/v2\/users\/1"}],"replies":[{"embeddable":true,"href":"https:\/\/4cantosalagoas.com.br\/portal\/wp-json\/wp\/v2\/comments?post=10951"}],"version-history":[{"count":1,"href":"https:\/\/4cantosalagoas.com.br\/portal\/wp-json\/wp\/v2\/posts\/10951\/revisions"}],"predecessor-version":[{"id":10953,"href":"https:\/\/4cantosalagoas.com.br\/portal\/wp-json\/wp\/v2\/posts\/10951\/revisions\/10953"}],"wp:featuredmedia":[{"embeddable":true,"href":"https:\/\/4cantosalagoas.com.br\/portal\/wp-json\/wp\/v2\/media\/10952"}],"wp:attachment":[{"href":"https:\/\/4cantosalagoas.com.br\/portal\/wp-json\/wp\/v2\/media?parent=10951"}],"wp:term":[{"taxonomy":"category","embeddable":true,"href":"https:\/\/4cantosalagoas.com.br\/portal\/wp-json\/wp\/v2\/categories?post=10951"},{"taxonomy":"post_tag","embeddable":true,"href":"https:\/\/4cantosalagoas.com.br\/portal\/wp-json\/wp\/v2\/tags?post=10951"}],"curies":[{"name":"wp","href":"https:\/\/api.w.org\/{rel}","templated":true}]}}