{"id":10935,"date":"2020-04-06T05:45:03","date_gmt":"2020-04-06T08:45:03","guid":{"rendered":"http:\/\/4cantosalagoas.com.br\/portal\/?p=10935"},"modified":"2020-04-06T19:18:29","modified_gmt":"2020-04-06T22:18:29","slug":"alagoas-tem-28-casos-confirmados-de-covid-19","status":"publish","type":"post","link":"https:\/\/4cantosalagoas.com.br\/portal\/alagoas-tem-28-casos-confirmados-de-covid-19\/","title":{"rendered":"Alagoas tem 28 casos confirmados de Covid-19"},"content":{"rendered":"\n<figure class=\"wp-block-image\"><img fetchpriority=\"high\" decoding=\"async\" width=\"616\" height=\"420\" src=\"http:\/\/4cantosalagoas.com.br\/portal\/wp-content\/uploads\/2020\/04\/cond.jpg\" alt=\"\" class=\"wp-image-10936\" srcset=\"https:\/\/4cantosalagoas.com.br\/portal\/wp-content\/uploads\/2020\/04\/cond.jpg 616w, https:\/\/4cantosalagoas.com.br\/portal\/wp-content\/uploads\/2020\/04\/cond-300x205.jpg 300w\" sizes=\"(max-width: 616px) 100vw, 616px\" \/><figcaption>Reprodu\u00e7\u00e3o<\/figcaption><\/figure>\n\n\n\n<p>\n\nA Secretaria de Estado da Sa\u00fade (Sesau) informa, neste domingo (05\/04), que Alagoas tem 28 casos confirmados da Covid-19. Os dados constam do Boletim Epidemiol\u00f3gico 30, emitido pelo Centro de Informa\u00e7\u00f5es Estrat\u00e9gicas em Vigil\u00e2ncia em Sa\u00fade (CIEVS). Os casos em investiga\u00e7\u00e3o somam 319, enquanto os casos descartados s\u00e3o 442.<br>O Estado segue com dois \u00f3bitos registrados confirmados por Covid-19, ap\u00f3s exames realizados no Laborat\u00f3rio Central de Alagoas (Lacen\/AL), ambos residiam em Macei\u00f3. O primeiro, confirmado na ter\u00e7a-feira (31\/03), era um aposentado de 64 anos; j\u00e1 o segundo, cujo resultado foi divulgado na sexta-feira (03\/04), tinha 78 anos e era tamb\u00e9m aposentado.<br>Quanto aos casos confirmados, 23 residem no Estado, sendo 20 em Macei\u00f3 e tr\u00eas no interior, uma vez que Porto Real do Col\u00e9gio tem um caso e Marechal Deodoro aparece com dois. As outras cinco pessoas que testaram positivo para a Covid-19 residem no Rio de Janeiro (2), em Bras\u00edlia (2) e em S\u00e3o Paulo (1).<br>Curados \u2013 Ainda de acordo com a Sesau, dos 28 casos confirmados em Alagoas para a Covid-19, nove j\u00e1 finalizaram o isolamento domiciliar e n\u00e3o apresentam mais sintomas da doen\u00e7a.(Assessoria)\n\n<\/p>\n","protected":false},"excerpt":{"rendered":"<p>A Secretaria de Estado da Sa\u00fade (Sesau) informa, neste domingo (05\/04), que Alagoas tem 28 casos confirmados<\/p>\n","protected":false},"author":1,"featured_media":10936,"comment_status":"open","ping_status":"open","sticky":false,"template":"","format":"standard","meta":{"footnotes":""},"categories":[4],"tags":[],"class_list":["post-10935","post","type-post","status-publish","format-standard","has-post-thumbnail","hentry","category-noticias"],"_links":{"self":[{"href":"https:\/\/4cantosalagoas.com.br\/portal\/wp-json\/wp\/v2\/posts\/10935","targetHints":{"allow":["GET"]}}],"collection":[{"href":"https:\/\/4cantosalagoas.com.br\/portal\/wp-json\/wp\/v2\/posts"}],"about":[{"href":"https:\/\/4cantosalagoas.com.br\/portal\/wp-json\/wp\/v2\/types\/post"}],"author":[{"embeddable":true,"href":"https:\/\/4cantosalagoas.com.br\/portal\/wp-json\/wp\/v2\/users\/1"}],"replies":[{"embeddable":true,"href":"https:\/\/4cantosalagoas.com.br\/portal\/wp-json\/wp\/v2\/comments?post=10935"}],"version-history":[{"count":1,"href":"https:\/\/4cantosalagoas.com.br\/portal\/wp-json\/wp\/v2\/posts\/10935\/revisions"}],"predecessor-version":[{"id":10937,"href":"https:\/\/4cantosalagoas.com.br\/portal\/wp-json\/wp\/v2\/posts\/10935\/revisions\/10937"}],"wp:featuredmedia":[{"embeddable":true,"href":"https:\/\/4cantosalagoas.com.br\/portal\/wp-json\/wp\/v2\/media\/10936"}],"wp:attachment":[{"href":"https:\/\/4cantosalagoas.com.br\/portal\/wp-json\/wp\/v2\/media?parent=10935"}],"wp:term":[{"taxonomy":"category","embeddable":true,"href":"https:\/\/4cantosalagoas.com.br\/portal\/wp-json\/wp\/v2\/categories?post=10935"},{"taxonomy":"post_tag","embeddable":true,"href":"https:\/\/4cantosalagoas.com.br\/portal\/wp-json\/wp\/v2\/tags?post=10935"}],"curies":[{"name":"wp","href":"https:\/\/api.w.org\/{rel}","templated":true}]}}