{"id":10929,"date":"2020-04-04T19:30:35","date_gmt":"2020-04-04T22:30:35","guid":{"rendered":"http:\/\/4cantosalagoas.com.br\/portal\/?p=10929"},"modified":"2020-04-04T19:30:41","modified_gmt":"2020-04-04T22:30:41","slug":"iminencia-de-pico-de-casos-no-pais-reforca-importancia-do-isolamento-social","status":"publish","type":"post","link":"https:\/\/4cantosalagoas.com.br\/portal\/iminencia-de-pico-de-casos-no-pais-reforca-importancia-do-isolamento-social\/","title":{"rendered":"Imin\u00eancia de pico de casos no pa\u00eds refor\u00e7a import\u00e2ncia do isolamento social"},"content":{"rendered":"\n<figure class=\"wp-block-image\"><img fetchpriority=\"high\" decoding=\"async\" width=\"600\" height=\"400\" src=\"http:\/\/4cantosalagoas.com.br\/portal\/wp-content\/uploads\/2020\/04\/43.jpg\" alt=\"\" class=\"wp-image-10930\" srcset=\"https:\/\/4cantosalagoas.com.br\/portal\/wp-content\/uploads\/2020\/04\/43.jpg 600w, https:\/\/4cantosalagoas.com.br\/portal\/wp-content\/uploads\/2020\/04\/43-300x200.jpg 300w\" sizes=\"(max-width: 600px) 100vw, 600px\" \/><figcaption> <br>Secret\u00e1rio Alexandre Ayres e a m\u00e9dica infectologista Luciana Pacheco durante entrevista \u00e0 imprensa Foto\/<em>Luiz Siqueira<\/em> <\/figcaption><\/figure>\n\n\n\n<p>A imin\u00eancia de um pico de novos casos de coronav\u00edrus no Brasil, prevista para acontecer nos meses de abril e maio, segundo o Minist\u00e9rio da Sa\u00fade, refor\u00e7a a necessidade de manter ainda mais r\u00edgido o isolamento social da popula\u00e7\u00e3o. O objetivo dessa estrat\u00e9gia se reflete no crescimento gradual, num ritmo mais lento, do n\u00famero de pacientes contaminados por Covid-19, dando o tempo necess\u00e1rio para a rede hospitalar &#8211; p\u00fablica e privada &#8211; ampliar seus leitos e tratar os doentes que j\u00e1 se encontram internados.<\/p>\n\n\n\n<p>Nesta sexta-feira (03), durante coletiva on line, o secret\u00e1rio de Sa\u00fade, Alexandre Ayres voltou a alertar a popula\u00e7\u00e3o para o cumprimento do isolamento social para evitar que haja uma explos\u00e3o de cont\u00e1gio do v\u00edrus em Alagoas e disse que n\u00e3o est\u00e3o descartadas medidas ainda mais r\u00edgidas para combater a doen\u00e7a.<\/p>\n\n\n\n<p>\u201cO poder p\u00fablico estadual n\u00e3o vai vencer essa guerra sozinho. A doen\u00e7a n\u00e3o escolhe rico ou pobre, ra\u00e7a ou sexo. Precisamos ter essa consci\u00eancia que se n\u00e3o tivermos um isolamento social participativo n\u00e3o vai ter leito de UTI pra todo mundo, nem na rede p\u00fablica, nem na rede privada. As pessoas que est\u00e3o levando na brincadeira, que est\u00e3o pedindo o retorno das atividades, para voltar ao trabalho, reflitam um pouco e pensem que elas podem ser as pr\u00f3ximas v\u00edtimas\u201d, argumentou.<\/p>\n\n\n\n<p>M\u00e9dicos que est\u00e3o na linha de frente da pandemia em Alagoas tamb\u00e9m refor\u00e7am o alerta do secret\u00e1rio de refor\u00e7o no isolamento social. A m\u00e9dica Mar\u00edlia Magalh\u00e3es, do Hospital Helvio Auto, observa que o momento \u00e9 crucial.<\/p>\n\n\n\n<p>\u201cEspera-se um pico de casos entre os dias 6 e 20 de abril, ent\u00e3o, esse momento de isolamento \u00e9 fundamental. Isto porque o isolamento social serve como meio de diminuir a propaga\u00e7\u00e3o do coronav\u00edrus, al\u00e9m de promover tempo aos servi\u00e7os de sa\u00fade para que eles se organizem e se adequem para lidar com a situa\u00e7\u00e3o\u201d, destaca. \u201cAssim a gente consegue diminuir a press\u00e3o sobre os sistemas de sa\u00fade. Se todos adoecerem ao mesmo tempo, n\u00e3o haver\u00e1 espa\u00e7o f\u00edsico, material e pessoas para garantir atendimento eficaz e de qualidade, seja o servi\u00e7o p\u00fablico ou privado, aqui no Brasil ou l\u00e1 fora\u201d, completa a m\u00e9dica.<\/p>\n\n\n\n<p>A profissional avalia como \u201cum erro epidemiol\u00f3gico\u201d liberar o funcionamento de empresas devido ao risco de contamina\u00e7\u00e3o entre as pessoas. \u201cIsso porque como n\u00e3o testamos todo mundo, n\u00e3o temos como saber quem est\u00e1 contaminado ou n\u00e3o. Talvez o sistema pegue e leve dos restaurantes conseguisse funcionar com uma rotina de higiene de m\u00e3os e ambiente pr\u00f3xima do perfeito, mas como garantir que os funcion\u00e1rios n\u00e3o ir\u00e3o ficar \u2018aglomerados\u2019? S\u00e3o Paulo, por exemplo, permanece fechado, assim como EUA e a Europa\u201d, diz.<\/p>\n\n\n\n<p>O m\u00e9dico Diogo Borba, que \u00e9 especialista em Sa\u00fade P\u00fablica e professor da Universidade Federal de Alagoas (Ufal) vai na mesma linha de racioc\u00ednio: o isolamento social \u00e9 a \u00fanica forma de diminuir a progress\u00e3o do cont\u00e1gio pelo Covid-19. \u201c\u00c9 important\u00edssimo o empres\u00e1rio ajustar o funcionamento do servi\u00e7o baseado nesse conceito. Diminui\u00e7\u00e3o do n\u00famero de funcion\u00e1rios, dist\u00e2ncia m\u00ednima entre as pessoas, de 1 a 2 metros pelo menos, e aus\u00eancia de filas no atendimento\u201d, recomenda.<\/p>\n\n\n\n<p>Assessoria<\/p>\n","protected":false},"excerpt":{"rendered":"<p>A imin\u00eancia de um pico de novos casos de coronav\u00edrus no Brasil, prevista para acontecer nos meses<\/p>\n","protected":false},"author":1,"featured_media":10930,"comment_status":"open","ping_status":"open","sticky":false,"template":"","format":"standard","meta":{"footnotes":""},"categories":[60],"tags":[],"class_list":["post-10929","post","type-post","status-publish","format-standard","has-post-thumbnail","hentry","category-capa"],"_links":{"self":[{"href":"https:\/\/4cantosalagoas.com.br\/portal\/wp-json\/wp\/v2\/posts\/10929","targetHints":{"allow":["GET"]}}],"collection":[{"href":"https:\/\/4cantosalagoas.com.br\/portal\/wp-json\/wp\/v2\/posts"}],"about":[{"href":"https:\/\/4cantosalagoas.com.br\/portal\/wp-json\/wp\/v2\/types\/post"}],"author":[{"embeddable":true,"href":"https:\/\/4cantosalagoas.com.br\/portal\/wp-json\/wp\/v2\/users\/1"}],"replies":[{"embeddable":true,"href":"https:\/\/4cantosalagoas.com.br\/portal\/wp-json\/wp\/v2\/comments?post=10929"}],"version-history":[{"count":1,"href":"https:\/\/4cantosalagoas.com.br\/portal\/wp-json\/wp\/v2\/posts\/10929\/revisions"}],"predecessor-version":[{"id":10931,"href":"https:\/\/4cantosalagoas.com.br\/portal\/wp-json\/wp\/v2\/posts\/10929\/revisions\/10931"}],"wp:featuredmedia":[{"embeddable":true,"href":"https:\/\/4cantosalagoas.com.br\/portal\/wp-json\/wp\/v2\/media\/10930"}],"wp:attachment":[{"href":"https:\/\/4cantosalagoas.com.br\/portal\/wp-json\/wp\/v2\/media?parent=10929"}],"wp:term":[{"taxonomy":"category","embeddable":true,"href":"https:\/\/4cantosalagoas.com.br\/portal\/wp-json\/wp\/v2\/categories?post=10929"},{"taxonomy":"post_tag","embeddable":true,"href":"https:\/\/4cantosalagoas.com.br\/portal\/wp-json\/wp\/v2\/tags?post=10929"}],"curies":[{"name":"wp","href":"https:\/\/api.w.org\/{rel}","templated":true}]}}