{"id":10880,"date":"2020-04-01T05:52:09","date_gmt":"2020-04-01T08:52:09","guid":{"rendered":"http:\/\/4cantosalagoas.com.br\/portal\/?p=10880"},"modified":"2020-04-01T05:52:14","modified_gmt":"2020-04-01T08:52:14","slug":"prefeitura-inicia-distribuicao-de-kits-de-merenda-na-quinta-feira","status":"publish","type":"post","link":"https:\/\/4cantosalagoas.com.br\/portal\/prefeitura-inicia-distribuicao-de-kits-de-merenda-na-quinta-feira\/","title":{"rendered":"Prefeitura inicia distribui\u00e7\u00e3o de kits de merenda na quinta-feira"},"content":{"rendered":"\n<figure class=\"wp-block-image\"><img fetchpriority=\"high\" decoding=\"async\" width=\"1024\" height=\"576\" src=\"https:\/\/i2.wp.com\/4cantosalagoas.com.br\/portal\/wp-content\/uploads\/2020\/04\/MERENDA-CRECHES-0000928-1024x576.jpg?fit=1024%2C576\" alt=\"\" class=\"wp-image-10881\" srcset=\"https:\/\/4cantosalagoas.com.br\/portal\/wp-content\/uploads\/2020\/04\/MERENDA-CRECHES-0000928-1024x576.jpg 1024w, https:\/\/4cantosalagoas.com.br\/portal\/wp-content\/uploads\/2020\/04\/MERENDA-CRECHES-0000928-1024x576-300x169.jpg 300w, https:\/\/4cantosalagoas.com.br\/portal\/wp-content\/uploads\/2020\/04\/MERENDA-CRECHES-0000928-1024x576-768x432.jpg 768w\" sizes=\"(max-width: 1024px) 100vw, 1024px\" \/><figcaption> <br>Estudante da Rede Municipal de Educa\u00e7\u00e3o <\/figcaption><\/figure>\n\n\n\n<p> A Prefeitura de Macei\u00f3, por meio da Secretaria Municipal de Educa\u00e7\u00e3o (Semed), iniciar\u00e1, na pr\u00f3xima quinta-feira (02), a distribui\u00e7\u00e3o de 50 mil kits de merenda escolar para alunos da Rede Municipal de Ensino. A medida tem com objetivo garantir o acesso dos estudantes \u00e0 alimenta\u00e7\u00e3o, uma vez que as aulas foram suspensas como forma de preven\u00e7\u00e3o contra o coronav\u00edrus. <\/p>\n\n\n\n<p>A distribui\u00e7\u00e3o, que acontecer\u00e1 nas escolas, ser\u00e1 realizada em tr\u00eas dias (quinta, sexta e s\u00e1bado) e ter\u00e1 in\u00edcio nas unidades situadas na Regi\u00e3o Administrativa II, que engloba os bairros do Trapiche, Levada, Vergel, Dique Estrada, Ponta Grossa e Pontal. Ao todo foram adquiridas 475,3 toneladas de alimentos com investimentos pr\u00f3prios da Prefeitura de Macei\u00f3, no valor de mais R$ 3 milh\u00f5es.<\/p>\n\n\n\n<p>\u201cSabemos que tem muita crian\u00e7a na periferia que tem na merenda escola a sua principal refei\u00e7\u00e3o, ent\u00e3o adquirimos aproximadamente 51 mil cestas nutricionais refor\u00e7adas, que estamos chamando de kit merenda, que vai auxiliar as fam\u00edlias neste momento\u201d, informou o prefeito Rui Palmeira.<\/p>\n\n\n\n<figure class=\"wp-block-image\"><a href=\"http:\/\/www.maceio.al.gov.br\/wp-content\/uploads\/2020\/03\/jpg\/2020\/03\/30032020-Rui-Palmeira-PF_0016.jpg\"><img decoding=\"async\" src=\"http:\/\/www.maceio.al.gov.br\/wp-content\/uploads\/2020\/03\/jpg\/2020\/03\/30032020-Rui-Palmeira-PF_0016-1024x683.jpg\" alt=\"\" class=\"wp-image-358408\"\/><\/a><\/figure>\n\n\n\n<p>Rui Palmeira. Foto: Pei Fon\/ Secom Macei\u00f3<\/p>\n\n\n\n<p>A secret\u00e1ria municipal de Educa\u00e7\u00e3o, Ana Dayse Dorea, ressalta que a decis\u00e3o do prefeito Rui Palmeira e a sua compreens\u00e3o em um momento em que o mundo est\u00e1 vivendo uma pandemia, foram essenciais para garantir que os milhares de alunos da Rede Municipal tenham ,nesse per\u00edodo de isolamento social, a garantia da alimenta\u00e7\u00e3o. \u201cMuitas vezes o aluno tem na escola a merenda&nbsp; como a sua \u00fanica alimenta\u00e7\u00e3o. H\u00e1 fam\u00edlias que t\u00eam mais de um aluno na escola e todos receber\u00e3o o kit\u201d, disse.<\/p>\n\n\n\n<p>\u201cDesde o in\u00edcio dessa pandemia conversamos bastante com os diretores e tra\u00e7ado estrat\u00e9gias juntos. Todos est\u00e3o empenhados a montar uma log\u00edstica que atenda cada escola. Eles est\u00e3o muito bem organizados. \u00c9 importante enfatizar que eles quiseram cooperar e isso fez toda a diferen\u00e7a\u201d, acrescentou Ana Dayse.<\/p>\n\n\n\n<figure class=\"wp-block-image\"><a href=\"http:\/\/www.maceio.al.gov.br\/wp-content\/uploads\/2019\/12\/jpg\/2019\/12\/20MA-Ana-Dayse-Secret%C3%A1ria-de-Educa%C3%A7%C3%A3o-13.jpg\"><img decoding=\"async\" src=\"http:\/\/www.maceio.al.gov.br\/wp-content\/uploads\/2019\/12\/jpg\/2019\/12\/20MA-Ana-Dayse-Secret%C3%A1ria-de-Educa%C3%A7%C3%A3o-13-1024x684.jpg\" alt=\"\" class=\"wp-image-342653\"\/><\/a><\/figure>\n\n\n\n<p>Ana Dayse Dorea, secret\u00e1ria de Educa\u00e7\u00e3o.&nbsp;Foto: Marco Ant\u00f4nio\/ Secom Macei\u00f3<\/p>\n\n\n\n<p>A coordenadora de Alimenta\u00e7\u00e3o Escolar da Semed, Anna Carla Luna, explica que j\u00e1 foi finalizada a fase de planejamento e aquisi\u00e7\u00e3o dos produtos que ir\u00e3o compor o kit de merenda escolar. \u201cO planejamento contou com o apoio dos diretores, gestores e equipe de nutricionistas da Semed, que colaboraram para a defini\u00e7\u00e3o de quais itens entrariam no kit para contribuir na seguran\u00e7a alimentar e nutricional dos alunos\u201d, detalhou.<\/p>\n\n\n\n<p>Anna destaca ainda que contribuindo para a seguran\u00e7a alimentar e nutricional dos alunos, a Semed tem a possibilidade de garantir que, ap\u00f3s esse per\u00edodo de isolamento social, os alunos voltem \u00e0 escola e mantenham o aprendizado. \u201cAssim, com os estudantes nutridos, conseguimos melhorar nossos \u00edndices educacionais\u201d, destaca ela.<\/p>\n\n\n\n<p>Os kits s\u00e3o compostos por alimentos como flocos de milhos, feij\u00e3o, arroz, leite e macarr\u00e3o.<\/p>\n\n\n\n<p><strong>Recomenda\u00e7\u00f5es<\/strong><\/p>\n\n\n\n<p>A coordenadora refor\u00e7a que junto com os kits, as fam\u00edlias ir\u00e3o receber um panfleto educativo de preven\u00e7\u00e3o contra o coronav\u00edrus e informa\u00e7\u00f5es sobre alimenta\u00e7\u00e3o saud\u00e1vel. Anna Carla ressalta que todas as escolas j\u00e1 receberam as recomenda\u00e7\u00f5es de como devem proceder durante a distribui\u00e7\u00e3o dos alimentos. Ela explica ainda que os pais ou respons\u00e1vel devem se dirigir \u00e0 escola na data divulgada pela dire\u00e7\u00e3o&nbsp; para a entrega do kit no hor\u00e1rio que seu filho estuda.<\/p>\n\n\n\n<p>A coordenadora refor\u00e7a que a retirada do kit ser\u00e1 feita pelo pai, m\u00e3e ou respons\u00e1vel em perfeito estado de sa\u00fade e que n\u00e3o esteja no grupo de risco. \u201cOs pais n\u00e3o devem esquecer que \u00e9 preciso levar uma c\u00f3pia do documento pessoal dorespons\u00e1vel pelo aluno matriculado na escola. \u00c9 preciso que sigam as recomenda\u00e7\u00f5es de seguran\u00e7a e que mantenham a dist\u00e2ncia m\u00ednima recomendada para evitar aglomera\u00e7\u00e3o\u201d, finalizou Anna Carla.<\/p>\n\n\n\n<p><strong>Orienta\u00e7\u00f5es&nbsp;<\/strong><\/p>\n\n\n\n<p><strong>Qual ser\u00e1 a data de entrega?<\/strong><br>A data de entrega das kit merenda escolar ser\u00e1 avisada pela dire\u00e7\u00e3o da escola.<\/p>\n\n\n\n<p><strong>Qual hor\u00e1rio?<\/strong><br>Na data divulgada para entrega do kit merenda escolar, dirigir-se para a escola no hor\u00e1rio de aula do estudante<\/p>\n\n\n\n<p><strong>Quem deve ir realizar a retirada da cesta?<\/strong><br>Pai, m\u00e3e ou respons\u00e1vel, em perfeito estado de sa\u00fade e que n\u00e3o se enquadre nos grupos de risco;<\/p>\n\n\n\n<p><strong>O que levar?<\/strong><br>Levar c\u00f3pia do documento pessoal do pai\/m\u00e3e ou respons\u00e1vel.<\/p>\n\n\n\n<p><strong>Quais cuidados no momento da retirada da cesta?<\/strong><br>No momento da distribui\u00e7\u00e3o ser\u00e1 necess\u00e1ria a organiza\u00e7\u00e3o de filas. Contudo, recomenda-se que&nbsp; dist\u00e2ncia entre as pessoas, evitando, desse modo, aglomera\u00e7\u00f5es. Ao chegar em casa, \u00e9 preciso higienizar os itens contidos no kit merenda escolar.<\/p>\n\n\n\n<p>Janaina Farias\/ Ascom Semed<\/p>\n","protected":false},"excerpt":{"rendered":"<p>A Prefeitura de Macei\u00f3, por meio da Secretaria Municipal de Educa\u00e7\u00e3o (Semed), iniciar\u00e1, na pr\u00f3xima quinta-feira (02),<\/p>\n","protected":false},"author":1,"featured_media":10881,"comment_status":"open","ping_status":"open","sticky":false,"template":"","format":"standard","meta":{"footnotes":""},"categories":[60],"tags":[],"class_list":["post-10880","post","type-post","status-publish","format-standard","has-post-thumbnail","hentry","category-capa"],"_links":{"self":[{"href":"https:\/\/4cantosalagoas.com.br\/portal\/wp-json\/wp\/v2\/posts\/10880","targetHints":{"allow":["GET"]}}],"collection":[{"href":"https:\/\/4cantosalagoas.com.br\/portal\/wp-json\/wp\/v2\/posts"}],"about":[{"href":"https:\/\/4cantosalagoas.com.br\/portal\/wp-json\/wp\/v2\/types\/post"}],"author":[{"embeddable":true,"href":"https:\/\/4cantosalagoas.com.br\/portal\/wp-json\/wp\/v2\/users\/1"}],"replies":[{"embeddable":true,"href":"https:\/\/4cantosalagoas.com.br\/portal\/wp-json\/wp\/v2\/comments?post=10880"}],"version-history":[{"count":1,"href":"https:\/\/4cantosalagoas.com.br\/portal\/wp-json\/wp\/v2\/posts\/10880\/revisions"}],"predecessor-version":[{"id":10882,"href":"https:\/\/4cantosalagoas.com.br\/portal\/wp-json\/wp\/v2\/posts\/10880\/revisions\/10882"}],"wp:featuredmedia":[{"embeddable":true,"href":"https:\/\/4cantosalagoas.com.br\/portal\/wp-json\/wp\/v2\/media\/10881"}],"wp:attachment":[{"href":"https:\/\/4cantosalagoas.com.br\/portal\/wp-json\/wp\/v2\/media?parent=10880"}],"wp:term":[{"taxonomy":"category","embeddable":true,"href":"https:\/\/4cantosalagoas.com.br\/portal\/wp-json\/wp\/v2\/categories?post=10880"},{"taxonomy":"post_tag","embeddable":true,"href":"https:\/\/4cantosalagoas.com.br\/portal\/wp-json\/wp\/v2\/tags?post=10880"}],"curies":[{"name":"wp","href":"https:\/\/api.w.org\/{rel}","templated":true}]}}