{"id":10871,"date":"2020-03-31T20:01:54","date_gmt":"2020-03-31T23:01:54","guid":{"rendered":"http:\/\/4cantosalagoas.com.br\/portal\/?p=10871"},"modified":"2020-03-31T20:01:59","modified_gmt":"2020-03-31T23:01:59","slug":"nesta-quarta-linhas-715-passarao-a-atender-regiao-da-cambona","status":"publish","type":"post","link":"https:\/\/4cantosalagoas.com.br\/portal\/nesta-quarta-linhas-715-passarao-a-atender-regiao-da-cambona\/","title":{"rendered":"Nesta quarta: linhas 715 passar\u00e3o a atender regi\u00e3o da Cambona"},"content":{"rendered":"\n<figure class=\"wp-block-image\"><img fetchpriority=\"high\" decoding=\"async\" width=\"1024\" height=\"683\" src=\"https:\/\/i0.wp.com\/4cantosalagoas.com.br\/portal\/wp-content\/uploads\/2020\/03\/buns.jpg?fit=1024%2C683\" alt=\"\" class=\"wp-image-10872\" srcset=\"https:\/\/4cantosalagoas.com.br\/portal\/wp-content\/uploads\/2020\/03\/buns.jpg 1024w, https:\/\/4cantosalagoas.com.br\/portal\/wp-content\/uploads\/2020\/03\/buns-300x200.jpg 300w, https:\/\/4cantosalagoas.com.br\/portal\/wp-content\/uploads\/2020\/03\/buns-768x512.jpg 768w\" sizes=\"(max-width: 1024px) 100vw, 1024px\" \/><figcaption> <br>Linhas 715 passar\u00e3o a atender regi\u00e3o da Cambona a partir desta quarta-feira 1\u00ba de abril. Foto: Pei Fon\/ Secom Macei\u00f3 <\/figcaption><\/figure>\n\n\n\n<p>A Superintend\u00eancia Municipal de Transportes e Tr\u00e2nsito (SMTT) informa \u00e0 popula\u00e7\u00e3o, que a partir desta quarta-feira, primeiro de abril, as linhas 715 \u2013 Rio Novo\/Ponta Verde e 715 \u2013 Rosane Collor\/Ponta Verde passar\u00e3o a atender ao bairro da Cambona. As altera\u00e7\u00f5es nos itiner\u00e1rios acontecem ap\u00f3s a interdi\u00e7\u00e3o de um trecho da Avenida Major C\u00edcero de G\u00f3es Monteiro, no Mutange, ap\u00f3s recomenda\u00e7\u00e3o das equipes t\u00e9cnicas da Defesa Civil de Macei\u00f3 e do Servi\u00e7o Geol\u00f3gico do Brasil (CPRM).<\/p>\n\n\n\n<p>Com a altera\u00e7\u00e3o, no trajeto de&nbsp;<strong>IDA<\/strong>&nbsp;os coletivos urbanos passar\u00e3o pela Rua \u00cdris Alagoense e percorrer\u00e3o a Avenida Governador Afr\u00e2nio Lages (Leste-Oeste) at\u00e9 as proximidades do posto de combust\u00edveis Cambona, de onde retornar\u00e3o. Deste ponto, os coletivos seguir\u00e3o para o Terminal Rodovi\u00e1rio, no Feitosa, e seguir\u00e3o com seus trajetos habituais.<\/p>\n\n\n\n<p>J\u00e1 na&nbsp;<strong>VOLTA<\/strong>, a partir do Terminal Rodovi\u00e1rio, os \u00f4nibus se deslocar\u00e3o pela Avenida Governador Afr\u00e2nio Lages (Leste-Oeste), at\u00e9 a altura do posto de combust\u00edveis Cambona, onde ser\u00e1 efetuado o retorno. Deste ponto, os coletivos seguir\u00e3o pela Avenida Governador Afr\u00e2nio Lages (Leste-Oeste), passando pelas ruas Joaquim Nabuco e Dom Vital, at\u00e9 acessar a Avenida Fernandes Lima, de onde seguir\u00e3o para o bairro do Bebedouro (via Sanat\u00f3rio).<\/p>\n\n\n\n<p>Ascom SMTT<\/p>\n","protected":false},"excerpt":{"rendered":"<p>A Superintend\u00eancia Municipal de Transportes e Tr\u00e2nsito (SMTT) informa \u00e0 popula\u00e7\u00e3o, que a partir desta quarta-feira, primeiro<\/p>\n","protected":false},"author":1,"featured_media":10872,"comment_status":"open","ping_status":"open","sticky":false,"template":"","format":"standard","meta":{"footnotes":""},"categories":[5],"tags":[],"class_list":["post-10871","post","type-post","status-publish","format-standard","has-post-thumbnail","hentry","category-maceio"],"_links":{"self":[{"href":"https:\/\/4cantosalagoas.com.br\/portal\/wp-json\/wp\/v2\/posts\/10871","targetHints":{"allow":["GET"]}}],"collection":[{"href":"https:\/\/4cantosalagoas.com.br\/portal\/wp-json\/wp\/v2\/posts"}],"about":[{"href":"https:\/\/4cantosalagoas.com.br\/portal\/wp-json\/wp\/v2\/types\/post"}],"author":[{"embeddable":true,"href":"https:\/\/4cantosalagoas.com.br\/portal\/wp-json\/wp\/v2\/users\/1"}],"replies":[{"embeddable":true,"href":"https:\/\/4cantosalagoas.com.br\/portal\/wp-json\/wp\/v2\/comments?post=10871"}],"version-history":[{"count":1,"href":"https:\/\/4cantosalagoas.com.br\/portal\/wp-json\/wp\/v2\/posts\/10871\/revisions"}],"predecessor-version":[{"id":10873,"href":"https:\/\/4cantosalagoas.com.br\/portal\/wp-json\/wp\/v2\/posts\/10871\/revisions\/10873"}],"wp:featuredmedia":[{"embeddable":true,"href":"https:\/\/4cantosalagoas.com.br\/portal\/wp-json\/wp\/v2\/media\/10872"}],"wp:attachment":[{"href":"https:\/\/4cantosalagoas.com.br\/portal\/wp-json\/wp\/v2\/media?parent=10871"}],"wp:term":[{"taxonomy":"category","embeddable":true,"href":"https:\/\/4cantosalagoas.com.br\/portal\/wp-json\/wp\/v2\/categories?post=10871"},{"taxonomy":"post_tag","embeddable":true,"href":"https:\/\/4cantosalagoas.com.br\/portal\/wp-json\/wp\/v2\/tags?post=10871"}],"curies":[{"name":"wp","href":"https:\/\/api.w.org\/{rel}","templated":true}]}}