{"id":10852,"date":"2020-03-30T08:50:51","date_gmt":"2020-03-30T11:50:51","guid":{"rendered":"http:\/\/4cantosalagoas.com.br\/portal\/?p=10852"},"modified":"2020-03-30T08:50:57","modified_gmt":"2020-03-30T11:50:57","slug":"semarh-emite-alerta-hidrologico-sobre-nivel-do-rio-ipanema","status":"publish","type":"post","link":"https:\/\/4cantosalagoas.com.br\/portal\/semarh-emite-alerta-hidrologico-sobre-nivel-do-rio-ipanema\/","title":{"rendered":"Semarh emite alerta hidrol\u00f3gico sobre n\u00edvel do Rio Ipanema"},"content":{"rendered":"\n<figure class=\"wp-block-image\"><img fetchpriority=\"high\" decoding=\"async\" width=\"600\" height=\"400\" src=\"http:\/\/4cantosalagoas.com.br\/portal\/wp-content\/uploads\/2020\/03\/nivel.jpg\" alt=\"\" class=\"wp-image-10853\" srcset=\"https:\/\/4cantosalagoas.com.br\/portal\/wp-content\/uploads\/2020\/03\/nivel.jpg 600w, https:\/\/4cantosalagoas.com.br\/portal\/wp-content\/uploads\/2020\/03\/nivel-300x200.jpg 300w\" sizes=\"(max-width: 600px) 100vw, 600px\" \/><figcaption> <br>Precis\u00e3o da localiza\u00e7\u00e3o e intensidade s\u00f3 poder\u00e1 ser prevista com algumas horas de anteced\u00eancia Foto\/<em>Ascom Semarh<\/em> <\/figcaption><\/figure>\n\n\n\n<p>Chuvas que vem ocorrendo na regi\u00e3o devem elevar o n\u00edvel do rio e impactar os munic\u00edpios de Po\u00e7o das Trincheiras, Santana do Ipanema e localidades pr\u00f3ximas<\/p>\n\n\n\n<p>A Sala de Alerta da Secretaria de Estado do Meio Ambiente e dos Recursos H\u00eddricos (Semarh) emitiu um aviso hidrol\u00f3gico, na noite deste domingo (29), informando que as chuvas que vem ocorrendo sobre a regi\u00e3o da Bacia Hidrogr\u00e1fica do Rio Ipanema devem elevar o n\u00edvel do rio e poder\u00e3o impactar os munic\u00edpios de Po\u00e7o das Trincheiras, Santana do Ipanema e localidades pr\u00f3ximas nesta segunda-feira (30).<\/p>\n\n\n\n<p>De acordo com o aviso da Sala de Alerta, informa\u00e7\u00f5es da Plataforma de Coleta de Dados da Semarh, situada no munic\u00edpio de Santana do Ipanema, demonstram que o n\u00edvel do Rio Ipanema atingiu a cota de 364,4 cm \u00e0s 22h00 deste domingo e encontra-se 81 cm abaixo da cota de Inunda\u00e7\u00e3o, que \u00e9 de 445 cm.<\/p>\n\n\n\n<p>Como a previs\u00e3o \u00e9 de chuva com intensidade moderada entre a noite deste domingo e madrugada da segunda-feira, podendo tamb\u00e9m ocorrer pancadas em pontos isolados da Bacia Hidrogr\u00e1fica do Ipanema no estado de Pernambuco, existe a possibilidade de inunda\u00e7\u00e3o das casas mais pr\u00f3ximas ao leito do rio principal e adjac\u00eancias, al\u00e9m de alagamentos em \u00e1reas urbanas com defici\u00eancia de drenagem urbana, caso ocorram pancadas de chuva intensas nessas regi\u00f5es.<\/p>\n\n\n\n<p>A Sala de Alerta est\u00e1 monitorando as condi\u00e7\u00f5es sin\u00f3ticas e hidrol\u00f3gicas e novas atualiza\u00e7\u00f5es poder\u00e3o ser enviadas a qualquer momento. O acompanhamento da previs\u00e3o do tempo e do monitoramento dos rios pode ser feito pelo site da Semarh, por meio dos seguintes links: &nbsp;<a href=\"http:\/\/www.semarh.al.gov.br\/tempo-eclima\/previsao\" target=\"_blank\" rel=\"noreferrer noopener\">http:\/\/www.semarh.al.gov.br\/tempo-eclima\/previsao<\/a>&nbsp;e&nbsp;<a href=\"http:\/\/www.semarh.al.gov.br\/boletim-hidrologico\" target=\"_blank\" rel=\"noreferrer noopener\">http:\/\/www.semarh.al.gov.br\/boletim-hidrologico<\/a><\/p>\n","protected":false},"excerpt":{"rendered":"<p>Chuvas que vem ocorrendo na regi\u00e3o devem elevar o n\u00edvel do rio e impactar os munic\u00edpios de<\/p>\n","protected":false},"author":1,"featured_media":10853,"comment_status":"open","ping_status":"open","sticky":false,"template":"","format":"standard","meta":{"footnotes":""},"categories":[60],"tags":[],"class_list":["post-10852","post","type-post","status-publish","format-standard","has-post-thumbnail","hentry","category-capa"],"_links":{"self":[{"href":"https:\/\/4cantosalagoas.com.br\/portal\/wp-json\/wp\/v2\/posts\/10852","targetHints":{"allow":["GET"]}}],"collection":[{"href":"https:\/\/4cantosalagoas.com.br\/portal\/wp-json\/wp\/v2\/posts"}],"about":[{"href":"https:\/\/4cantosalagoas.com.br\/portal\/wp-json\/wp\/v2\/types\/post"}],"author":[{"embeddable":true,"href":"https:\/\/4cantosalagoas.com.br\/portal\/wp-json\/wp\/v2\/users\/1"}],"replies":[{"embeddable":true,"href":"https:\/\/4cantosalagoas.com.br\/portal\/wp-json\/wp\/v2\/comments?post=10852"}],"version-history":[{"count":1,"href":"https:\/\/4cantosalagoas.com.br\/portal\/wp-json\/wp\/v2\/posts\/10852\/revisions"}],"predecessor-version":[{"id":10854,"href":"https:\/\/4cantosalagoas.com.br\/portal\/wp-json\/wp\/v2\/posts\/10852\/revisions\/10854"}],"wp:featuredmedia":[{"embeddable":true,"href":"https:\/\/4cantosalagoas.com.br\/portal\/wp-json\/wp\/v2\/media\/10853"}],"wp:attachment":[{"href":"https:\/\/4cantosalagoas.com.br\/portal\/wp-json\/wp\/v2\/media?parent=10852"}],"wp:term":[{"taxonomy":"category","embeddable":true,"href":"https:\/\/4cantosalagoas.com.br\/portal\/wp-json\/wp\/v2\/categories?post=10852"},{"taxonomy":"post_tag","embeddable":true,"href":"https:\/\/4cantosalagoas.com.br\/portal\/wp-json\/wp\/v2\/tags?post=10852"}],"curies":[{"name":"wp","href":"https:\/\/api.w.org\/{rel}","templated":true}]}}