{"id":10846,"date":"2020-03-29T09:22:18","date_gmt":"2020-03-29T12:22:18","guid":{"rendered":"http:\/\/4cantosalagoas.com.br\/portal\/?p=10846"},"modified":"2020-03-29T09:23:40","modified_gmt":"2020-03-29T12:23:40","slug":"governo-vai-prorrogar-decreto-mas-com-mudancas-em-relacao-ao-comercio","status":"publish","type":"post","link":"https:\/\/4cantosalagoas.com.br\/portal\/governo-vai-prorrogar-decreto-mas-com-mudancas-em-relacao-ao-comercio\/","title":{"rendered":"Governo vai prorrogar decreto, mas com mudan\u00e7as em rela\u00e7\u00e3o ao com\u00e9rcio"},"content":{"rendered":"\n<figure class=\"wp-block-image\"><img fetchpriority=\"high\" decoding=\"async\" width=\"600\" height=\"400\" src=\"http:\/\/4cantosalagoas.com.br\/portal\/wp-content\/uploads\/2020\/03\/govert.jpg\" alt=\"\" class=\"wp-image-10847\" srcset=\"https:\/\/4cantosalagoas.com.br\/portal\/wp-content\/uploads\/2020\/03\/govert.jpg 600w, https:\/\/4cantosalagoas.com.br\/portal\/wp-content\/uploads\/2020\/03\/govert-300x200.jpg 300w\" sizes=\"(max-width: 600px) 100vw, 600px\" \/><figcaption> <br><br>Governador refor\u00e7a a necessidade da manuten\u00e7\u00e3o do isolamento social para achatar a curva de crescimento do v\u00edrus em Alagoas Foto\/<em>M\u00e1rcio Ferreira<\/em> <\/figcaption><\/figure>\n\n\n\n<p>O governo do Estado vai contratar 500 profissionais de sa\u00fade para atuar nas unidades destinadas ao atendimento de casos de coronav\u00edrus em Alagoas. Em coletiva on line neste s\u00e1bado (28), o governador Renan Filho tamb\u00e9m anunciou a prorroga\u00e7\u00e3o do decreto de situa\u00e7\u00e3o de emerg\u00eancia para conter o avan\u00e7o da Covid-19.<\/p>\n\n\n\n<p>De acordo com o governador, o novo decreto ser\u00e1 publicado na segunda-feira (30) e deve trazer mudan\u00e7as em rela\u00e7\u00e3o ao com\u00e9rcio local.&nbsp;Ele voltou a defender as medidas preventivas de distanciamento social para barrar a dissemina\u00e7\u00e3o da doen\u00e7a, achatando a curva de cont\u00e1gio e evitando o colapso do sistema hospitalar.<\/p>\n\n\n\n<p>\u201cO decreto ter\u00e1 algumas novidades. Estamos avaliando o tempo de dura\u00e7\u00e3o, mas \u00e9 prov\u00e1vel que seja bem pr\u00f3ximo do prazo do primeiro (10 dias)\u201d, disse Renan Filho.<\/p>\n\n\n\n<p>Segundo o governador, as medidas de distanciamento social s\u00e3o fundamentais para que o Estado conclua o processo de remodelagem da rede de sa\u00fade que est\u00e1 sendo preparada. A meta \u00e9 disponibilizar, at\u00e9 30 de abril, cerca de 500 leitos para tratar a Covid-19 em Alagoas, tanto de UTIs (Unidades de Terapia Intensiva) como de retaguarda para tratar os casos cl\u00ednicos. Os primeiros 105 leitos de UTI devem ficar prontos na segunda-feira (30).<\/p>\n\n\n\n<p>O secret\u00e1rio de Estado da Sa\u00fade, Alexandre Ayres, afirma que o chamamento p\u00fablico para contrata\u00e7\u00e3o de profissionais ser\u00e1 feito nesta segunda-feira (30). De acordo com ele, ser\u00e3o promovidas cerca de 500 contrata\u00e7\u00f5es. Eles v\u00e3o integrar a for\u00e7a tarefa que atuar\u00e1 nas unidades destinadas a atender os casos de coronav\u00edrus em Alagoas, a exemplo do Hospital da Mulher (HM).<\/p>\n\n\n\n<p>\u201cIremos contratar muitos profissionais como m\u00e9dicos, t\u00e9cnicos de enfermagem, nutricionistas, psic\u00f3logos, enfermeiros. No site da Sa\u00fade, vai sair o chamamento com um prazo curto de 48 horas para que as pessoas encaminhem os curr\u00edculos, atrav\u00e9s de e-mail, para que fa\u00e7amos uma r\u00e1pida sele\u00e7\u00e3o e contratemos pessoas capazes de ajudar alagoanos e alagoanas que precisem de tratamento nesse per\u00edodo t\u00e3o dif\u00edcil\u201d, explicou.<\/p>\n\n\n\n<p>Em rela\u00e7\u00e3o \u00e0 retomada das aulas, Renan Filho disse que as aulas na rede p\u00fablica estadual de ensino permanecer\u00e3o suspensas como medida preventiva.<\/p>\n\n\n\n<p>\u201cOs jovens n\u00e3o desenvolvem com mais gravidade a doen\u00e7a, mas a levam para o seio familiar, de maneira que a gente precisa permanecer com as aulas paradas. O pa\u00eds inteiro prorrogou esse prazo. Nosso decreto vai at\u00e9 segunda-feira, mas soltarei um novo decreto prorrogando o per\u00edodo preventivo, mantendo as pessoas em casa, preservando, tamb\u00e9m, a sa\u00fade de professores e de servidores da Educa\u00e7\u00e3o\u201d, afirmou o governador.<\/p>\n\n\n\n<p>Assessoria<\/p>\n","protected":false},"excerpt":{"rendered":"<p>O governo do Estado vai contratar 500 profissionais de sa\u00fade para atuar nas unidades destinadas ao atendimento<\/p>\n","protected":false},"author":1,"featured_media":10847,"comment_status":"open","ping_status":"open","sticky":false,"template":"","format":"standard","meta":{"footnotes":""},"categories":[60],"tags":[],"class_list":["post-10846","post","type-post","status-publish","format-standard","has-post-thumbnail","hentry","category-capa"],"_links":{"self":[{"href":"https:\/\/4cantosalagoas.com.br\/portal\/wp-json\/wp\/v2\/posts\/10846","targetHints":{"allow":["GET"]}}],"collection":[{"href":"https:\/\/4cantosalagoas.com.br\/portal\/wp-json\/wp\/v2\/posts"}],"about":[{"href":"https:\/\/4cantosalagoas.com.br\/portal\/wp-json\/wp\/v2\/types\/post"}],"author":[{"embeddable":true,"href":"https:\/\/4cantosalagoas.com.br\/portal\/wp-json\/wp\/v2\/users\/1"}],"replies":[{"embeddable":true,"href":"https:\/\/4cantosalagoas.com.br\/portal\/wp-json\/wp\/v2\/comments?post=10846"}],"version-history":[{"count":2,"href":"https:\/\/4cantosalagoas.com.br\/portal\/wp-json\/wp\/v2\/posts\/10846\/revisions"}],"predecessor-version":[{"id":10849,"href":"https:\/\/4cantosalagoas.com.br\/portal\/wp-json\/wp\/v2\/posts\/10846\/revisions\/10849"}],"wp:featuredmedia":[{"embeddable":true,"href":"https:\/\/4cantosalagoas.com.br\/portal\/wp-json\/wp\/v2\/media\/10847"}],"wp:attachment":[{"href":"https:\/\/4cantosalagoas.com.br\/portal\/wp-json\/wp\/v2\/media?parent=10846"}],"wp:term":[{"taxonomy":"category","embeddable":true,"href":"https:\/\/4cantosalagoas.com.br\/portal\/wp-json\/wp\/v2\/categories?post=10846"},{"taxonomy":"post_tag","embeddable":true,"href":"https:\/\/4cantosalagoas.com.br\/portal\/wp-json\/wp\/v2\/tags?post=10846"}],"curies":[{"name":"wp","href":"https:\/\/api.w.org\/{rel}","templated":true}]}}