{"id":10775,"date":"2020-03-25T08:14:07","date_gmt":"2020-03-25T11:14:07","guid":{"rendered":"http:\/\/4cantosalagoas.com.br\/portal\/?p=10775"},"modified":"2020-03-25T08:14:31","modified_gmt":"2020-03-25T11:14:31","slug":"carro-e-incendiado-apos-capotamento-em-quebrangulo","status":"publish","type":"post","link":"https:\/\/4cantosalagoas.com.br\/portal\/carro-e-incendiado-apos-capotamento-em-quebrangulo\/","title":{"rendered":"Carro \u00e9 incendiado ap\u00f3s capotamento em Quebrangulo"},"content":{"rendered":"\n<figure class=\"wp-block-image\"><img fetchpriority=\"high\" decoding=\"async\" width=\"1045\" height=\"748\" src=\"https:\/\/i0.wp.com\/4cantosalagoas.com.br\/portal\/wp-content\/uploads\/2020\/03\/capot.jpg?fit=1024%2C733\" alt=\"\" class=\"wp-image-10776\" srcset=\"https:\/\/4cantosalagoas.com.br\/portal\/wp-content\/uploads\/2020\/03\/capot.jpg 1045w, https:\/\/4cantosalagoas.com.br\/portal\/wp-content\/uploads\/2020\/03\/capot-300x215.jpg 300w, https:\/\/4cantosalagoas.com.br\/portal\/wp-content\/uploads\/2020\/03\/capot-768x550.jpg 768w, https:\/\/4cantosalagoas.com.br\/portal\/wp-content\/uploads\/2020\/03\/capot-1024x733.jpg 1024w\" sizes=\"(max-width: 1045px) 100vw, 1045px\" \/><figcaption> <br><strong>Carro \u00e9 incendiado ap\u00f3s capotamento em Quebrangulo<\/strong><br>Redes sociais <\/figcaption><\/figure>\n\n\n\n<p>Um acidente foi registrado na noite desta ter\u00e7a-feira (24) em uma ladeira no municipio de Quebrangulo, na regi\u00e3o do Vale do Para\u00edba, em Alagoas.&nbsp;<\/p>\n\n\n\n<p>De&nbsp; acordo com as primeiras informa\u00e7\u00f5es, o carrro seguia pela rodovia AL 210 , quando o condutor do ve\u00edculo perdeu a dire\u00e7\u00e3o e houve o capotamento.&nbsp;<\/p>\n\n\n\n<p>O motorista, que n\u00e3o teve a identidade revelada, conseguiu sair de dentro do ve\u00edculo, antes que o carro fosse coberto pela labaredas de fogo&nbsp;<\/p>\n\n\n\n<p>O Corpo de Bombeiros Militar de Alagoas (CBMAL) foi acionado e utilizou duas viaturas e seis bombeiros para controlar o inc\u00eandio no ve\u00edculo.\u00a0<\/p>\n\n\n\n<p>Fonte: 7segundos<\/p>\n","protected":false},"excerpt":{"rendered":"<p>Um acidente foi registrado na noite desta ter\u00e7a-feira (24) em uma ladeira no municipio de Quebrangulo, na<\/p>\n","protected":false},"author":1,"featured_media":10776,"comment_status":"open","ping_status":"open","sticky":false,"template":"","format":"standard","meta":{"footnotes":""},"categories":[60],"tags":[],"class_list":["post-10775","post","type-post","status-publish","format-standard","has-post-thumbnail","hentry","category-capa"],"_links":{"self":[{"href":"https:\/\/4cantosalagoas.com.br\/portal\/wp-json\/wp\/v2\/posts\/10775","targetHints":{"allow":["GET"]}}],"collection":[{"href":"https:\/\/4cantosalagoas.com.br\/portal\/wp-json\/wp\/v2\/posts"}],"about":[{"href":"https:\/\/4cantosalagoas.com.br\/portal\/wp-json\/wp\/v2\/types\/post"}],"author":[{"embeddable":true,"href":"https:\/\/4cantosalagoas.com.br\/portal\/wp-json\/wp\/v2\/users\/1"}],"replies":[{"embeddable":true,"href":"https:\/\/4cantosalagoas.com.br\/portal\/wp-json\/wp\/v2\/comments?post=10775"}],"version-history":[{"count":1,"href":"https:\/\/4cantosalagoas.com.br\/portal\/wp-json\/wp\/v2\/posts\/10775\/revisions"}],"predecessor-version":[{"id":10777,"href":"https:\/\/4cantosalagoas.com.br\/portal\/wp-json\/wp\/v2\/posts\/10775\/revisions\/10777"}],"wp:featuredmedia":[{"embeddable":true,"href":"https:\/\/4cantosalagoas.com.br\/portal\/wp-json\/wp\/v2\/media\/10776"}],"wp:attachment":[{"href":"https:\/\/4cantosalagoas.com.br\/portal\/wp-json\/wp\/v2\/media?parent=10775"}],"wp:term":[{"taxonomy":"category","embeddable":true,"href":"https:\/\/4cantosalagoas.com.br\/portal\/wp-json\/wp\/v2\/categories?post=10775"},{"taxonomy":"post_tag","embeddable":true,"href":"https:\/\/4cantosalagoas.com.br\/portal\/wp-json\/wp\/v2\/tags?post=10775"}],"curies":[{"name":"wp","href":"https:\/\/api.w.org\/{rel}","templated":true}]}}