{"id":10767,"date":"2020-03-25T07:45:29","date_gmt":"2020-03-25T10:45:29","guid":{"rendered":"http:\/\/4cantosalagoas.com.br\/portal\/?p=10767"},"modified":"2020-03-26T07:37:20","modified_gmt":"2020-03-26T10:37:20","slug":"boletim-covid-19-24-03-20-alagoas-tem-dez-casos-confirmados","status":"publish","type":"post","link":"https:\/\/4cantosalagoas.com.br\/portal\/boletim-covid-19-24-03-20-alagoas-tem-dez-casos-confirmados\/","title":{"rendered":"Boletim Covid-19: Alagoas tem 10 casos confirmados"},"content":{"rendered":"\n<figure class=\"wp-block-image\"><img fetchpriority=\"high\" decoding=\"async\" width=\"565\" height=\"278\" src=\"http:\/\/4cantosalagoas.com.br\/portal\/wp-content\/uploads\/2020\/02\/virus.jpg\" alt=\"\" class=\"wp-image-10457\" srcset=\"https:\/\/4cantosalagoas.com.br\/portal\/wp-content\/uploads\/2020\/02\/virus.jpg 565w, https:\/\/4cantosalagoas.com.br\/portal\/wp-content\/uploads\/2020\/02\/virus-300x148.jpg 300w\" sizes=\"(max-width: 565px) 100vw, 565px\" \/><figcaption>Reprodu\u00e7\u00e3o<\/figcaption><\/figure>\n\n\n\n<p>A Secretaria de Estado da Sa\u00fade (Sesau) informa, nesta ter\u00e7a-feira (24\/03), que o boletim epidemiol\u00f3gico atualizado pelo Centro de Informa\u00e7\u00f5es Estrat\u00e9gicas em Vigil\u00e2ncia em Sa\u00fade (Cievs), mostra que Alagoas conta com 10 casos confirmados para o novo coronav\u00edrus (Covid-19).<\/p>\n\n\n\n<p>Os casos em investiga\u00e7\u00e3o para Covid-19 s\u00e3o 175, enquanto que 104 casos foram descartados. As informa\u00e7\u00f5es sobre a situa\u00e7\u00e3o atual foram repassadas pelo governador Renan Filho durante transmiss\u00e3o ao vivo pelos perfis do Governo de Alagoas nas redes sociais, bem como no seu perfil pessoal no Instagram e Facebook.<\/p>\n\n\n\n<p>\u201cForam dois novos casos de Covid-19. Ou seja, temos 10 casos e todos est\u00e3o localizados em Macei\u00f3. N\u00e3o temos nenhum caso de Covid-19 no interior do Estado\u201d, refor\u00e7ou o governador Renan Filho.<\/p>\n\n\n\n<p>O governador anunciou que os resultados do boletim epidemiol\u00f3gico ser\u00e3o divulgados, a partir desta quarta-feira (25), \u00e0s 12h, pelo Governo de Alagoas.<\/p>\n\n\n\n<p>O governador refor\u00e7ou, o informe encaminhado pela Secretaria de Estado da Sa\u00fade (Sesau), na tarde desta ter\u00e7a, que o Estado aguarda o resultado dos testes laboratoriais, via Laborat\u00f3rio Central de Alagoas (Lacen-AL), para ter conhecimento se o homem de 63 anos que faleceu em um hospital particular testou positivo ou negativo para o novo coronav\u00edrus.<\/p>\n\n\n\n<p>Assessoria<\/p>\n","protected":false},"excerpt":{"rendered":"<p>A Secretaria de Estado da Sa\u00fade (Sesau) informa, nesta ter\u00e7a-feira (24\/03), que o boletim epidemiol\u00f3gico atualizado pelo<\/p>\n","protected":false},"author":1,"featured_media":10457,"comment_status":"open","ping_status":"open","sticky":false,"template":"","format":"standard","meta":{"footnotes":""},"categories":[4],"tags":[],"class_list":["post-10767","post","type-post","status-publish","format-standard","has-post-thumbnail","hentry","category-noticias"],"_links":{"self":[{"href":"https:\/\/4cantosalagoas.com.br\/portal\/wp-json\/wp\/v2\/posts\/10767","targetHints":{"allow":["GET"]}}],"collection":[{"href":"https:\/\/4cantosalagoas.com.br\/portal\/wp-json\/wp\/v2\/posts"}],"about":[{"href":"https:\/\/4cantosalagoas.com.br\/portal\/wp-json\/wp\/v2\/types\/post"}],"author":[{"embeddable":true,"href":"https:\/\/4cantosalagoas.com.br\/portal\/wp-json\/wp\/v2\/users\/1"}],"replies":[{"embeddable":true,"href":"https:\/\/4cantosalagoas.com.br\/portal\/wp-json\/wp\/v2\/comments?post=10767"}],"version-history":[{"count":2,"href":"https:\/\/4cantosalagoas.com.br\/portal\/wp-json\/wp\/v2\/posts\/10767\/revisions"}],"predecessor-version":[{"id":10771,"href":"https:\/\/4cantosalagoas.com.br\/portal\/wp-json\/wp\/v2\/posts\/10767\/revisions\/10771"}],"wp:featuredmedia":[{"embeddable":true,"href":"https:\/\/4cantosalagoas.com.br\/portal\/wp-json\/wp\/v2\/media\/10457"}],"wp:attachment":[{"href":"https:\/\/4cantosalagoas.com.br\/portal\/wp-json\/wp\/v2\/media?parent=10767"}],"wp:term":[{"taxonomy":"category","embeddable":true,"href":"https:\/\/4cantosalagoas.com.br\/portal\/wp-json\/wp\/v2\/categories?post=10767"},{"taxonomy":"post_tag","embeddable":true,"href":"https:\/\/4cantosalagoas.com.br\/portal\/wp-json\/wp\/v2\/tags?post=10767"}],"curies":[{"name":"wp","href":"https:\/\/api.w.org\/{rel}","templated":true}]}}