{"id":10743,"date":"2020-03-23T20:03:29","date_gmt":"2020-03-23T23:03:29","guid":{"rendered":"http:\/\/4cantosalagoas.com.br\/portal\/?p=10743"},"modified":"2020-03-23T20:03:35","modified_gmt":"2020-03-23T23:03:35","slug":"coronavirus-portaria-suspende-uso-do-bem-legal-escolar-e-o-domingo-e-meia","status":"publish","type":"post","link":"https:\/\/4cantosalagoas.com.br\/portal\/coronavirus-portaria-suspende-uso-do-bem-legal-escolar-e-o-domingo-e-meia\/","title":{"rendered":"Coronav\u00edrus: portaria suspende uso do Bem Legal Escolar e o Domingo \u00e9 Meia"},"content":{"rendered":"\n<figure class=\"wp-block-image\"><img fetchpriority=\"high\" decoding=\"async\" width=\"1024\" height=\"683\" src=\"https:\/\/i0.wp.com\/4cantosalagoas.com.br\/portal\/wp-content\/uploads\/2020\/03\/05092019-Cartao-Bem-Legal-PF_0034-1024x683.jpg?fit=1024%2C683\" alt=\"\" class=\"wp-image-10744\" srcset=\"https:\/\/4cantosalagoas.com.br\/portal\/wp-content\/uploads\/2020\/03\/05092019-Cartao-Bem-Legal-PF_0034-1024x683.jpg 1024w, https:\/\/4cantosalagoas.com.br\/portal\/wp-content\/uploads\/2020\/03\/05092019-Cartao-Bem-Legal-PF_0034-1024x683-300x200.jpg 300w, https:\/\/4cantosalagoas.com.br\/portal\/wp-content\/uploads\/2020\/03\/05092019-Cartao-Bem-Legal-PF_0034-1024x683-768x512.jpg 768w\" sizes=\"(max-width: 1024px) 100vw, 1024px\" \/><figcaption> <br>Portaria suspende uso do Bem Legal Escolar e o Domingo \u00e9 Meia. Foto: Pei Fon\/ Secom Macei\u00f3 <\/figcaption><\/figure>\n\n\n\n<p>A Prefeitura de Macei\u00f3, por meio da Superintend\u00eancia Municipal de Transportes e Tr\u00e2nsito (SMTT), publicar\u00e1, na edi\u00e7\u00e3o do Di\u00e1rio Oficial do Munic\u00edpio (DOM) desta ter\u00e7a-feira (24), a portaria de n\u00ba 69\/2020, que suspende, pelo prazo de 15 dias, a utiliza\u00e7\u00e3o do Cart\u00e3o Bem Legal na modalidade Escolar e o benef\u00edcio do Domingo \u00e9 Meia no Sistema Integrado de Mobilidade de Macei\u00f3 (SIMM).<\/p>\n\n\n\n<p>A medida tem como objetivo evitar a aglomera\u00e7\u00e3o de passageiros nos coletivos urbanos de Macei\u00f3 e tamb\u00e9m&nbsp;coibir o descumprimento do Decreto&nbsp;Estadual n\u00ba 69.541, que declarou situa\u00e7\u00e3o de Emerg\u00eancia no Estado de Alagoas e intensificou as medidas para o enfrentamento da emerg\u00eancia de Sa\u00fade P\u00fablica ocasionada pelo novo coronav\u00edrus.<\/p>\n\n\n\n<p>Para a publica\u00e7\u00e3o da portaria, tamb\u00e9m foi levada em considera\u00e7\u00e3o ainda a publica\u00e7\u00e3o dos&nbsp;decretos que&nbsp;suspenderam as atividades em todas as escolas das redes municipal, estadual e privada, al\u00e9m da paralisa\u00e7\u00e3o das aulas nas universidades com sede em Macei\u00f3, bem como a interrup\u00e7\u00e3o de visitas aos parques e o fechamento de shoppings e outros estabelecimentos comerciais da cidade.<\/p>\n\n\n\n<p>\u201cTodas as medidas tempor\u00e1rias para prevenir a prolifera\u00e7\u00e3o do novo coronav\u00edrus est\u00e3o sendo adotadas pela SMTT. Observamos que mesmo com a redu\u00e7\u00e3o da frota dos coletivos iniciada nesta segunda-feira (23), muitos cart\u00f5es Bem Legal na modalidade Escolar foram utilizados pelos passageiros do SIMM. Isso teoricamente n\u00e3o deveria estar ocorrendo, tendo em vista que existem decretos que suspenderam temporariamente as aulas nas escolas e universidades de Alagoas. Por este motivo a publica\u00e7\u00e3o da portaria, para evitar que este p\u00fablico fique circulando durante o per\u00edodo de isolamento social. A portaria tamb\u00e9m suspende o benef\u00edcio do Domingo \u00e9 Meia, justamente com o intuito de fazer com que todos fiquem em casa e evitem aglomera\u00e7\u00f5es\u201d, explicou o titular da SMTT, Ant\u00f4nio Moura.<\/p>\n\n\n\n<p>A SMTT recomenda que, durante este per\u00edodo de pandemia da covid-19, os cidad\u00e3os utilizem o transporte coletivo de Macei\u00f3 apenas quando for extremamente necess\u00e1rio. O \u00f3rg\u00e3o orienta ainda que antes de sair de casa, os usu\u00e1rios do SIMM consultem os hor\u00e1rios dos coletivos no aplicativo CittaMobi para evitar a exposi\u00e7\u00e3o nas ruas e o risco de cont\u00e1gio do coronav\u00edrus.<\/p>\n\n\n\n<p><strong>Informa\u00e7\u00f5es e orienta\u00e7\u00f5es sobre o Coronav\u00edrus<\/strong><\/p>\n\n\n\n<p><a href=\"http:\/\/www.maceio.al.gov.br\/2020\/03\/smtt-suspende-servicos-apos-deliberacao-do-contran\/\">SMTT suspende servi\u00e7os ap\u00f3s delibera\u00e7\u00e3o do Contran<\/a><\/p>\n\n\n\n<p><a href=\"http:\/\/www.maceio.al.gov.br\/2020\/03\/coronavirus-onibus-circularao-com-frota-reduzida\/\">Coronav\u00edrus: \u00f4nibus circular\u00e3o com frota reduzida<\/a><\/p>\n\n\n\n<p><a href=\"http:\/\/www.maceio.al.gov.br\/2020\/03\/coronavirus-recarga-do-cartao-bem-legal-pode-ser-feita-online\/\">Coronav\u00edrus: recarga do Cart\u00e3o Bem Legal pode ser feita online<\/a><\/p>\n\n\n\n<p><a href=\"http:\/\/www.maceio.al.gov.br\/2020\/03\/covid-19-prefeitura-orienta-sobre-uso-do-transporte-coletivo\/\">Covid-19: Prefeitura orienta sobre uso do transporte coletivo<\/a><\/p>\n\n\n\n<p><a href=\"http:\/\/www.maceio.al.gov.br\/2020\/03\/portaria-vai-suspender-atendimentos-oferecidos-pela-smtt\/\">Portaria vai suspender atendimentos oferecidos pela SMTT<\/a><\/p>\n\n\n\n<p><a href=\"http:\/\/www.maceio.al.gov.br\/2020\/03\/prefeitura-determina-que-empresas-distribuam-alcool-em-gel-aos-rodoviarios\/\">Prefeitura determina que empresas distribuam \u00e1lcool em gel aos rodovi\u00e1rios<\/a><\/p>\n\n\n\n<p>Ascom SMTT<\/p>\n","protected":false},"excerpt":{"rendered":"<p>A Prefeitura de Macei\u00f3, por meio da Superintend\u00eancia Municipal de Transportes e Tr\u00e2nsito (SMTT), publicar\u00e1, na edi\u00e7\u00e3o<\/p>\n","protected":false},"author":1,"featured_media":10744,"comment_status":"open","ping_status":"open","sticky":false,"template":"","format":"standard","meta":{"footnotes":""},"categories":[5],"tags":[],"class_list":["post-10743","post","type-post","status-publish","format-standard","has-post-thumbnail","hentry","category-maceio"],"_links":{"self":[{"href":"https:\/\/4cantosalagoas.com.br\/portal\/wp-json\/wp\/v2\/posts\/10743","targetHints":{"allow":["GET"]}}],"collection":[{"href":"https:\/\/4cantosalagoas.com.br\/portal\/wp-json\/wp\/v2\/posts"}],"about":[{"href":"https:\/\/4cantosalagoas.com.br\/portal\/wp-json\/wp\/v2\/types\/post"}],"author":[{"embeddable":true,"href":"https:\/\/4cantosalagoas.com.br\/portal\/wp-json\/wp\/v2\/users\/1"}],"replies":[{"embeddable":true,"href":"https:\/\/4cantosalagoas.com.br\/portal\/wp-json\/wp\/v2\/comments?post=10743"}],"version-history":[{"count":1,"href":"https:\/\/4cantosalagoas.com.br\/portal\/wp-json\/wp\/v2\/posts\/10743\/revisions"}],"predecessor-version":[{"id":10745,"href":"https:\/\/4cantosalagoas.com.br\/portal\/wp-json\/wp\/v2\/posts\/10743\/revisions\/10745"}],"wp:featuredmedia":[{"embeddable":true,"href":"https:\/\/4cantosalagoas.com.br\/portal\/wp-json\/wp\/v2\/media\/10744"}],"wp:attachment":[{"href":"https:\/\/4cantosalagoas.com.br\/portal\/wp-json\/wp\/v2\/media?parent=10743"}],"wp:term":[{"taxonomy":"category","embeddable":true,"href":"https:\/\/4cantosalagoas.com.br\/portal\/wp-json\/wp\/v2\/categories?post=10743"},{"taxonomy":"post_tag","embeddable":true,"href":"https:\/\/4cantosalagoas.com.br\/portal\/wp-json\/wp\/v2\/tags?post=10743"}],"curies":[{"name":"wp","href":"https:\/\/api.w.org\/{rel}","templated":true}]}}