{"id":10738,"date":"2020-03-23T06:45:17","date_gmt":"2020-03-23T09:45:17","guid":{"rendered":"http:\/\/4cantosalagoas.com.br\/portal\/?p=10738"},"modified":"2020-03-23T06:45:22","modified_gmt":"2020-03-23T09:45:22","slug":"prefeitura-de-campo-alegre-fecha-cidade-por-prevencao-ao-coronavirus","status":"publish","type":"post","link":"https:\/\/4cantosalagoas.com.br\/portal\/prefeitura-de-campo-alegre-fecha-cidade-por-prevencao-ao-coronavirus\/","title":{"rendered":"Prefeitura de Campo Alegre \u2018fecha\u2019 cidade por preven\u00e7\u00e3o ao coronav\u00edrus"},"content":{"rendered":"\n<figure class=\"wp-block-image\"><img fetchpriority=\"high\" decoding=\"async\" width=\"364\" height=\"314\" src=\"http:\/\/4cantosalagoas.com.br\/portal\/wp-content\/uploads\/2020\/03\/vivi.jpg\" alt=\"\" class=\"wp-image-10739\" srcset=\"https:\/\/4cantosalagoas.com.br\/portal\/wp-content\/uploads\/2020\/03\/vivi.jpg 364w, https:\/\/4cantosalagoas.com.br\/portal\/wp-content\/uploads\/2020\/03\/vivi-300x259.jpg 300w\" sizes=\"(max-width: 364px) 100vw, 364px\" \/><figcaption> <br><strong>Prefeitura de Campo Alegre \u2018fecha\u2019 cidade por preven\u00e7\u00e3o ao coronav\u00edrus<\/strong> <\/figcaption><\/figure>\n\n\n\n<p>&nbsp;Prefeitura de Campo Alegre adotou neste domingo (22) medidas extremas: a gest\u00e3o municipal decidiu bloquear os acessos de entrada da cidade por preven\u00e7\u00e3o ao novo coronav\u00edrus (Covid-19). A a\u00e7\u00e3o visa controlar e monitorar entradas e sa\u00eddas das pessoas no munic\u00edpio.<\/p>\n\n\n\n<p>O bloqueio dos acessos de entrada e sa\u00edda da cidade foram feitos \u00e1 pedido da Secretaria Municipal de Sa\u00fade, que teme que o Covid-19 chegue na cidade e acabe infectando os moradores.<\/p>\n\n\n\n<p>A secret\u00e1ria municipal de Sa\u00fade, Tamiris Santos, afirmou que o pedido foi feito para controle da prolifera\u00e7\u00e3o do v\u00edrus e de acordo com os decretos publicados pelo prefeito da cidade em concord\u00e2ncia com a Vigil\u00e2ncia em Sa\u00fade e Vigil\u00e2ncia Sanit\u00e1ria.<\/p>\n\n\n\n<p>Tamiris Santos ressaltou ainda que o isolamento social \u00e9 tamb\u00e9m uma medida de seguran\u00e7a a sa\u00fade p\u00fablica e que o bloqueio \u00e9 necess\u00e1rio neste momento.<\/p>\n\n\n\n<p>Apenas tr\u00eas entradas do munic\u00edpio ficar\u00e3o abertas neste per\u00edodo de quarentena. Uma equipe estar\u00e1 nestes locais, orientando e monitorando o fluxo de pessoas na cidade. <\/p>\n\n\n\n<p>Fonte: 7segundos<\/p>\n","protected":false},"excerpt":{"rendered":"<p>&nbsp;Prefeitura de Campo Alegre adotou neste domingo (22) medidas extremas: a gest\u00e3o municipal decidiu bloquear os acessos<\/p>\n","protected":false},"author":1,"featured_media":10739,"comment_status":"open","ping_status":"open","sticky":false,"template":"","format":"standard","meta":{"footnotes":""},"categories":[60],"tags":[],"class_list":["post-10738","post","type-post","status-publish","format-standard","has-post-thumbnail","hentry","category-capa"],"_links":{"self":[{"href":"https:\/\/4cantosalagoas.com.br\/portal\/wp-json\/wp\/v2\/posts\/10738","targetHints":{"allow":["GET"]}}],"collection":[{"href":"https:\/\/4cantosalagoas.com.br\/portal\/wp-json\/wp\/v2\/posts"}],"about":[{"href":"https:\/\/4cantosalagoas.com.br\/portal\/wp-json\/wp\/v2\/types\/post"}],"author":[{"embeddable":true,"href":"https:\/\/4cantosalagoas.com.br\/portal\/wp-json\/wp\/v2\/users\/1"}],"replies":[{"embeddable":true,"href":"https:\/\/4cantosalagoas.com.br\/portal\/wp-json\/wp\/v2\/comments?post=10738"}],"version-history":[{"count":1,"href":"https:\/\/4cantosalagoas.com.br\/portal\/wp-json\/wp\/v2\/posts\/10738\/revisions"}],"predecessor-version":[{"id":10740,"href":"https:\/\/4cantosalagoas.com.br\/portal\/wp-json\/wp\/v2\/posts\/10738\/revisions\/10740"}],"wp:featuredmedia":[{"embeddable":true,"href":"https:\/\/4cantosalagoas.com.br\/portal\/wp-json\/wp\/v2\/media\/10739"}],"wp:attachment":[{"href":"https:\/\/4cantosalagoas.com.br\/portal\/wp-json\/wp\/v2\/media?parent=10738"}],"wp:term":[{"taxonomy":"category","embeddable":true,"href":"https:\/\/4cantosalagoas.com.br\/portal\/wp-json\/wp\/v2\/categories?post=10738"},{"taxonomy":"post_tag","embeddable":true,"href":"https:\/\/4cantosalagoas.com.br\/portal\/wp-json\/wp\/v2\/tags?post=10738"}],"curies":[{"name":"wp","href":"https:\/\/api.w.org\/{rel}","templated":true}]}}