{"id":10560,"date":"2020-03-07T07:59:10","date_gmt":"2020-03-07T10:59:10","guid":{"rendered":"http:\/\/4cantosalagoas.com.br\/portal\/?p=10560"},"modified":"2020-03-07T07:59:19","modified_gmt":"2020-03-07T10:59:19","slug":"policia-civil-tem-mudanca-de-comando-em-diversas-unidades","status":"publish","type":"post","link":"https:\/\/4cantosalagoas.com.br\/portal\/policia-civil-tem-mudanca-de-comando-em-diversas-unidades\/","title":{"rendered":"Pol\u00edcia Civil tem mudan\u00e7a de comando em diversas unidades"},"content":{"rendered":"\n<figure class=\"wp-block-image\"><img fetchpriority=\"high\" decoding=\"async\" width=\"752\" height=\"987\" src=\"http:\/\/4cantosalagoas.com.br\/portal\/wp-content\/uploads\/2020\/02\/Foto-logo-pc.jpg\" alt=\"\" class=\"wp-image-10366\" srcset=\"https:\/\/4cantosalagoas.com.br\/portal\/wp-content\/uploads\/2020\/02\/Foto-logo-pc.jpg 752w, https:\/\/4cantosalagoas.com.br\/portal\/wp-content\/uploads\/2020\/02\/Foto-logo-pc-229x300.jpg 229w\" sizes=\"(max-width: 752px) 100vw, 752px\" \/><figcaption>Assessoria\n\n\n\n<\/figcaption><\/figure>\n\n\n\n<p>O Di\u00e1rio Oficial do Estado (DOE), desta sexta-feira (6), trouxe v\u00e1rias mudan\u00e7as em diversos setores da Pol\u00edcia Civil de Alagoas. Os decretos, assinados pelo governador Renan Filho, promoveram o remanejamento no comando de cargos que abrangem diretoria, delegacias regionais e unidades da PC no Estado.<\/p>\n\n\n\n<p>A delegada Ana Luzia Nogueira deixa a Ger\u00eancia de Pol\u00edcia Judici\u00e1ria da Regi\u00e3o 1 (GPJ 1) e assume a Ger\u00eancia de Estat\u00edstica e Inform\u00e1tica (Geinfo), que antes era comandada pela delegada B\u00e1rbara Arraes, que vai assumir a GPJ 1.<\/p>\n\n\n\n<p>O delegado Carlos Alberto Reis deixa a Ger\u00eancia de Pol\u00edcia Judici\u00e1ria da Regi\u00e3o 2 e vai comandar a Ger\u00eancia de Pol\u00edcia Judici\u00e1ria da Regi\u00e3o 4. O delegado Cicero Lima que era da GPJ 4, passa a ser o titular da GPJ 2.<\/p>\n\n\n\n<p>O delegado Gustavo Henrique da Delegacia de Narc\u00f3ticos (Denarc) vai comandar a Ger\u00eancia de Recursos Especiais (GRE), antes ocupada pelo delegado F\u00e1bio Costa.<\/p>\n\n\n\n<p>O delegado Jos\u00e9 Carlos dos Santos, que estava na Delegacia de Roubos da Capital (DERC), substitui o delegado Thiago Prado, na Se\u00e7\u00e3o Antissequestro e Crimes Cibern\u00e9ticos.<\/p>\n\n\n\n<p>Ant\u00f4nio Nunes, da Delegacia Regional de Novo Lino, comandar\u00e1 a Delegacia Regional de Uni\u00e3o dos Palmares, antes ocupada pelo delegado Valter Nascimento, que responder\u00e1 pela Regional de Novo Lino.<\/p>\n\n\n\n<p>Os delegados Gustavo Xavier e Jo\u00e3o Marcello trocam de lugar. O primeiro vai para a Delegacia Regional de S\u00e3o Miguel dos Campos , enquanto Jo\u00e3o Marcello responder\u00e1 por Penedo.<\/p>\n\n\n\n<p>Rodrigo Cavalcanti assume a Delegacia Regional de Santana do Ipanema, em substitui\u00e7\u00e3o a Hugo Leonardo que ir\u00e1 para a Regional de Delmiro Gouveia, numa permuta entre as duas autoridades policiais.<\/p>\n\n\n\n<p>Para a dire\u00e7\u00e3o da Pol\u00edcia Civil as mudan\u00e7as s\u00e3o rotina, fato comum que acontece vez por outra em \u00f3rg\u00e3os da \u00e1rea da seguran\u00e7a p\u00fablica.<\/p>\n\n\n\n<p>Assessoria<\/p>\n","protected":false},"excerpt":{"rendered":"<p>O Di\u00e1rio Oficial do Estado (DOE), desta sexta-feira (6), trouxe v\u00e1rias mudan\u00e7as em diversos setores da Pol\u00edcia<\/p>\n","protected":false},"author":1,"featured_media":5761,"comment_status":"open","ping_status":"open","sticky":false,"template":"","format":"standard","meta":{"footnotes":""},"categories":[60],"tags":[],"class_list":["post-10560","post","type-post","status-publish","format-standard","has-post-thumbnail","hentry","category-capa"],"_links":{"self":[{"href":"https:\/\/4cantosalagoas.com.br\/portal\/wp-json\/wp\/v2\/posts\/10560","targetHints":{"allow":["GET"]}}],"collection":[{"href":"https:\/\/4cantosalagoas.com.br\/portal\/wp-json\/wp\/v2\/posts"}],"about":[{"href":"https:\/\/4cantosalagoas.com.br\/portal\/wp-json\/wp\/v2\/types\/post"}],"author":[{"embeddable":true,"href":"https:\/\/4cantosalagoas.com.br\/portal\/wp-json\/wp\/v2\/users\/1"}],"replies":[{"embeddable":true,"href":"https:\/\/4cantosalagoas.com.br\/portal\/wp-json\/wp\/v2\/comments?post=10560"}],"version-history":[{"count":1,"href":"https:\/\/4cantosalagoas.com.br\/portal\/wp-json\/wp\/v2\/posts\/10560\/revisions"}],"predecessor-version":[{"id":10561,"href":"https:\/\/4cantosalagoas.com.br\/portal\/wp-json\/wp\/v2\/posts\/10560\/revisions\/10561"}],"wp:featuredmedia":[{"embeddable":true,"href":"https:\/\/4cantosalagoas.com.br\/portal\/wp-json\/wp\/v2\/media\/5761"}],"wp:attachment":[{"href":"https:\/\/4cantosalagoas.com.br\/portal\/wp-json\/wp\/v2\/media?parent=10560"}],"wp:term":[{"taxonomy":"category","embeddable":true,"href":"https:\/\/4cantosalagoas.com.br\/portal\/wp-json\/wp\/v2\/categories?post=10560"},{"taxonomy":"post_tag","embeddable":true,"href":"https:\/\/4cantosalagoas.com.br\/portal\/wp-json\/wp\/v2\/tags?post=10560"}],"curies":[{"name":"wp","href":"https:\/\/api.w.org\/{rel}","templated":true}]}}