{"id":10431,"date":"2020-02-26T08:03:29","date_gmt":"2020-02-26T11:03:29","guid":{"rendered":"http:\/\/4cantosalagoas.com.br\/portal\/?p=10431"},"modified":"2020-02-26T08:03:38","modified_gmt":"2020-02-26T11:03:38","slug":"crianca-de-9-anos-morre-em-acidente-com-moto-ocupada-por-tres-pessoas-na-al-115","status":"publish","type":"post","link":"https:\/\/4cantosalagoas.com.br\/portal\/crianca-de-9-anos-morre-em-acidente-com-moto-ocupada-por-tres-pessoas-na-al-115\/","title":{"rendered":"Crian\u00e7a de 9 anos morre em acidente com moto ocupada por tr\u00eas pessoas na AL 115"},"content":{"rendered":"\n<figure class=\"wp-block-image\"><img fetchpriority=\"high\" decoding=\"async\" width=\"1005\" height=\"715\" src=\"http:\/\/4cantosalagoas.com.br\/portal\/wp-content\/uploads\/2020\/02\/4e4e.jpg\" alt=\"\" class=\"wp-image-10432\" srcset=\"https:\/\/4cantosalagoas.com.br\/portal\/wp-content\/uploads\/2020\/02\/4e4e.jpg 1005w, https:\/\/4cantosalagoas.com.br\/portal\/wp-content\/uploads\/2020\/02\/4e4e-300x213.jpg 300w, https:\/\/4cantosalagoas.com.br\/portal\/wp-content\/uploads\/2020\/02\/4e4e-768x546.jpg 768w\" sizes=\"(max-width: 1005px) 100vw, 1005px\" \/><figcaption> <br>Imagens Cortesia BPRv <\/figcaption><\/figure>\n\n\n\n<p>O motociclista Jos\u00e9 Edvanio Pedro da Silva, foi socorrido junto com uma mulher, Jessiele da Silva Oliveira, na noite desta segunda-feira (24), ap\u00f3s um acidente de tr\u00e2nsito que provocou a morte de uma crian\u00e7a na rodovia estadual AL 115, em frente ao Campus da UFAL, Arapiraca.<\/p>\n\n\n\n<p>As v\u00edtimas ocupavam uma motocicleta Honda XRE 300, cor preta, placa PDR-2541\/AL.<\/p>\n\n\n\n<p>As informa\u00e7\u00f5es do Batalh\u00e3o de Policiamento Rodovi\u00e1rio (BPRv), apontam que o motociclista perdeu o controle do ve\u00edculo, antes de invadir a contram\u00e3o da pista e atingir uma arvore as margens da rodovia.<\/p>\n\n\n\n<p>No impacto, uma menina E.V.S, de apenas 9 anos, morreu na hora. Ela n\u00e3o utilizava capacete.<\/p>\n\n\n\n<p>O casal ferido, pa\u00eds da crian\u00e7a, foi socorrido por equipes do Servi\u00e7o de Atendimento M\u00f3vel de Urg\u00eancia (SAMU) e encaminhado para o Hospital de Emerg\u00eancia do Agreste. O corpo da crian\u00e7a foi recolhido pelo IML.<\/p>\n\n\n\n<p>As v\u00edtimas viajavam no sentido Igaci\/Arapiraca.<\/p>\n\n\n\n<p>Fonte: Alagoasweb<\/p>\n","protected":false},"excerpt":{"rendered":"<p>O motociclista Jos\u00e9 Edvanio Pedro da Silva, foi socorrido junto com uma mulher, Jessiele da Silva Oliveira,<\/p>\n","protected":false},"author":1,"featured_media":10432,"comment_status":"open","ping_status":"open","sticky":false,"template":"","format":"standard","meta":{"footnotes":""},"categories":[60],"tags":[],"class_list":["post-10431","post","type-post","status-publish","format-standard","has-post-thumbnail","hentry","category-capa"],"_links":{"self":[{"href":"https:\/\/4cantosalagoas.com.br\/portal\/wp-json\/wp\/v2\/posts\/10431","targetHints":{"allow":["GET"]}}],"collection":[{"href":"https:\/\/4cantosalagoas.com.br\/portal\/wp-json\/wp\/v2\/posts"}],"about":[{"href":"https:\/\/4cantosalagoas.com.br\/portal\/wp-json\/wp\/v2\/types\/post"}],"author":[{"embeddable":true,"href":"https:\/\/4cantosalagoas.com.br\/portal\/wp-json\/wp\/v2\/users\/1"}],"replies":[{"embeddable":true,"href":"https:\/\/4cantosalagoas.com.br\/portal\/wp-json\/wp\/v2\/comments?post=10431"}],"version-history":[{"count":1,"href":"https:\/\/4cantosalagoas.com.br\/portal\/wp-json\/wp\/v2\/posts\/10431\/revisions"}],"predecessor-version":[{"id":10433,"href":"https:\/\/4cantosalagoas.com.br\/portal\/wp-json\/wp\/v2\/posts\/10431\/revisions\/10433"}],"wp:featuredmedia":[{"embeddable":true,"href":"https:\/\/4cantosalagoas.com.br\/portal\/wp-json\/wp\/v2\/media\/10432"}],"wp:attachment":[{"href":"https:\/\/4cantosalagoas.com.br\/portal\/wp-json\/wp\/v2\/media?parent=10431"}],"wp:term":[{"taxonomy":"category","embeddable":true,"href":"https:\/\/4cantosalagoas.com.br\/portal\/wp-json\/wp\/v2\/categories?post=10431"},{"taxonomy":"post_tag","embeddable":true,"href":"https:\/\/4cantosalagoas.com.br\/portal\/wp-json\/wp\/v2\/tags?post=10431"}],"curies":[{"name":"wp","href":"https:\/\/api.w.org\/{rel}","templated":true}]}}