{"id":10417,"date":"2020-02-23T08:47:02","date_gmt":"2020-02-23T11:47:02","guid":{"rendered":"http:\/\/4cantosalagoas.com.br\/portal\/?p=10417"},"modified":"2020-02-23T08:47:11","modified_gmt":"2020-02-23T11:47:11","slug":"carnaval-de-maceio-anima-oito-polos-neste-domingo","status":"publish","type":"post","link":"https:\/\/4cantosalagoas.com.br\/portal\/carnaval-de-maceio-anima-oito-polos-neste-domingo\/","title":{"rendered":"Carnaval de Macei\u00f3 anima oito polos neste domingo"},"content":{"rendered":"\n<figure class=\"wp-block-image\"><img fetchpriority=\"high\" decoding=\"async\" width=\"1619\" height=\"1080\" src=\"https:\/\/i0.wp.com\/4cantosalagoas.com.br\/portal\/wp-content\/uploads\/2020\/02\/03MA-Carnaval-no-Benedito-Bentes-56.jpg?fit=1024%2C683\" alt=\"\" class=\"wp-image-10418\" srcset=\"https:\/\/4cantosalagoas.com.br\/portal\/wp-content\/uploads\/2020\/02\/03MA-Carnaval-no-Benedito-Bentes-56.jpg 1619w, https:\/\/4cantosalagoas.com.br\/portal\/wp-content\/uploads\/2020\/02\/03MA-Carnaval-no-Benedito-Bentes-56-300x200.jpg 300w, https:\/\/4cantosalagoas.com.br\/portal\/wp-content\/uploads\/2020\/02\/03MA-Carnaval-no-Benedito-Bentes-56-768x512.jpg 768w, https:\/\/4cantosalagoas.com.br\/portal\/wp-content\/uploads\/2020\/02\/03MA-Carnaval-no-Benedito-Bentes-56-1024x683.jpg 1024w\" sizes=\"(max-width: 1619px) 100vw, 1619px\" \/><figcaption> <br>Bloco As Bonecas do Biu e shows v\u00e3o animar o Benedito Bentes.\u00a0Foto: Marco Antonio\/ Secom Macei\u00f3 <\/figcaption><\/figure>\n\n\n\n<p>De Fern\u00e3o Velho a Ipioca e do Pontal da Barra ao Benedito Bentes. N\u00e3o vai faltar folia na capital alagoana, neste domingo (23), com a programa\u00e7\u00e3o do Carnaval de Macei\u00f3. A Prefeitura, por meio da Funda\u00e7\u00e3o Municipal de A\u00e7\u00e3o Cultural (Fmac), promove uma programa\u00e7\u00e3o descentralizada em oito polos com o objetivo de fortalecer a pluralidade cultural e fomentar as atividades tradicionais nas partes alta e baixa da cidade.<\/p>\n\n\n\n<p>As festas ser\u00e3o realizadas por Organiza\u00e7\u00f5es da Sociedade Civil selecionadas por meio de edital, que destinou o total de R$ 140 mil para custeios de produ\u00e7\u00e3o. A Fmac tamb\u00e9m contemplou 55 blocos, dois coletivos culturais e uma escola de samba da capital. Al\u00e9m do fomento cedido por chamada p\u00fablica, a Prefeitura tamb\u00e9m ir\u00e1 fornecer a estrutura necess\u00e1ria para a realiza\u00e7\u00e3o do evento, como palco, som, ilumina\u00e7\u00e3o e banheiros qu\u00edmicos.<\/p>\n\n\n\n<p><strong>Confira a programa\u00e7\u00e3o<\/strong><\/p>\n\n\n\n<p><strong>POLO JARAGU\u00c1<\/strong><\/p>\n\n\n\n<p>19h \u2013 CarnaRock<\/p>\n\n\n\n<p>Cheiro de Calcinha<\/p>\n\n\n\n<p>Gigavolt<\/p>\n\n\n\n<p>Atrito 82<\/p>\n\n\n\n<p>Purehate<\/p>\n\n\n\n<p>Duality<\/p>\n\n\n\n<p>Powerslave<\/p>\n\n\n\n<p>Mastrermind<\/p>\n\n\n\n<p>Princ\u00edpio Autoral<\/p>\n\n\n\n<p>Avante<\/p>\n\n\n\n<p><strong>POLO IPIOCA<\/strong><\/p>\n\n\n\n<p><em>Local: Alto de Ipioca<\/em><\/p>\n\n\n\n<p>20h \u2013 Orquestra Frevo Classe<\/p>\n\n\n\n<p>23h \u2013 Wil Quebradeira<\/p>\n\n\n\n<p><strong>POLO FERN\u00c3O&nbsp; VELHO<\/strong><\/p>\n\n\n\n<p><em>Local: Pra\u00e7a S\u00e3o Jos\u00e9<\/em><\/p>\n\n\n\n<p>10h \u2013 Bloco do Chambaril<\/p>\n\n\n\n<p>Bloco Locomotiva<\/p>\n\n\n\n<p>16h \u2013 Bloco Pilequinho<\/p>\n\n\n\n<p>19h \u2013&nbsp; Prof. Marcio Zumba e fitdance<\/p>\n\n\n\n<p>20h \u2013&nbsp; Marcia Fernanda<\/p>\n\n\n\n<p>23h \u2013&nbsp; Mister Shake<\/p>\n\n\n\n<p><strong>POLO PONTAL DA BARRA<\/strong><\/p>\n\n\n\n<p><em>Local: Pra\u00e7a Caio Porto<\/em><\/p>\n\n\n\n<p>22h \u2013 Mauro e Orquestra de Frevo<\/p>\n\n\n\n<p><strong>POLO JACINTINHO<\/strong><\/p>\n\n\n\n<p><em>Local: Pra\u00e7a do Mirante<\/em><\/p>\n\n\n\n<p>21h \u2013 Orquestra de frevo Furac\u00e3o<\/p>\n\n\n\n<p>23h \u2013 Banda Wil Malcriado<\/p>\n\n\n\n<p><strong>POLO BENEDITO BENTES<\/strong><\/p>\n\n\n\n<p>9h \u2013 Bloco As Bonecas do Biu<\/p>\n\n\n\n<p>(Concentra\u00e7\u00e3o: Em frente \u00e0 Creche Breno Agra)<\/p>\n\n\n\n<p>Palco \u2013&nbsp;<em>Local:&nbsp;Pra\u00e7a de Esportes<\/em><\/p>\n\n\n\n<p>12h \u2013 Nen\u00e9m Estourado<\/p>\n\n\n\n<p>14h- Harry \u2013 O Top das Bregadeiras<\/p>\n\n\n\n<p><strong>POLO PONTA GROSSA<\/strong><\/p>\n\n\n\n<p><em>Local: Pra\u00e7a Moleque Namorador<\/em><\/p>\n\n\n\n<p>15h \u2013 Matin\u00ea Infanto-juvenil<\/p>\n\n\n\n<p>Desfile de fantasias e dan\u00e7as<\/p>\n\n\n\n<p>20h \u2013 Ivana Pink e Banda<\/p>\n\n\n\n<p>Apresenta\u00e7\u00e3o e coroa\u00e7\u00e3o da Rainha da Moleque<\/p>\n\n\n\n<p>0h \u2013 Orquestra de frevo Moleque Namorador<\/p>\n\n\n\n<p><strong>POLO ORLA<\/strong><\/p>\n\n\n\n<p>10h \u00e0s 13h \u2013 Desfile de blocos<\/p>\n\n\n\n<p>14h \u00e0s 16h \u2013 Concentra\u00e7\u00e3o dos Blocos Pra\u00e7a 7 Coqueiros (Orquestra tocando Fixa)<\/p>\n\n\n\n<p>15:30h \u2013 Desfile do Rei Momo e Rainha do Carnaval<\/p>\n\n\n\n<p>16h \u2013 Bloco N\u00eaga Ful\u00f4<\/p>\n\n\n\n<p>17h \u2013 Bloco Mam\u00e3e eu Quero<\/p>\n\n\n\n<p>17:30h \u2013 Bloco Infanto-Juvenil Sonho Encantado<\/p>\n\n\n\n<p>20h \u2013 Bloco Forrozeiros na Folia<\/p>\n\n\n\n<p><em>Palco na Ponta Verde, pr\u00f3ximo ao Totem \u201cEu Amo Macei\u00f3\u201d<\/em><\/p>\n\n\n\n<p>15h \u00e0s 19h \u2013 Orquestra de Frevo<\/p>\n\n\n\n<p>Secom Macei\u00f3<\/p>\n","protected":false},"excerpt":{"rendered":"<p>De Fern\u00e3o Velho a Ipioca e do Pontal da Barra ao Benedito Bentes. N\u00e3o vai faltar folia<\/p>\n","protected":false},"author":1,"featured_media":10418,"comment_status":"open","ping_status":"open","sticky":false,"template":"","format":"standard","meta":{"footnotes":""},"categories":[5],"tags":[],"class_list":["post-10417","post","type-post","status-publish","format-standard","has-post-thumbnail","hentry","category-maceio"],"_links":{"self":[{"href":"https:\/\/4cantosalagoas.com.br\/portal\/wp-json\/wp\/v2\/posts\/10417","targetHints":{"allow":["GET"]}}],"collection":[{"href":"https:\/\/4cantosalagoas.com.br\/portal\/wp-json\/wp\/v2\/posts"}],"about":[{"href":"https:\/\/4cantosalagoas.com.br\/portal\/wp-json\/wp\/v2\/types\/post"}],"author":[{"embeddable":true,"href":"https:\/\/4cantosalagoas.com.br\/portal\/wp-json\/wp\/v2\/users\/1"}],"replies":[{"embeddable":true,"href":"https:\/\/4cantosalagoas.com.br\/portal\/wp-json\/wp\/v2\/comments?post=10417"}],"version-history":[{"count":1,"href":"https:\/\/4cantosalagoas.com.br\/portal\/wp-json\/wp\/v2\/posts\/10417\/revisions"}],"predecessor-version":[{"id":10419,"href":"https:\/\/4cantosalagoas.com.br\/portal\/wp-json\/wp\/v2\/posts\/10417\/revisions\/10419"}],"wp:featuredmedia":[{"embeddable":true,"href":"https:\/\/4cantosalagoas.com.br\/portal\/wp-json\/wp\/v2\/media\/10418"}],"wp:attachment":[{"href":"https:\/\/4cantosalagoas.com.br\/portal\/wp-json\/wp\/v2\/media?parent=10417"}],"wp:term":[{"taxonomy":"category","embeddable":true,"href":"https:\/\/4cantosalagoas.com.br\/portal\/wp-json\/wp\/v2\/categories?post=10417"},{"taxonomy":"post_tag","embeddable":true,"href":"https:\/\/4cantosalagoas.com.br\/portal\/wp-json\/wp\/v2\/tags?post=10417"}],"curies":[{"name":"wp","href":"https:\/\/api.w.org\/{rel}","templated":true}]}}