{"id":10411,"date":"2020-02-20T07:32:20","date_gmt":"2020-02-20T10:32:20","guid":{"rendered":"http:\/\/4cantosalagoas.com.br\/portal\/?p=10411"},"modified":"2020-02-20T07:32:27","modified_gmt":"2020-02-20T10:32:27","slug":"confira-os-horarios-dos-mercados-e-feiras-no-carnaval","status":"publish","type":"post","link":"https:\/\/4cantosalagoas.com.br\/portal\/confira-os-horarios-dos-mercados-e-feiras-no-carnaval\/","title":{"rendered":"Confira os hor\u00e1rios dos mercados e feiras no Carnaval"},"content":{"rendered":"\n<figure class=\"wp-block-image\"><img fetchpriority=\"high\" decoding=\"async\" width=\"1024\" height=\"576\" src=\"https:\/\/i1.wp.com\/4cantosalagoas.com.br\/portal\/wp-content\/uploads\/2020\/02\/merc.jpg?fit=1024%2C576\" alt=\"\" class=\"wp-image-10412\" srcset=\"https:\/\/4cantosalagoas.com.br\/portal\/wp-content\/uploads\/2020\/02\/merc.jpg 1024w, https:\/\/4cantosalagoas.com.br\/portal\/wp-content\/uploads\/2020\/02\/merc-300x169.jpg 300w, https:\/\/4cantosalagoas.com.br\/portal\/wp-content\/uploads\/2020\/02\/merc-768x432.jpg 768w\" sizes=\"(max-width: 1024px) 100vw, 1024px\" \/><figcaption> <br>Foto: Ascom Semtabes <\/figcaption><\/figure>\n\n\n\n<p> A Secretaria Municipal de Trabalho, Abastecimento e Economia Solid\u00e1ria (Semtabes) informa que os mercados e feiras de Macei\u00f3 funcionar\u00e3o em hor\u00e1rio especial no feriad\u00e3o de Carnaval. <\/p>\n\n\n\n<p><strong>Confira os hor\u00e1rios de funcionamento:<\/strong><\/p>\n\n\n\n<p><strong>Mercado do Artesanato:&nbsp;<\/strong>s\u00e1bado (22) hor\u00e1rio normal, das 7h \u00e0s 17h, domingo (23) fechado, segunda (24) hor\u00e1rio normal, ter\u00e7a (25) fechado, quarta (26) funciona a partir das 12h;<\/p>\n\n\n\n<p><strong>Mercado da Produ\u00e7\u00e3o:<\/strong>&nbsp;funciona normalmente, das 7h \u00e0s 15h, todos os dias;<\/p>\n\n\n\n<p><strong>Mercado do Tabuleiro:&nbsp;<\/strong>funciona normalmente, das 7h \u00e0s 14h, todos os dias;<\/p>\n\n\n\n<p><strong>Mercado do Jacintinho:&nbsp;<\/strong>fechado na segunda (24) e na ter\u00e7a-feira (25);<\/p>\n\n\n\n<p><strong>Mercado do Benedito Bentes:&nbsp;<\/strong>fechado apenas ter\u00e7a-feira (25);<\/p>\n\n\n\n<p><strong>Mercado do Bebedouro:&nbsp;<\/strong>funciona na sexta-feira (21) e no s\u00e1bado (22);<\/p>\n\n\n\n<p><strong>Shopping Popular:&nbsp;<\/strong>funciona normal no s\u00e1bado (23), das 07h \u00e0s 17h, e reabre na quarta-feira (26) a partir das 12h.<\/p>\n\n\n\n<p>Ascom Semtabes<\/p>\n","protected":false},"excerpt":{"rendered":"<p>A Secretaria Municipal de Trabalho, Abastecimento e Economia Solid\u00e1ria (Semtabes) informa que os mercados e feiras de<\/p>\n","protected":false},"author":1,"featured_media":10412,"comment_status":"open","ping_status":"open","sticky":false,"template":"","format":"standard","meta":{"footnotes":""},"categories":[60],"tags":[],"class_list":["post-10411","post","type-post","status-publish","format-standard","has-post-thumbnail","hentry","category-capa"],"_links":{"self":[{"href":"https:\/\/4cantosalagoas.com.br\/portal\/wp-json\/wp\/v2\/posts\/10411","targetHints":{"allow":["GET"]}}],"collection":[{"href":"https:\/\/4cantosalagoas.com.br\/portal\/wp-json\/wp\/v2\/posts"}],"about":[{"href":"https:\/\/4cantosalagoas.com.br\/portal\/wp-json\/wp\/v2\/types\/post"}],"author":[{"embeddable":true,"href":"https:\/\/4cantosalagoas.com.br\/portal\/wp-json\/wp\/v2\/users\/1"}],"replies":[{"embeddable":true,"href":"https:\/\/4cantosalagoas.com.br\/portal\/wp-json\/wp\/v2\/comments?post=10411"}],"version-history":[{"count":1,"href":"https:\/\/4cantosalagoas.com.br\/portal\/wp-json\/wp\/v2\/posts\/10411\/revisions"}],"predecessor-version":[{"id":10413,"href":"https:\/\/4cantosalagoas.com.br\/portal\/wp-json\/wp\/v2\/posts\/10411\/revisions\/10413"}],"wp:featuredmedia":[{"embeddable":true,"href":"https:\/\/4cantosalagoas.com.br\/portal\/wp-json\/wp\/v2\/media\/10412"}],"wp:attachment":[{"href":"https:\/\/4cantosalagoas.com.br\/portal\/wp-json\/wp\/v2\/media?parent=10411"}],"wp:term":[{"taxonomy":"category","embeddable":true,"href":"https:\/\/4cantosalagoas.com.br\/portal\/wp-json\/wp\/v2\/categories?post=10411"},{"taxonomy":"post_tag","embeddable":true,"href":"https:\/\/4cantosalagoas.com.br\/portal\/wp-json\/wp\/v2\/tags?post=10411"}],"curies":[{"name":"wp","href":"https:\/\/api.w.org\/{rel}","templated":true}]}}